{"id":143,"date":"2026-06-02T13:19:39","date_gmt":"2026-06-02T13:19:39","guid":{"rendered":"https:\/\/gundem44.com.tr\/?p=143"},"modified":"2026-06-02T13:19:40","modified_gmt":"2026-06-02T13:19:40","slug":"malatyada-esini-bicaklayarak-oldurmustu-o-cani-kocaya-agirlastirilmis-muebbet","status":"publish","type":"post","link":"https:\/\/gundem44.com.tr\/?p=143","title":{"rendered":"Malatya&#8217;da e\u015fini b\u0131\u00e7aklayarak \u00f6ld\u00fcrm\u00fc\u015ft\u00fc: O cani kocaya a\u011f\u0131rla\u015ft\u0131r\u0131lm\u0131\u015f m\u00fcebbet"},"content":{"rendered":"\n<p class=\"wp-block-paragraph\">Malatya&#8217;n\u0131n Ye\u015filyurt il\u00e7esinde dini nikahl\u0131 e\u015fi Eylem Ye\u015filkaya&#8217;y\u0131 b\u0131\u00e7aklayarak \u00f6ld\u00fcren san\u0131k \u00d6zcan Ye\u015filkaya, yarg\u0131land\u0131\u011f\u0131 davada a\u011f\u0131rla\u015ft\u0131r\u0131lm\u0131\u015f m\u00fcebbet hapis cezas\u0131na \u00e7arpt\u0131r\u0131ld\u0131.<\/p>\n\n\n\n<p class=\"wp-block-paragraph\">Olay, 13 Temmuz 2025 tarihinde Ye\u015filyurt il\u00e7esi Samank\u00f6y Konteyner Kent&#8217;te meydana geldi. \u0130ddiaya g\u00f6re, bir s\u00fcredir aralar\u0131nda ge\u00e7imsizlik bulundu\u011fu \u00f6ne s\u00fcr\u00fclen \u00d6zcan Ye\u015filkaya ile dini nikahl\u0131 e\u015fi Eylem Ye\u015filkaya (25) aras\u0131nda tart\u0131\u015fma \u00e7\u0131kt\u0131.<\/p>\n\n\n\n<figure class=\"wp-block-image\"><img decoding=\"async\" src=\"https:\/\/iasbh.tmgrup.com.tr\/310d10\/0\/0\/0\/0\/0\/0?u=https:\/\/isbh.tmgrup.com.tr\/sbh\/2026\/06\/02\/1780403805211.jpg&amp;mw=600\" alt=\"\" title=\"1780403805211.jpg\"\/><\/figure>\n\n\n\n<p class=\"wp-block-paragraph\"><strong>GEN\u00c7 KADIN HAYATINI KAYBETM\u0130\u015eT\u0130<\/strong><\/p>\n\n\n\n<p class=\"wp-block-paragraph\">Tart\u0131\u015fman\u0131n b\u00fcy\u00fcmesi \u00fczerine \u00d6zcan Ye\u015filkaya, 2 \u00e7ocuk annesi Eylem Ye\u015filkaya&#8217;y\u0131 v\u00fccudunun \u00e7e\u015fitli yerlerinden 20&#8217;den fazla b\u0131\u00e7ak darbesiyle a\u011f\u0131r yaralad\u0131. \u0130hbar \u00fczerine olay yerine sevk edilen sa\u011fl\u0131k ekiplerince&nbsp;<a href=\"https:\/\/www.sabah.com.tr\/haberleri\/malatya\" target=\"_blank\" rel=\"noreferrer noopener\">Malatya<\/a>&nbsp;E\u011fitim ve Ara\u015ft\u0131rma Hastanesi&#8217;ne kald\u0131r\u0131lan gen\u00e7 kad\u0131n, burada yap\u0131lan t\u00fcm m\u00fcdahalelere ra\u011fmen kurtar\u0131lamad\u0131. Olay\u0131n ard\u0131ndan g\u00f6zalt\u0131na al\u0131narak tutuklanan san\u0131k hakk\u0131nda a\u00e7\u0131lan davan\u0131n karar duru\u015fmas\u0131 Malatya 5. A\u011f\u0131r Ceza Mahkemesi&#8217;nde g\u00f6r\u00fcld\u00fc. Duru\u015fmaya tutuklu san\u0131k \u00d6zcan Ye\u015filkaya ile taraf avukatlar\u0131 kat\u0131ld\u0131.<\/p>\n\n\n\n<figure class=\"wp-block-image\"><img decoding=\"async\" src=\"https:\/\/iasbh.tmgrup.com.tr\/f9fc57\/0\/0\/0\/0\/0\/0?u=https:\/\/isbh.tmgrup.com.tr\/sbh\/2026\/06\/02\/1780403804758.jpg&amp;mw=600\" alt=\"\" title=\"1780403804758.jpg\"\/><\/figure>\n\n\n\n<p class=\"wp-block-paragraph\"><strong>TUTUKLULUK HAL\u0130 DEVAM ED\u0130YOR<\/strong><\/p>\n\n\n\n<p class=\"wp-block-paragraph\">Mahkeme heyeti, san\u0131\u011f\u0131 &#8220;kad\u0131na kar\u015f\u0131 kasten \u00f6ld\u00fcrme&#8221; su\u00e7undan herhangi bir indirim uygulamaks\u0131z\u0131n a\u011f\u0131rla\u015ft\u0131r\u0131lm\u0131\u015f m\u00fcebbet hapis cezas\u0131na mahkum etti. Heyet ayr\u0131ca san\u0131\u011f\u0131n tutukluluk halinin devam\u0131na karar verdi.<\/p>\n","protected":false},"excerpt":{"rendered":"<p>Malatya&#8217;n\u0131n Ye\u015filyurt il\u00e7esinde dini nikahl\u0131 e\u015fi Eylem Ye\u015filkaya&#8217;y\u0131 b\u0131\u00e7aklayarak \u00f6ld\u00fcren san\u0131k \u00d6zcan Ye\u015filkaya, yarg\u0131land\u0131\u011f\u0131 davada&#8230;<\/p>\n","protected":false},"author":1,"featured_media":144,"comment_status":"open","ping_status":"open","sticky":false,"template":"","format":"standard","meta":{"footnotes":""},"categories":[1],"tags":[],"class_list":["post-143","post","type-post","status-publish","format-standard","has-post-thumbnail","hentry","category-malatya-gundemi"],"_links":{"self":[{"href":"https:\/\/gundem44.com.tr\/index.php?rest_route=\/wp\/v2\/posts\/143","targetHints":{"allow":["GET"]}}],"collection":[{"href":"https:\/\/gundem44.com.tr\/index.php?rest_route=\/wp\/v2\/posts"}],"about":[{"href":"https:\/\/gundem44.com.tr\/index.php?rest_route=\/wp\/v2\/types\/post"}],"author":[{"embeddable":true,"href":"https:\/\/gundem44.com.tr\/index.php?rest_route=\/wp\/v2\/users\/1"}],"replies":[{"embeddable":true,"href":"https:\/\/gundem44.com.tr\/index.php?rest_route=%2Fwp%2Fv2%2Fcomments&post=143"}],"version-history":[{"count":1,"href":"https:\/\/gundem44.com.tr\/index.php?rest_route=\/wp\/v2\/posts\/143\/revisions"}],"predecessor-version":[{"id":145,"href":"https:\/\/gundem44.com.tr\/index.php?rest_route=\/wp\/v2\/posts\/143\/revisions\/145"}],"wp:featuredmedia":[{"embeddable":true,"href":"https:\/\/gundem44.com.tr\/index.php?rest_route=\/wp\/v2\/media\/144"}],"wp:attachment":[{"href":"https:\/\/gundem44.com.tr\/index.php?rest_route=%2Fwp%2Fv2%2Fmedia&parent=143"}],"wp:term":[{"taxonomy":"category","embeddable":true,"href":"https:\/\/gundem44.com.tr\/index.php?rest_route=%2Fwp%2Fv2%2Fcategories&post=143"},{"taxonomy":"post_tag","embeddable":true,"href":"https:\/\/gundem44.com.tr\/index.php?rest_route=%2Fwp%2Fv2%2Ftags&post=143"}],"curies":[{"name":"wp","href":"https:\/\/api.w.org\/{rel}","templated":true}]}}