{"id":1421,"date":"2026-08-25T12:10:56","date_gmt":"2026-08-25T12:10:56","guid":{"rendered":"https:\/\/gundem44.com.tr\/?p=1421"},"modified":"2026-08-25T12:10:56","modified_gmt":"2026-08-25T12:10:56","slug":"cem-kucuk-sorusturmasinda-3-kisi-hakkinda-yakalama-karari-cikarildi","status":"publish","type":"post","link":"https:\/\/gundem44.com.tr\/?p=1421","title":{"rendered":"Cem K\u00fc\u00e7\u00fck soru\u015fturmas\u0131nda 3 ki\u015fi hakk\u0131nda yakalama karar\u0131 \u00e7\u0131kar\u0131ld\u0131"},"content":{"rendered":"<p><img decoding=\"async\" src=\"https:\/\/images.ntv.com.tr\/images\/Ba\u015fl\u0131ks\u0131z-18Nisan202612.29.23-1-861005.jpeg?width=930&amp;format=webp\" class=\"type:primaryImage\" alt=\"Cem K\u00fc\u00e7\u00fck soru\u015fturmas\u0131nda 3 ki\u015fi hakk\u0131nda yakalama karar\u0131 \u00e7\u0131kar\u0131ld\u0131\" \/><\/p>\n<p>\u0130stanbul Cumhuriyet Ba\u015fsavc\u0131l\u0131\u011f\u0131&#8217;nca y\u00fcr\u00fct\u00fclen Cem K\u00fc\u00e7\u00fck soru\u015fturmas\u0131nda \u0130smail \u00c7anak, Serdar \u00d6zyurt ve Ahsen Melek Kocat\u00fcrk hakk\u0131nda yakalama karar\u0131 \u00e7\u0131kar\u0131ld\u0131.<\/p>\n<p>\u0130stanbul Cumhuriyet Ba\u015fsavc\u0131l\u0131\u011f\u0131, Cem K\u00fc\u00e7\u00fck&#8217;\u00fcn &#8220;Halk\u0131 yan\u0131lt\u0131c\u0131 bilgiyi alenen yayma&#8221; su\u00e7lamas\u0131yla tutukland\u0131\u011f\u0131 soru\u015fturmay\u0131 geni\u015fletti.<\/p>\n<p>&nbsp;<\/p>\n<p>\u0130smail \u00c7anak, Serdar \u00d6zyurt ve Ahsen Melek Kocat\u00fcrk hakk\u0131nda yakalama karar\u0131 \u00e7\u0131kar\u0131ld\u0131. Halihaz\u0131rda cezaevinde bulunan Cem Duman&#8217;\u0131n da bu dosyayla ilgili &#8220;\u015f\u00fcpheli&#8221; s\u0131fat\u0131yla ifadesinin al\u0131naca\u011f\u0131 \u00f6\u011frenildi.<\/p>\n<p><span>SAHTE FOTO\u011eRAFI PAYLA\u015eIP &#8220;FORBES&#8217;A KAPAK OLDUM&#8221; DEM\u0130\u015eT\u0130<\/span><\/p>\n<p>Hakk\u0131nda yakalama karar\u0131 \u00e7\u0131kar\u0131lan isimlerden biri olan Serdar \u00d6zyurt, iki sene \u00f6nce sahte bir haberle g\u00fcndeme gelmi\u015fti.<\/p>\n<p>&nbsp;<\/p>\n<p>\u00d6zyurt Silah Sanayi&#8217;nin patronu Forbes&#8217;a kapak oldu\u011funu ileri s\u00fcrm\u00fc\u015f; dergi bas\u0131n a\u00e7\u0131klamas\u0131 yay\u0131nlayarak orijinal say\u0131n\u0131n g\u00f6rselini payla\u015fm\u0131\u015ft\u0131:<\/p>\n<p>&nbsp;<\/p>\n<p>\u201cT\u00fcrk medyas\u0131nda yer alan \u2018Serdar \u00d6zyurt Forbes\u2019a kapak oldu\u2019 haberleri ger\u00e7e\u011fi yans\u0131tmamaktad\u0131r. NATO \u00fclkelerinin savunma yat\u0131r\u0131mlar\u0131n\u0131 art\u0131rmas\u0131yla ilgili bir haberde \u00d6zyurt Silah Sanayii Y\u00f6netim Kurulu Ba\u015fkan\u0131 Serdar \u00d6zyurt\u2019tan da g\u00f6r\u00fc\u015f al\u0131nm\u0131\u015f ve haber yaln\u0131zca Forbes ABD internet sitesinde yay\u0131mlanm\u0131\u015ft\u0131r.&nbsp;<\/p>\n<p>&nbsp;<\/p>\n<p>24 Temmuz 2024\u2019te yay\u0131na giren haberin ard\u0131ndan Serdar \u00d6zyurt\u2019un foto\u011fraf\u0131 photoshop \u00e7al\u0131\u015fmas\u0131yla Forbes ABD\u2019nin A\u011fustos\/Eyl\u00fcl 2023 kapa\u011f\u0131na yerle\u015ftirilmi\u015f, Forbes\u2019un kapak konusu oldu\u011fu iddia edilerek \u00d6zyurt\u2019un ki\u015fisel Instagram hesab\u0131ndan payla\u015f\u0131lm\u0131\u015ft\u0131r.&nbsp;<\/p>\n<p>&nbsp;<\/p>\n<p>Bu payla\u015f\u0131m\u0131n ard\u0131ndan T\u00fcrkiye\u2019de \u00e7e\u015fitli medya kurulu\u015flar\u0131 s\u00f6z konusu sahte Forbes kapa\u011f\u0131n\u0131 kullanarak haberi \u201c\u00d6zyurt Forbes\u2019un kapa\u011f\u0131nda\u201d ifadeleriyle servis etmi\u015ftir. Forbes Serdar \u00d6zyurt\u2019a hi\u00e7bir zaman kapa\u011f\u0131nda yer vermemi\u015ftir. Yap\u0131lan bu sahte kapak \u00e7al\u0131\u015fmas\u0131na ili\u015fkin Forbes ABD yasal s\u00fcreci ba\u015flatm\u0131\u015ft\u0131r.\u201d<\/p>\n<p>Cem K\u00fc\u00e7\u00fck, photoshop ile \u00fcretildi\u011fi belirlenen g\u00f6rselleri \u201cForbes gibi dergilerde haber olmak kolay de\u011fildir.\u201d diyerek ki\u015fisel X hesab\u0131nda payla\u015fm\u0131\u015f, \u00d6zyurt da K\u00fc\u00e7\u00fck&#8217;\u00fcn payla\u015f\u0131m\u0131n\u0131 retweet ederek kendi takip\u00e7ilerine aktarm\u0131\u015ft\u0131.&nbsp;<\/p>\n<p>\u0130smail \u00c7anak ise ayn\u0131 dosyada tutuklu bulunan Beyaz TV programc\u0131s\u0131 Tahir Sar\u0131kaya\u2019n\u0131n savc\u0131l\u0131k ifadesiyle g\u00fcndeme gelmi\u015fti.&nbsp;<\/p>\n<p>&nbsp;<\/p>\n<p>Sar\u0131kaya, Serdar \u00d6zyurt\u2019un \u00f6zel kalemi olarak tan\u0131mlanan \u00c7anak\u2019la 300\u2019\u00fcn \u00fczerinde para al\u0131\u015fveri\u015fi bulundu\u011funu ileri s\u00fcrm\u00fc\u015ft\u00fc.&nbsp;<\/p>\n<p>&nbsp;<\/p>\n<p>Sar\u0131kaya bu para hareketlerini ailevi ili\u015fkiler, kar\u015f\u0131l\u0131kl\u0131 bor\u00e7lar ve konu\u015fmac\u0131 olarak kat\u0131ld\u0131\u011f\u0131 etkinliklerle savunmu\u015ftu.<\/p>\n<p><span>CEM K\u00dc\u00c7\u00dcK NEDEN TUTUKLU?<\/span><\/p>\n<p>Cem K\u00fc\u00e7\u00fck &#8220;halk\u0131 yan\u0131lt\u0131c\u0131 bilgiyi alenen yayma&#8221; su\u00e7lamas\u0131yla 31 Temmuz&#8217;dan bu yana tutuklu.<\/p>\n<p>&nbsp;<\/p>\n<p>K\u00fc\u00e7\u00fck hakk\u0131nda, baz\u0131 i\u015f insanlar\u0131ndan maddi menfaat kar\u015f\u0131l\u0131\u011f\u0131 sosyal medya payla\u015f\u0131mlar\u0131 yapt\u0131\u011f\u0131na ili\u015fkin \u015fikayetler bulundu\u011fu bildirildi. \u0130stanbul B\u00fcy\u00fck\u015fehir Belediyesi&#8217;yle (\u0130BB) ilgili adli s\u00fcre\u00e7te medyaya yans\u0131yan kimi beyanlar\u0131n da dosyaya girdi\u011fi \u00f6\u011frenildi.<\/p>\n<p>&nbsp;<\/p>\n<p>Savc\u0131l\u0131kta K\u00fc\u00e7\u00fck&#8217;e baz\u0131 ki\u015filerden ald\u0131\u011f\u0131 paralar soruldu. K\u00fc\u00e7\u00fck, bunlar\u0131n baz\u0131lar\u0131n\u0131n bor\u00e7, baz\u0131lar\u0131n\u0131n da \u00e7eviri \u00fccreti gibi profesyonel \u00fccretler oldu\u011funu ileri s\u00fcrd\u00fc.<\/p>\n<p>Son olarak TGRT&#8217;de &#8220;Cem K\u00fc\u00e7\u00fck ile G\u00fcnayd\u0131n T\u00fcrkiye&#8221; program\u0131n\u0131 yapan gazetecinin k\u00f6\u015fe yaz\u0131lar\u0131 T\u00fcrkiye gazetesinde yay\u0131mlan\u0131yordu.<\/p>\n<p>&nbsp;<\/p>\n<p>K\u00fc\u00e7\u00fck, her iki bas\u0131n kurulu\u015fu i\u00e7in de son yay\u0131n\u0131n\u0131 29 Haziran 2026 tarihinde yapt\u0131.<\/p>\n<p>&nbsp;<\/p>\n<p>27 Temmuz&#8217;da 10 y\u0131ld\u0131r g\u00f6rev yapt\u0131\u011f\u0131 TGRT ve T\u00fcrkiye gazetesinden ayr\u0131ld\u0131\u011f\u0131n\u0131 a\u00e7\u0131klayan K\u00fc\u00e7\u00fck, hakk\u0131nda yaz\u0131lanlar\u0131n ger\u00e7e\u011fi yans\u0131tmad\u0131\u011f\u0131n\u0131 iddia etti.<\/p>\n","protected":false},"excerpt":{"rendered":"<p>\u0130stanbul Cumhuriyet Ba\u015fsavc\u0131l\u0131\u011f\u0131&#8217;nca y\u00fcr\u00fct\u00fclen Cem K\u00fc\u00e7\u00fck soru\u015fturmas\u0131nda \u0130smail \u00c7anak, Serdar \u00d6zyurt ve Ahsen Melek Kocat\u00fcrk&#8230;<\/p>\n","protected":false},"author":1,"featured_media":1252,"comment_status":"open","ping_status":"open","sticky":false,"template":"","format":"standard","meta":{"footnotes":""},"categories":[14],"tags":[],"class_list":["post-1421","post","type-post","status-publish","format-standard","has-post-thumbnail","hentry","category-son-dakika"],"_links":{"self":[{"href":"https:\/\/gundem44.com.tr\/index.php?rest_route=\/wp\/v2\/posts\/1421","targetHints":{"allow":["GET"]}}],"collection":[{"href":"https:\/\/gundem44.com.tr\/index.php?rest_route=\/wp\/v2\/posts"}],"about":[{"href":"https:\/\/gundem44.com.tr\/index.php?rest_route=\/wp\/v2\/types\/post"}],"author":[{"embeddable":true,"href":"https:\/\/gundem44.com.tr\/index.php?rest_route=\/wp\/v2\/users\/1"}],"replies":[{"embeddable":true,"href":"https:\/\/gundem44.com.tr\/index.php?rest_route=%2Fwp%2Fv2%2Fcomments&post=1421"}],"version-history":[{"count":0,"href":"https:\/\/gundem44.com.tr\/index.php?rest_route=\/wp\/v2\/posts\/1421\/revisions"}],"wp:featuredmedia":[{"embeddable":true,"href":"https:\/\/gundem44.com.tr\/index.php?rest_route=\/wp\/v2\/media\/1252"}],"wp:attachment":[{"href":"https:\/\/gundem44.com.tr\/index.php?rest_route=%2Fwp%2Fv2%2Fmedia&parent=1421"}],"wp:term":[{"taxonomy":"category","embeddable":true,"href":"https:\/\/gundem44.com.tr\/index.php?rest_route=%2Fwp%2Fv2%2Fcategories&post=1421"},{"taxonomy":"post_tag","embeddable":true,"href":"https:\/\/gundem44.com.tr\/index.php?rest_route=%2Fwp%2Fv2%2Ftags&post=1421"}],"curies":[{"name":"wp","href":"https:\/\/api.w.org\/{rel}","templated":true}]}}