{"id":1419,"date":"2026-08-25T12:10:55","date_gmt":"2026-08-25T12:10:55","guid":{"rendered":"https:\/\/gundem44.com.tr\/?p=1419"},"modified":"2026-08-25T12:10:55","modified_gmt":"2026-08-25T12:10:55","slug":"yanginda-esi-olmustu-cinayet-suphesiyle-gozalti-karari-alindi","status":"publish","type":"post","link":"https:\/\/gundem44.com.tr\/?p=1419","title":{"rendered":"Yang\u0131nda e\u015fi \u00f6lm\u00fc\u015ft\u00fc. Cinayet \u015f\u00fcphesiyle g\u00f6zalt\u0131 karar\u0131 al\u0131nd\u0131"},"content":{"rendered":"<p><img decoding=\"async\" src=\"https:\/\/images.ntv.com.tr\/images\/AW774345_01.jpg?width=930&amp;format=webp\" class=\"type:primaryImage\" alt=\"Yang\u0131nda e\u015fi \u00f6lm\u00fc\u015ft\u00fc. Cinayet \u015f\u00fcphesiyle g\u00f6zalt\u0131 karar\u0131 al\u0131nd\u0131\" \/><\/p>\n<p>Yang\u0131n \u00f6ncesi \u00e7\u0131\u011fl\u0131k sesleri duyuldu\u011fu iddia edilirken, evin \u00f6n\u00fcnde para ve ziynet e\u015fyalar\u0131n\u0131n bulundu\u011fu \u00e7anta ile kilitli mutfak kap\u0131s\u0131 soru\u015fturman\u0131n seyrini de\u011fi\u015ftirdi.<\/p>\n<p>Ayd\u0131n&#8217;\u0131n Efeler il\u00e7esinde 16 A\u011fustos&#8217;ta bir apartman dairesinde \u00e7\u0131kan yang\u0131nda hayat\u0131n\u0131 kaybeden Mazlum \u00c7i\u00e7ek&#8217;in e\u015fi D.\u00c7. hakk\u0131nda cinayet \u015f\u00fcphesiyle g\u00f6zalt\u0131 karar\u0131 verildi.<\/p>\n<p>&nbsp;<\/p>\n<p>Yang\u0131n\u0131n \u00f6ncesi duyuldu\u011fu iddia edilen \u00e7\u0131\u011fl\u0131klar, kilitli mutfak kap\u0131s\u0131 ve evin \u00f6n\u00fcnde bulunan \u00e7anta soru\u015fturmada yeni detaylar\u0131n ortaya \u00e7\u0131kmas\u0131na neden oldu.<\/p>\n<p>&nbsp;<\/p>\n<p>\u0130stiklal Mahallesi 1067 Sokak&#8217;taki apartmanda gece saatlerinde \u00e7\u0131kan yang\u0131nda, vatanda\u015flar\u0131n ihbar\u0131 \u00fczerine b\u00f6lgeye itfaiye, sa\u011fl\u0131k ve polis ekipleri sevk edildi.<\/p>\n<p>&nbsp;<\/p>\n<p>Ayd\u0131n B\u00fcy\u00fck\u015fehir Belediyesi \u0130tfaiye Daire Ba\u015fkanl\u0131\u011f\u0131 ekipleri yang\u0131na m\u00fcdahale ederken, polis \u00e7evrede g\u00fcvenlik \u00f6nlemi ald\u0131.<\/p>\n<p>&nbsp;<\/p>\n<p>Ekiplerin \u00e7al\u0131\u015fmas\u0131 s\u0131ras\u0131nda evde bulunan D.\u00c7. yaral\u0131 halde d\u0131\u015far\u0131 \u00e7\u0131kar\u0131ld\u0131. \u0130lk m\u00fcdahalesi olay yerinde yap\u0131lan kad\u0131n, ambulansla hastaneye kald\u0131r\u0131larak tedavi alt\u0131na al\u0131nd\u0131.<\/p>\n<figure class=\"image\"><img loading=\"lazy\" decoding=\"async\" style=\"aspect-ratio:892\/1600\" src=\"https:\/\/images.ntv.com.tr\/images\/AW774345_03-464601.jpg\" width=\"892\" height=\"1600\" data-id=\"6a8d8067f53d0a6360fc2e57\"><\/figure>\n<p>&nbsp;<\/p>\n<p><strong>KOCANIN CANSIZ BEDEN\u0130NE ULA\u015eILDI<\/strong><\/p>\n<p>&nbsp;<\/p>\n<p>\u0130tfaiye ekiplerinin evde yapt\u0131\u011f\u0131 \u00e7al\u0131\u015fmalarda D.\u00c7.&#8217;nin e\u015fi Mazlum \u00c7i\u00e7ek&#8217;in cans\u0131z bedenine ula\u015f\u0131ld\u0131. Yang\u0131nda hayat\u0131n\u0131 kaybeden \u00c7i\u00e7ek&#8217;in cenazesi, olay yeri inceleme \u00e7al\u0131\u015fmalar\u0131n\u0131n ard\u0131ndan gerekli i\u015flemler i\u00e7in morga kald\u0131r\u0131ld\u0131.<\/p>\n<p>&nbsp;<\/p>\n<p><strong>YANGIN \u00d6NCES\u0130 \u00c7I\u011eLIK \u0130DD\u0130ASI<\/strong><\/p>\n<p>&nbsp;<\/p>\n<p>Baz\u0131 g\u00f6rg\u00fc tan\u0131klar\u0131n\u0131n ifadelerine g\u00f6re yang\u0131ndan k\u0131sa s\u00fcre \u00f6nce evden kad\u0131n \u00e7\u0131\u011fl\u0131\u011f\u0131 duyuldu\u011fu, ard\u0131ndan da daireden alevlerin y\u00fckseldi\u011fi iddia edildi. Yang\u0131n\u0131n \u00e7\u0131k\u0131\u015f nedeninin belirlenmesi amac\u0131yla incelemeler ger\u00e7ekle\u015ftirilirken, ihbar \u00fczerine olay yerine giden itfaiye ekipleri, evin \u00f6n\u00fcndeki ayakkab\u0131l\u0131\u011fa b\u0131rak\u0131lm\u0131\u015f vaziyette \u00e7anta buldu.<\/p>\n<p>&nbsp;<\/p>\n<p>\u00c7elik kap\u0131y\u0131 k\u0131rmak i\u00e7in haz\u0131rl\u0131kl\u0131 gelen itfaiye ekipleri o esnada \u00e7antan\u0131n ucundan d\u0131\u015far\u0131ya sarkan anahtarlar\u0131 fark etti.<\/p>\n<p>&nbsp;<\/p>\n<p>Anahtar\u0131 kullanarak eve giren ekipler, yaral\u0131 haldeki D.\u00c7.&#8217;yi kurtard\u0131.<\/p>\n<p>&nbsp;<\/p>\n<p><strong>\u00c7ANTANIN PARA DOLU OLMASI \u015e\u00dcPHELER\u0130 YARATTI<\/strong><\/p>\n<p>&nbsp;<\/p>\n<p>Olay\u0131n ard\u0131ndan evin \u00f6n\u00fcnde adeta ka\u00e7maya haz\u0131r halde b\u0131rak\u0131lan \u00e7anta ve valizin bulunmas\u0131 sebebiyle polis ekiplerince inceleme ba\u015flat\u0131ld\u0131.<\/p>\n<p>&nbsp;<\/p>\n<p>Mazlum \u00c7i\u00e7ek&#8217;in \u00f6l\u00fc olarak bulundu\u011fu evin mutfak kap\u0131s\u0131n\u0131n da olay an\u0131nda kilitli olmas\u0131 ve anahtar\u0131n\u0131n da \u00e7anta i\u00e7erinde bulunmas\u0131 \u00fczerine ekipler cinayet \u015f\u00fcphesi \u00fczerine yo\u011funla\u015ft\u0131.<\/p>\n<p>&nbsp;<\/p>\n<p>Ayr\u0131ca kad\u0131n\u0131n para ve ziynet e\u015fyalar\u0131n\u0131 da \u00e7antas\u0131na koydu\u011fu tespit edildi.<\/p>\n<p>&nbsp;<\/p>\n<p>Ayd\u0131n Cumhuriyet Ba\u015fsavc\u0131l\u0131\u011f\u0131 taraf\u0131ndan olayla ilgili soru\u015fturma s\u00fcrerken, \u0130zmir&#8217;de tedavisi devam eden D.\u00c7. hakk\u0131nda cinayet \u015f\u00fcphesiyle g\u00f6zalt\u0131 karar\u0131 \u00e7\u0131kar\u0131ld\u0131.<\/p>\n<p>&nbsp;<\/p>\n<p>D.\u00c7.&#8217;nin tedavisinin tamamlanmas\u0131n\u0131n ard\u0131ndan g\u00f6zalt\u0131na al\u0131naca\u011f\u0131 \u00f6\u011frenildi.<\/p>\n","protected":false},"excerpt":{"rendered":"<p>Yang\u0131n \u00f6ncesi \u00e7\u0131\u011fl\u0131k sesleri duyuldu\u011fu iddia edilirken, evin \u00f6n\u00fcnde para ve ziynet e\u015fyalar\u0131n\u0131n bulundu\u011fu \u00e7anta&#8230;<\/p>\n","protected":false},"author":1,"featured_media":1252,"comment_status":"open","ping_status":"open","sticky":false,"template":"","format":"standard","meta":{"footnotes":""},"categories":[14],"tags":[],"class_list":["post-1419","post","type-post","status-publish","format-standard","has-post-thumbnail","hentry","category-son-dakika"],"_links":{"self":[{"href":"https:\/\/gundem44.com.tr\/index.php?rest_route=\/wp\/v2\/posts\/1419","targetHints":{"allow":["GET"]}}],"collection":[{"href":"https:\/\/gundem44.com.tr\/index.php?rest_route=\/wp\/v2\/posts"}],"about":[{"href":"https:\/\/gundem44.com.tr\/index.php?rest_route=\/wp\/v2\/types\/post"}],"author":[{"embeddable":true,"href":"https:\/\/gundem44.com.tr\/index.php?rest_route=\/wp\/v2\/users\/1"}],"replies":[{"embeddable":true,"href":"https:\/\/gundem44.com.tr\/index.php?rest_route=%2Fwp%2Fv2%2Fcomments&post=1419"}],"version-history":[{"count":0,"href":"https:\/\/gundem44.com.tr\/index.php?rest_route=\/wp\/v2\/posts\/1419\/revisions"}],"wp:featuredmedia":[{"embeddable":true,"href":"https:\/\/gundem44.com.tr\/index.php?rest_route=\/wp\/v2\/media\/1252"}],"wp:attachment":[{"href":"https:\/\/gundem44.com.tr\/index.php?rest_route=%2Fwp%2Fv2%2Fmedia&parent=1419"}],"wp:term":[{"taxonomy":"category","embeddable":true,"href":"https:\/\/gundem44.com.tr\/index.php?rest_route=%2Fwp%2Fv2%2Fcategories&post=1419"},{"taxonomy":"post_tag","embeddable":true,"href":"https:\/\/gundem44.com.tr\/index.php?rest_route=%2Fwp%2Fv2%2Ftags&post=1419"}],"curies":[{"name":"wp","href":"https:\/\/api.w.org\/{rel}","templated":true}]}}