{"id":1412,"date":"2026-08-24T19:01:52","date_gmt":"2026-08-24T19:01:52","guid":{"rendered":"https:\/\/gundem44.com.tr\/?p=1412"},"modified":"2026-08-24T19:01:52","modified_gmt":"2026-08-24T19:01:52","slug":"cumhurbaskani-erdogan-brezilya-devlet-baskani-ve-litvanya-basbakani-ile-gorustu","status":"publish","type":"post","link":"https:\/\/gundem44.com.tr\/?p=1412","title":{"rendered":"Cumhurba\u015fkan\u0131 Erdo\u011fan Brezilya Devlet Ba\u015fkan\u0131 ve Litvanya Ba\u015fbakan\u0131 ile g\u00f6r\u00fc\u015ft\u00fc"},"content":{"rendered":"<p><img decoding=\"async\" src=\"https:\/\/images.ntv.com.tr\/images\/cumhurbaskani-erdogan-brezilya-devlet-baskani-silva-aa-2484650-678564.jpg?width=930&amp;format=webp\" class=\"type:primaryImage\" alt=\"Cumhurba\u015fkan\u0131 Erdo\u011fan Brezilya Devlet Ba\u015fkan\u0131 ve Litvanya Ba\u015fbakan\u0131 ile g\u00f6r\u00fc\u015ft\u00fc\" \/><\/p>\n<p>Cumhurba\u015fkan\u0131 Recep Tayyip Erdo\u011fan, Brezilya Devlet Ba\u015fkan\u0131 Lula da Silva ve  Litvanya Ba\u015fbakan\u0131 Mindaugas Sinkevicius ile telefonda g\u00f6r\u00fc\u015ft\u00fc.<\/p>\n<p>Cumhurba\u015fkan\u0131 Erdo\u011fan, Brezilya Devlet Ba\u015fkan\u0131 Lula da Silva ile bir g\u00f6r\u00fc\u015fme yapt\u0131. Liderler, T\u00fcrkiye-Brezilya ikili ili\u015fkileri ile b\u00f6lgesel ve k\u00fcresel geli\u015fmeleri ele ald\u0131.<\/p>\n<p>&nbsp;<\/p>\n<p>Erdo\u011fan g\u00f6r\u00fc\u015fmede, 20 y\u0131l \u00f6nce ileri seviyede temeli at\u0131lan iki \u00fclke ili\u015fkilerinin her ge\u00e7en g\u00fcn geli\u015fmesinin memnuniyet verici oldu\u011funu, yat\u0131r\u0131m, ticaret, savunma sanayii ba\u015fta olmak \u00fczere her alanda i\u015f birli\u011fimizi derinle\u015ftirmemizin \u00fclkelerimize yarar sa\u011flayaca\u011f\u0131n\u0131 ifade etti.<\/p>\n<p>&nbsp;<\/p>\n<p>Cumhurba\u015fkan\u0131, korumac\u0131 e\u011filimlere kar\u015f\u0131 iki \u00fclke halklar\u0131n\u0131n refah\u0131n\u0131 art\u0131racak ekonomik i\u015f birli\u011fi modelini hayata ge\u00e7irebilece\u011fimize inand\u0131\u011f\u0131n\u0131 belirtti.<\/p>\n<p>&nbsp;<\/p>\n<p>Cumhurba\u015fkan\u0131 Erdo\u011fan, T\u00fcrkiye ve Brezilya\u2019n\u0131n b\u00f6lgesel ve k\u00fcresel konularda bar\u0131\u015f\u0131 \u00f6nceleyen politikalar\u0131n\u0131n d\u00fcnya bar\u0131\u015f\u0131na katk\u0131 sa\u011flad\u0131\u011f\u0131n\u0131 da ifade etti.<\/p>\n<p>&nbsp;<\/p>\n<p><strong>ERDO\u011eAN-S\u0130NKEV\u0130C\u0130US G\u00d6R\u00dc\u015eMES\u0130<\/strong><\/p>\n<p>Cumhurba\u015fkan\u0131 Erdo\u011fan daha sonra Litvanya Ba\u015fbakan\u0131 Mindaugas Sinkevicius ile bir telefon g\u00f6r\u00fc\u015fmesi ger\u00e7ekle\u015ftirdi.<\/p>\n<p>&nbsp;<\/p>\n<p>Liderler T\u00fcrkiye-Litvanya ikili ili\u015fkileri ile b\u00f6lgesel ve k\u00fcresel konular\u0131 de\u011ferlendirdi.<\/p>\n<p>&nbsp;<\/p>\n<p>Cumhurba\u015fkan\u0131 Erdo\u011fan, g\u00f6r\u00fc\u015fmede, Ba\u015fbakan Sinkevicius&#8217;a yeni g\u00f6revinde ba\u015far\u0131lar dileyerek, iki \u00fclke ili\u015fkilerinin her ge\u00e7en g\u00fcn daha da g\u00fc\u00e7lenece\u011fine inand\u0131\u011f\u0131n\u0131 belirtti.<\/p>\n<p>&nbsp;<\/p>\n<p>Erdo\u011fan, T\u00fcrkiye ile Litvanya&#8217;n\u0131n yeni d\u00f6nemde de savunma sanayisi ba\u015fta olmak \u00fczere her alanda temaslar\u0131n\u0131 art\u0131rmas\u0131n\u0131n faydal\u0131 olaca\u011f\u0131n\u0131 ifade etti.<\/p>\n<p>&nbsp;<\/p>\n<p>T\u00fcrkiye olarak Ukrayna-Rusya Sava\u015f\u0131&#8217;n\u0131n kal\u0131c\u0131 bar\u0131\u015fla sonu\u00e7lanmas\u0131 i\u00e7in gayret g\u00f6sterdiklerini belirten Erdo\u011fan, g\u00f6r\u00fc\u015fmede m\u00fcteakip Avrupa Birli\u011fi D\u00f6nem Ba\u015fkanl\u0131\u011f\u0131&#8217;nda Litvanya&#8217;ya ba\u015far\u0131lar diledi.<\/p>\n","protected":false},"excerpt":{"rendered":"<p>Cumhurba\u015fkan\u0131 Recep Tayyip Erdo\u011fan, Brezilya Devlet Ba\u015fkan\u0131 Lula da Silva ve Litvanya Ba\u015fbakan\u0131 Mindaugas Sinkevicius&#8230;<\/p>\n","protected":false},"author":1,"featured_media":1252,"comment_status":"open","ping_status":"open","sticky":false,"template":"","format":"standard","meta":{"footnotes":""},"categories":[14],"tags":[],"class_list":["post-1412","post","type-post","status-publish","format-standard","has-post-thumbnail","hentry","category-son-dakika"],"_links":{"self":[{"href":"https:\/\/gundem44.com.tr\/index.php?rest_route=\/wp\/v2\/posts\/1412","targetHints":{"allow":["GET"]}}],"collection":[{"href":"https:\/\/gundem44.com.tr\/index.php?rest_route=\/wp\/v2\/posts"}],"about":[{"href":"https:\/\/gundem44.com.tr\/index.php?rest_route=\/wp\/v2\/types\/post"}],"author":[{"embeddable":true,"href":"https:\/\/gundem44.com.tr\/index.php?rest_route=\/wp\/v2\/users\/1"}],"replies":[{"embeddable":true,"href":"https:\/\/gundem44.com.tr\/index.php?rest_route=%2Fwp%2Fv2%2Fcomments&post=1412"}],"version-history":[{"count":0,"href":"https:\/\/gundem44.com.tr\/index.php?rest_route=\/wp\/v2\/posts\/1412\/revisions"}],"wp:featuredmedia":[{"embeddable":true,"href":"https:\/\/gundem44.com.tr\/index.php?rest_route=\/wp\/v2\/media\/1252"}],"wp:attachment":[{"href":"https:\/\/gundem44.com.tr\/index.php?rest_route=%2Fwp%2Fv2%2Fmedia&parent=1412"}],"wp:term":[{"taxonomy":"category","embeddable":true,"href":"https:\/\/gundem44.com.tr\/index.php?rest_route=%2Fwp%2Fv2%2Fcategories&post=1412"},{"taxonomy":"post_tag","embeddable":true,"href":"https:\/\/gundem44.com.tr\/index.php?rest_route=%2Fwp%2Fv2%2Ftags&post=1412"}],"curies":[{"name":"wp","href":"https:\/\/api.w.org\/{rel}","templated":true}]}}