{"id":1402,"date":"2026-08-24T06:06:23","date_gmt":"2026-08-24T06:06:23","guid":{"rendered":"https:\/\/gundem44.com.tr\/?p=1402"},"modified":"2026-08-24T06:06:23","modified_gmt":"2026-08-24T06:06:23","slug":"bugun-kandil-mi-ne-kandili-24-agustos-mevlid-kandili-mi-2026-diyanet-kandil-takvimi","status":"publish","type":"post","link":"https:\/\/gundem44.com.tr\/?p=1402","title":{"rendered":"Bug\u00fcn kandil mi, ne kandili? 24 A\u011fustos Mevlid Kandili mi? (2026 Diyanet kandil takvimi)"},"content":{"rendered":"<p><img decoding=\"async\" src=\"https:\/\/images.ntv.com.tr\/images\/thumbs_b_c_e7f86ea4f956850649d6727d59363703-324397.jpg?width=930&amp;format=webp\" class=\"type:primaryImage\" alt=\"Bug\u00fcn kandil mi, ne kandili? 24 A\u011fustos Mevlid Kandili mi? (2026 Diyanet kandil takvimi)\" \/><\/p>\n<p>Bug\u00fcn kandil mi? Sorusunun yan\u0131t\u0131, sosyal medya kullan\u0131c\u0131lar\u0131n\u0131n sosyal medya ve WhatsApp \u00fczerinden yap\u0131lan kandil payla\u015f\u0131mlar\u0131 nedeniyle 24 A\u011fustos Pazartesi g\u00fcn\u00fcn\u00fcn ne kandili oldu\u011fu merak ediliyor.<\/p>\n<p>2026 y\u0131l\u0131n\u0131n \u00fc\u00e7\u00fcnc\u00fc kandili olan Mevlid Kandili t\u00fcm \u0130slam camias\u0131 taraf\u0131ndan sorgulanan ve merak edilen g\u00fcnler aras\u0131nda yer al\u0131yor. Milyonlarca M\u00fcsl\u00fcman i\u00e7in b\u00fcy\u00fck \u00f6nem arz eden Mevlid Kandili bu y\u0131l a\u011fustos ay\u0131na denk geliyor. Son peygamber Hazreti Muhammed&#8217;in do\u011fum g\u00fcn\u00fc olan Mevlid Kandili&#8217;nde eller semaya a\u00e7\u0131lacak ve bol bol dua edilecek. Peki, bug\u00fcn kandil mi, ne kandili? 24 A\u011fustos Pazartesi Mevlid Kandili mi?<\/p>\n<p><span>BUG\u00dcN KAND\u0130L M\u0130, 24 A\u011eUSTOS NE KAND\u0130L\u0130?<\/span><\/p>\n<p>Diyanet \u0130\u015fleri Ba\u015fkanl\u0131\u011f\u0131\u2019n\u0131n yay\u0131mlad\u0131\u011f\u0131 2026 dini g\u00fcnler takvimine g\u00f6re 24 A\u011fustos 2026 Pazartesi g\u00fcn\u00fc Mevlid Kandili idrak ediliyor. Yani bug\u00fcn, Peygamber Efendimiz Hz. Muhammed\u2019in d\u00fcnyaya te\u015frif etti\u011fi m\u00fcbarek gecedir.<\/p>\n<p>&nbsp;<\/p>\n<p>Mevlid Kandili, hicri takvime g\u00f6re Rebi\u00fclevvel ay\u0131n\u0131n 12. gecesidir. Bu gece, sadece bir do\u011fum g\u00fcn\u00fc olarak de\u011fil, ayn\u0131 zamanda insanl\u0131\u011fa rahmet olarak g\u00f6nderilen son peygamberin d\u00fcnyay\u0131 \u015fereflendirdi\u011fi \u00f6zel bir vakit olarak kabul edilir. \u0130slam d\u00fcnyas\u0131nda as\u0131rlard\u0131r kutlanan bu gece, camilerde mevlid okunarak, dualar edilerek ve salavatlarla ihya edilir.<\/p>\n<p><span>MEVL\u0130D NE DEMEK?<\/span><\/p>\n<p>Hazreti Muhammed&#8217;in d\u00fcnyaya geli\u015fi dolay\u0131s\u0131yla hicri takvime g\u00f6re rebi\u00fclevvel ay\u0131n\u0131n 12&#8217;nci g\u00fcn\u00fc idrak edilen Mevlid Kandili, \u0130slam toplumlar\u0131nda as\u0131rlard\u0131r kutlan\u0131yor.<\/p>\n<p>&nbsp;<\/p>\n<p>S\u00f6zl\u00fckte &#8220;do\u011fum yeri ve zaman\u0131&#8221; anlam\u0131na gelen mevlit, \u0130slam k\u00fclt\u00fcr\u00fcnde \u00f6zellikle Hazreti Muhammed&#8217;in do\u011fumunu, bu kapsamda yap\u0131lan t\u00f6renleri ve yaz\u0131lan eserleri ifade etmek i\u00e7in kullan\u0131l\u0131yor.<\/p>\n<p><span>BU YIL &#8220;PEYGAMBER\u0130M\u0130Z VE G\u00dcZEL AHLAK&#8221; TEMASI \u0130\u015eLENECEK<\/span><\/p>\n<p>Hazreti Muhammed&#8217;in do\u011fumunun 1501. y\u0131l d\u00f6n\u00fcm\u00fc, bu sene &#8220;Peygamberimiz ve G\u00fczel Ahlak&#8221; temas\u0131yla idrak edilecek. Diyanet \u0130\u015fleri Ba\u015fkanl\u0131\u011f\u0131 bu y\u0131l da Mevlid-i Nebi Haftas\u0131 kapsam\u0131nda yurt i\u00e7i ve yurt d\u0131\u015f\u0131nda \u00e7ok say\u0131da etkinlik ger\u00e7ekle\u015ftirecek.<\/p>\n<p>&nbsp;<\/p>\n<p>Din \u0130\u015fleri Y\u00fcksek Kurulu Uzman\u0131 H\u00fcseyin Ar\u0131, Hazreti Muhammed&#8217;in do\u011fumunun y\u0131l d\u00f6n\u00fcm\u00fcn\u00fcn \u0130slam toplumlar\u0131 aras\u0131nda y\u00fczy\u0131llard\u0131r hasret, minnet ve co\u015fkuyla kutland\u0131\u011f\u0131n\u0131 s\u00f6yledi.<\/p>\n<p>Diyanet \u0130\u015fleri Ba\u015fkanl\u0131\u011f\u0131n\u0131n Mevlid-i Nebi Haftas\u0131 i\u00e7in belirledi\u011fi &#8220;Peygamberimiz ve G\u00fczel Ahlak&#8221; temas\u0131n\u0131n \u00e7a\u011f\u0131n ihtiya\u00e7lar\u0131 bak\u0131m\u0131ndan son derece anlaml\u0131 oldu\u011funu vurgulayan Ar\u0131, \u015funlar\u0131 kaydetti:<\/p>\n<p>&nbsp;<\/p>\n<p>&#8220;Zira g\u00fczel ahlak, sadece bireysel davran\u0131\u015flar\u0131m\u0131z\u0131 de\u011fil, aile hayat\u0131m\u0131z\u0131, kom\u015fuluk ili\u015fkilerimizi, \u00e7al\u0131\u015fma hayat\u0131m\u0131z\u0131, toplumsal dayan\u0131\u015fmam\u0131z\u0131 ve b\u00fct\u00fcn insanlarla ili\u015fkilerimizi ku\u015fatan kapsaml\u0131 bir de\u011ferdir. Ba\u015fkanl\u0131k \u00e7e\u015fitli anma etkinlikleriyle, radyo ve televizyon programlar\u0131yla onun merhamet, adalet, c\u00f6mertlik, zarafet, tevazu gibi y\u00fcce ahlak\u0131n\u0131 ve getirdi\u011fi rahmet y\u00fckl\u00fc mesajlar\u0131 insanl\u0131kla bulu\u015fturmaya \u00e7al\u0131\u015fmaktad\u0131r. Resulullah&#8217;\u0131n g\u00fczel ahlak\u0131n\u0131 ku\u015fanmak ve iman\u0131n, ibadetin ve ahlak\u0131n o kopmaz ba\u011f\u0131n\u0131 yeniden tesis etmek M\u00fcsl\u00fcmanlar i\u00e7in ka\u00e7\u0131n\u0131lmaz bir sorumluluktur. G\u00fcn\u00fcm\u00fcz insan\u0131n\u0131n manevi dertlerinin yegane \u00e7aresi, Resul-i Ekrem&#8217;in g\u00fczel ahlak\u0131n\u0131 \u00f6rnek almakt\u0131r.&#8221;<\/p>\n","protected":false},"excerpt":{"rendered":"<p>Bug\u00fcn kandil mi? Sorusunun yan\u0131t\u0131, sosyal medya kullan\u0131c\u0131lar\u0131n\u0131n sosyal medya ve WhatsApp \u00fczerinden yap\u0131lan kandil&#8230;<\/p>\n","protected":false},"author":1,"featured_media":1252,"comment_status":"open","ping_status":"open","sticky":false,"template":"","format":"standard","meta":{"footnotes":""},"categories":[14],"tags":[],"class_list":["post-1402","post","type-post","status-publish","format-standard","has-post-thumbnail","hentry","category-son-dakika"],"_links":{"self":[{"href":"https:\/\/gundem44.com.tr\/index.php?rest_route=\/wp\/v2\/posts\/1402","targetHints":{"allow":["GET"]}}],"collection":[{"href":"https:\/\/gundem44.com.tr\/index.php?rest_route=\/wp\/v2\/posts"}],"about":[{"href":"https:\/\/gundem44.com.tr\/index.php?rest_route=\/wp\/v2\/types\/post"}],"author":[{"embeddable":true,"href":"https:\/\/gundem44.com.tr\/index.php?rest_route=\/wp\/v2\/users\/1"}],"replies":[{"embeddable":true,"href":"https:\/\/gundem44.com.tr\/index.php?rest_route=%2Fwp%2Fv2%2Fcomments&post=1402"}],"version-history":[{"count":0,"href":"https:\/\/gundem44.com.tr\/index.php?rest_route=\/wp\/v2\/posts\/1402\/revisions"}],"wp:featuredmedia":[{"embeddable":true,"href":"https:\/\/gundem44.com.tr\/index.php?rest_route=\/wp\/v2\/media\/1252"}],"wp:attachment":[{"href":"https:\/\/gundem44.com.tr\/index.php?rest_route=%2Fwp%2Fv2%2Fmedia&parent=1402"}],"wp:term":[{"taxonomy":"category","embeddable":true,"href":"https:\/\/gundem44.com.tr\/index.php?rest_route=%2Fwp%2Fv2%2Fcategories&post=1402"},{"taxonomy":"post_tag","embeddable":true,"href":"https:\/\/gundem44.com.tr\/index.php?rest_route=%2Fwp%2Fv2%2Ftags&post=1402"}],"curies":[{"name":"wp","href":"https:\/\/api.w.org\/{rel}","templated":true}]}}