{"id":1394,"date":"2026-08-23T18:04:34","date_gmt":"2026-08-23T18:04:34","guid":{"rendered":"https:\/\/gundem44.com.tr\/?p=1394"},"modified":"2026-08-23T18:04:34","modified_gmt":"2026-08-23T18:04:34","slug":"omer-celik-teknofest-mavi-vatan-ozguven-devriminin-gostergesi","status":"publish","type":"post","link":"https:\/\/gundem44.com.tr\/?p=1394","title":{"rendered":"\u00d6mer \u00c7elik: TEKNOFEST Mavi Vatan, \u00f6zg\u00fcven devriminin g\u00f6stergesi"},"content":{"rendered":"<p><img decoding=\"async\" src=\"https:\/\/images.ntv.com.tr\/images\/\u00f6mer\u00e7elikakparti-301324.jpg?width=930&amp;format=webp\" class=\"type:primaryImage\" alt=\"\u00d6mer \u00c7elik: TEKNOFEST Mavi Vatan, \u00f6zg\u00fcven devriminin g\u00f6stergesi\" \/><\/p>\n<p>AK Parti S\u00f6zc\u00fcs\u00fc \u00d6mer \u00c7elik, TEKNOFEST Mavi Vatan\u2019\u0131n T\u00fcrkiye\u2019nin denizlerdeki hak ve menfaatlerini koruma kapasitesini ortaya koydu\u011funu s\u00f6yledi.<\/p>\n<p>Denizlerin, bo\u011fazlar\u0131n ve su yollar\u0131n\u0131n k\u00fcresel sistemde &#8220;y\u00fcksek gerilim alanlar\u0131&#8221; olarak \u00f6ne \u00e7\u0131kt\u0131\u011f\u0131 bir d\u00f6nemden ge\u00e7ildi\u011fini belirten AK Parti S\u00f6zc\u00fcs\u00fc \u00d6mer \u00c7elik, d\u00fcnyadaki \u00e7at\u0131\u015fma eksenlerinin T\u00fcrkiye&#8217;nin &#8220;Mavi Vatan&#8221; yakla\u015f\u0131m\u0131n\u0131n stratejik \u00f6nemini ortaya koydu\u011funu s\u00f6yledi.<\/p>\n<p>&nbsp;<\/p>\n<p>\u00c7elik, X hesab\u0131ndan yapt\u0131\u011f\u0131 a\u00e7\u0131klamada \u015funlar\u0131 s\u00f6yledi:<\/p>\n<p>&nbsp;<\/p>\n<p>&#8220;Denizlerin, bo\u011fazlar\u0131n, su yollar\u0131n\u0131n k\u00fcresel sistemde y\u00fcksek gerilim alanlar\u0131 olarak \u00f6ne \u00e7\u0131kt\u0131\u011f\u0131 bir d\u00f6nemdeyiz. D\u00fcnyadaki gerilim alanlar\u0131na ve \u00e7at\u0131\u015fma eksenlerine bakt\u0131\u011f\u0131m\u0131zda, &#8216;Mavi Vatan&#8217; yakla\u015f\u0131m\u0131m\u0131z\u0131n ne kadar k\u0131ymetli ve stratejik oldu\u011fu bir kez daha g\u00f6r\u00fcl\u00fcyor.&#8221;<\/p>\n<p>&nbsp;<\/p>\n<p>Tam da b\u00f6yle bir d\u00f6nemde \u201cTEKNOFEST Mavi Vatan\u201d etkinli\u011finin yap\u0131ld\u0131\u011f\u0131na dikkat \u00e7eken \u00c7elik, T\u00fcrkiye&#8217;nin bar\u0131\u015f\u0131 koruma iddias\u0131n\u0131n yaln\u0131zca uluslararas\u0131 kurallar\u0131 hat\u0131rlatan bir yakla\u015f\u0131m olmad\u0131\u011f\u0131n\u0131, hak ve menfaatleri koruyacak somut kapasiteye dayand\u0131\u011f\u0131n\u0131 s\u00f6yledi.<\/p>\n<p>&nbsp;<\/p>\n<p>Akdeniz, Ege ve Karadeniz&#8217;deki geli\u015fmelerin yan\u0131 s\u0131ra H\u00fcrm\u00fcz \u00e7evresindeki geli\u015fmelere ve Uzakdo\u011fu&#8217;dan Latin Amerika&#8217;ya uzanan gerilim hatlar\u0131na i\u015faret eden \u00c7elik, &#8220;Denizlerde egemenli\u011fimizi koruman\u0131n ge\u00e7mi\u015fe g\u00f6re \u00e7ok daha b\u00fcy\u00fck stratejik de\u011fer kazand\u0131\u011f\u0131 ve y\u00fcksek kabiliyet gerektirdi\u011fi g\u00f6r\u00fcl\u00fcyor.&#8221; de\u011ferlendirmesinde bulundu.<\/p>\n<p>&nbsp;<\/p>\n<p><strong>&#8220;\u00d6ZG\u00dcVEN DEVR\u0130M\u0130 KES\u0130NT\u0130S\u0130Z \u0130LERL\u0130YOR&#8221;<\/strong><\/p>\n<p>&nbsp;<\/p>\n<p>Cumhurba\u015fkan\u0131 Recep Tayyip Erdo\u011fan&#8217;\u0131n T\u00fcrkiye&#8217;yi savunma sanayiinde d\u0131\u015fa ba\u011f\u0131ml\u0131 b\u0131rakmak isteyen anlay\u0131\u015f\u0131 ortadan kald\u0131rd\u0131\u011f\u0131n\u0131 savunan \u00c7elik, bu s\u00fcre\u00e7 i\u00e7in &#8220;\u00f6zg\u00fcven devrimi&#8221; ifadesini kulland\u0131.<\/p>\n<p>&nbsp;<\/p>\n<p>\u00c7elik, &#8220;TEKNOFEST Mavi Vatan etkinlikleri, kabiliyetlerimizi ve kapasitemizi geli\u015ftirme konusunda Say\u0131n Cumhurba\u015fkan\u0131m\u0131z\u0131n ger\u00e7ekle\u015ftirdi\u011fi &#8216;\u00f6zg\u00fcven devrimi&#8217;nin kesintisiz ilerledi\u011fini bir kere daha ispat ediyor.&#8221; dedi.<\/p>\n<p>&nbsp;<\/p>\n<p>Etkinliklerin savunma ve denizcilik alan\u0131ndaki hedeflerin her ya\u015ftan insana aktar\u0131lmas\u0131 a\u00e7\u0131s\u0131ndan \u00f6nem ta\u015f\u0131d\u0131\u011f\u0131n\u0131 belirten \u00c7elik, TEKNOFEST Y\u00f6netim Kurulu Ba\u015fkan\u0131 Sel\u00e7uk Bayraktar ve organizasyonda eme\u011fi ge\u00e7enleri tebrik etti.<\/p>\n<p>&nbsp;<\/p>\n<p>\u00c7elik a\u00e7\u0131klamas\u0131n\u0131, &#8220;&#8216;\u00d6zg\u00fcven devrimi&#8217;ni sahiplenen gen\u00e7ler, T\u00fcrkiye Y\u00fczy\u0131l\u0131 hedeflerimizin imzac\u0131s\u0131 olacak.&#8221; s\u00f6zleriyle tamamlad\u0131.<\/p>\n","protected":false},"excerpt":{"rendered":"<p>AK Parti S\u00f6zc\u00fcs\u00fc \u00d6mer \u00c7elik, TEKNOFEST Mavi Vatan\u2019\u0131n T\u00fcrkiye\u2019nin denizlerdeki hak ve menfaatlerini koruma kapasitesini&#8230;<\/p>\n","protected":false},"author":1,"featured_media":1252,"comment_status":"open","ping_status":"open","sticky":false,"template":"","format":"standard","meta":{"footnotes":""},"categories":[14],"tags":[],"class_list":["post-1394","post","type-post","status-publish","format-standard","has-post-thumbnail","hentry","category-son-dakika"],"_links":{"self":[{"href":"https:\/\/gundem44.com.tr\/index.php?rest_route=\/wp\/v2\/posts\/1394","targetHints":{"allow":["GET"]}}],"collection":[{"href":"https:\/\/gundem44.com.tr\/index.php?rest_route=\/wp\/v2\/posts"}],"about":[{"href":"https:\/\/gundem44.com.tr\/index.php?rest_route=\/wp\/v2\/types\/post"}],"author":[{"embeddable":true,"href":"https:\/\/gundem44.com.tr\/index.php?rest_route=\/wp\/v2\/users\/1"}],"replies":[{"embeddable":true,"href":"https:\/\/gundem44.com.tr\/index.php?rest_route=%2Fwp%2Fv2%2Fcomments&post=1394"}],"version-history":[{"count":0,"href":"https:\/\/gundem44.com.tr\/index.php?rest_route=\/wp\/v2\/posts\/1394\/revisions"}],"wp:featuredmedia":[{"embeddable":true,"href":"https:\/\/gundem44.com.tr\/index.php?rest_route=\/wp\/v2\/media\/1252"}],"wp:attachment":[{"href":"https:\/\/gundem44.com.tr\/index.php?rest_route=%2Fwp%2Fv2%2Fmedia&parent=1394"}],"wp:term":[{"taxonomy":"category","embeddable":true,"href":"https:\/\/gundem44.com.tr\/index.php?rest_route=%2Fwp%2Fv2%2Fcategories&post=1394"},{"taxonomy":"post_tag","embeddable":true,"href":"https:\/\/gundem44.com.tr\/index.php?rest_route=%2Fwp%2Fv2%2Ftags&post=1394"}],"curies":[{"name":"wp","href":"https:\/\/api.w.org\/{rel}","templated":true}]}}