{"id":1393,"date":"2026-08-23T18:04:34","date_gmt":"2026-08-23T18:04:34","guid":{"rendered":"https:\/\/gundem44.com.tr\/?p=1393"},"modified":"2026-08-23T18:04:34","modified_gmt":"2026-08-23T18:04:34","slug":"iki-sehir-birbirine-kopruyle-baglanacak","status":"publish","type":"post","link":"https:\/\/gundem44.com.tr\/?p=1393","title":{"rendered":"\u0130ki \u015fehir birbirine k\u00f6pr\u00fcyle ba\u011flanacak"},"content":{"rendered":"<p><img decoding=\"async\" src=\"https:\/\/images.ntv.com.tr\/images\/AW772926_01_1200x800-629748.jpg?width=930&amp;format=webp\" class=\"type:primaryImage\" alt=\"\u0130ki \u015fehir birbirine k\u00f6pr\u00fcyle ba\u011flanacak\" \/><\/p>\n<p>Elaz\u0131\u011f ile Tunceli\u2019yi kesintisiz kara yoluyla ba\u011flayacak Pertek K\u00f6pr\u00fcs\u00fc&#8217;n\u00fcn Yat\u0131r\u0131m Program\u0131\u2019na al\u0131nmas\u0131 i\u00e7in i\u015flemler ba\u015flat\u0131ld\u0131.<\/p>\n<p>Bakan Uralo\u011flu, yaz\u0131l\u0131 a\u00e7\u0131klamas\u0131nda, Pertek K\u00f6pr\u00fcs\u00fc Projesi&#8217;ne ili\u015fkin bilgi verdi.<\/p>\n<p>&nbsp;<\/p>\n<p>K\u00f6pr\u00fcye y\u00f6nelik uygulama projesi \u00e7al\u0131\u015fmalar\u0131n\u0131n devam etti\u011fini belirten Uralo\u011flu, &#8220;Elaz\u0131\u011f ile Tunceli aras\u0131nda F\u0131rat Nehri \u00fczerinde in\u015fa edilen Keban Baraj G\u00f6l\u00fc&#8217;n\u00fcn kara yoluyla kesintisiz ge\u00e7ilmesi amac\u0131yla planlanan Pertek K\u00f6pr\u00fcs\u00fc ile iki il aras\u0131nda kesintisiz kara yolu ba\u011flant\u0131s\u0131 tesis edece\u011fiz. Projenin Yat\u0131r\u0131m Program\u0131&#8217;na al\u0131nmas\u0131 i\u00e7in gerekli i\u015flemleri ba\u015flatt\u0131k. B\u00fct\u00e7e imkanlar\u0131 \u00e7er\u00e7evesinde y\u00fcr\u00fctece\u011fimiz s\u00fcrecin sonunda yap\u0131m s\u00fcrecine ge\u00e7ilmesiyle projenin 5-6 y\u0131l i\u00e7inde tamamlanmas\u0131n\u0131 \u00f6ng\u00f6r\u00fcyoruz.&#8221; ifadelerini kulland\u0131.<\/p>\n<p>Ge\u00e7i\u015fin iki yakla\u015f\u0131m k\u00f6pr\u00fcs\u00fc ve kablo destekli \u00f6zel k\u00f6pr\u00fc sistemiyle sa\u011flanaca\u011f\u0131n\u0131 aktaran Uralo\u011flu, ana k\u00f6pr\u00fcn\u00fcn gergin e\u011fik ask\u0131l\u0131 k\u00f6pr\u00fc sistemiyle projelendirildi\u011finin alt\u0131n\u0131 \u00e7izdi.<\/p>\n<p>Uralo\u011flu, Keban Baraj G\u00f6l\u00fc&#8217;nde yakla\u015f\u0131k 100 metreye ula\u015fan su derinli\u011fini projeye \u00f6zg\u00fc ileri m\u00fchendislik \u00e7\u00f6z\u00fcmleriyle a\u015facaklar\u0131na dikkati \u00e7ekerek, &#8220;Ter\u00f6rs\u00fcz T\u00fcrkiye hedefimizle b\u00f6lgemizde olu\u015fan huzur ve g\u00fcven ortam\u0131n\u0131 yat\u0131r\u0131mlarla, \u00fcretimle, ticaretle ve istihdamla daha da g\u00fc\u00e7lendirmeyi hedefliyoruz. Pertek K\u00f6pr\u00fcs\u00fc&#8217;n\u00fcn hayata ge\u00e7irilmesi halinde Elaz\u0131\u011f ve Tunceli aras\u0131nda kesintisiz kara yolu ba\u011flant\u0131s\u0131 sa\u011flanacak. B\u00f6ylece b\u00f6lgenin ekonomik ve sosyal hareketlili\u011fine katk\u0131 sa\u011flan\u0131rken turizmden ticarete kadar bir\u00e7ok alanda yeni imkanlar\u0131n \u00f6n\u00fc a\u00e7\u0131lacak.&#8221; de\u011ferlendirmesinde bulundu.<\/p>\n","protected":false},"excerpt":{"rendered":"<p>Elaz\u0131\u011f ile Tunceli\u2019yi kesintisiz kara yoluyla ba\u011flayacak Pertek K\u00f6pr\u00fcs\u00fc&#8217;n\u00fcn Yat\u0131r\u0131m Program\u0131\u2019na al\u0131nmas\u0131 i\u00e7in i\u015flemler ba\u015flat\u0131ld\u0131&#8230;.<\/p>\n","protected":false},"author":1,"featured_media":1252,"comment_status":"open","ping_status":"open","sticky":false,"template":"","format":"standard","meta":{"footnotes":""},"categories":[14],"tags":[],"class_list":["post-1393","post","type-post","status-publish","format-standard","has-post-thumbnail","hentry","category-son-dakika"],"_links":{"self":[{"href":"https:\/\/gundem44.com.tr\/index.php?rest_route=\/wp\/v2\/posts\/1393","targetHints":{"allow":["GET"]}}],"collection":[{"href":"https:\/\/gundem44.com.tr\/index.php?rest_route=\/wp\/v2\/posts"}],"about":[{"href":"https:\/\/gundem44.com.tr\/index.php?rest_route=\/wp\/v2\/types\/post"}],"author":[{"embeddable":true,"href":"https:\/\/gundem44.com.tr\/index.php?rest_route=\/wp\/v2\/users\/1"}],"replies":[{"embeddable":true,"href":"https:\/\/gundem44.com.tr\/index.php?rest_route=%2Fwp%2Fv2%2Fcomments&post=1393"}],"version-history":[{"count":0,"href":"https:\/\/gundem44.com.tr\/index.php?rest_route=\/wp\/v2\/posts\/1393\/revisions"}],"wp:featuredmedia":[{"embeddable":true,"href":"https:\/\/gundem44.com.tr\/index.php?rest_route=\/wp\/v2\/media\/1252"}],"wp:attachment":[{"href":"https:\/\/gundem44.com.tr\/index.php?rest_route=%2Fwp%2Fv2%2Fmedia&parent=1393"}],"wp:term":[{"taxonomy":"category","embeddable":true,"href":"https:\/\/gundem44.com.tr\/index.php?rest_route=%2Fwp%2Fv2%2Fcategories&post=1393"},{"taxonomy":"post_tag","embeddable":true,"href":"https:\/\/gundem44.com.tr\/index.php?rest_route=%2Fwp%2Fv2%2Ftags&post=1393"}],"curies":[{"name":"wp","href":"https:\/\/api.w.org\/{rel}","templated":true}]}}