{"id":1385,"date":"2026-08-23T05:07:41","date_gmt":"2026-08-23T05:07:41","guid":{"rendered":"https:\/\/gundem44.com.tr\/?p=1385"},"modified":"2026-08-23T05:07:41","modified_gmt":"2026-08-23T05:07:41","slug":"istanbulda-pazar-plani-yapanlar-dikkat-bazi-yollar-trafige-kapatildi","status":"publish","type":"post","link":"https:\/\/gundem44.com.tr\/?p=1385","title":{"rendered":"\u0130stanbul&#8217;da pazar plan\u0131 yapanlar dikkat! Baz\u0131 yollar trafi\u011fe kapat\u0131ld\u0131"},"content":{"rendered":"<p><img decoding=\"async\" src=\"https:\/\/images.ntv.com.tr\/images\/istanbultrafik-203566.png?width=930&amp;format=webp\" class=\"type:primaryImage\" alt=\"\u0130stanbul&apos;da pazar plan\u0131 yapanlar dikkat! Baz\u0131 yollar trafi\u011fe kapat\u0131ld\u0131\" \/><\/p>\n<p>\u0130stanbul&#8217;da bug\u00fcn ger\u00e7ekle\u015fecek bisiklet turu ve 30 A\u011fustos Zafer Bayram\u0131 provas\u0131 nedeniyle baz\u0131 yollar trafi\u011fe kapat\u0131ld\u0131.<\/p>\n<p><span>BAZI YOLLAR KAPATILDI<\/span><\/p>\n<p>Ye\u015filay Bisiklet Turu Yar\u0131 Maratonu bug\u00fcn \u0130stanbul&#8217;da ger\u00e7ekle\u015fecek.<\/p>\n<p>&nbsp;<\/p>\n<p>Bisiklet turu ve 30 A\u011fustos Zafer Bayram\u0131 provas\u0131 nedeniyle \u0130stanbul&#8217;un baz\u0131 il\u00e7elerinde yollar trafi\u011fe kapat\u0131ld\u0131.&nbsp;<\/p>\n<p>\u0130stanbul Valili\u011fi&#8217;nden yap\u0131lan a\u00e7\u0131klamaya g\u00f6re, T\u00fcrkiye Ye\u015filay Cemiyeti taraf\u0131ndan d\u00fczenlenecek Ye\u015filay Bisiklet Turu Yar\u0131 Maratonu dolay\u0131s\u0131yla saat 07.00&#8217;den program bitimine kadar belirlenen yollar trafi\u011fe kapal\u0131 olacak.<\/p>\n<p>&nbsp;<\/p>\n<p>Trafi\u011fe kapal\u0131 olacak yollar Fatih, Beyo\u011flu ve Be\u015fikta\u015f&#8217;ta yer al\u0131yor.<\/p>\n<p><span>KAPALI YOLLAR VE ALTERNAT\u0130F G\u00dcZERGAHLAR<\/span><\/p>\n<p>Bu kapsamda Fatih&#8217;te, Sahil Kennedy Caddesi \u00c7atlad\u0131kap\u0131-Sirkeci \u0131\u015f\u0131klar aras\u0131, Galata K\u00f6pr\u00fcs\u00fc, Re\u015fadiye, Rag\u0131p G\u00fcm\u00fc\u015fpala, Abd\u00fclezel Pa\u015fa, M\u00fcrselpa\u015fa ve Kadir Has caddeleri trafi\u011fe kapat\u0131lacak.<\/p>\n<p>&nbsp;<\/p>\n<p>Unkapan\u0131 K\u00f6pr\u00fcs\u00fc, Atat\u00fcrk Bulvar\u0131, Millet ve Gazi Mustafa Kemal Pa\u015fa caddeleri ise alternatif g\u00fczergah olarak kullan\u0131labilecek.<\/p>\n<p>Beyo\u011flu&#8217;nda, Meclisi Mebusan, Kemeralt\u0131, Tershane, Necatibey ve Bedri Karafakio\u011flu caddeleri ile Mebusan Yoku\u015fu ve \u0130nebolu sokaklar\u0131, \u0130n\u00f6n\u00fc Caddesi Makine Kimya End\u00fcstrisi Binas\u0131 ile \u015eehitler Tepesi aras\u0131, Bo\u011fazkesen Caddesi Defterdar Yoku\u015fu Sokak ile Meclisi Mebusan Caddesi aras\u0131, Galata K\u00f6pr\u00fcs\u00fc Emin\u00f6n\u00fc istikameti trafi\u011fe kapal\u0131 olacak.<\/p>\n<p>Vatanda\u015flar alternatif g\u00fczergah olarak Dereboyu, Asker Oca\u011f\u0131, \u0130n\u00f6n\u00fc, Evliya \u00c7elebi, Refik Saydam, Bo\u011fazkesen, Mete ve Asker Oca\u011f\u0131 caddeleri ile Tarlaba\u015f\u0131 Bulvar\u0131&#8217;n\u0131 kullanabilecek.<\/p>\n<p>&nbsp;<\/p>\n<p>Be\u015fikta\u015f&#8217;ta ise Dolmabah\u00e7e ve Be\u015fikta\u015f caddeleri ile Dolmabah\u00e7e T\u00fcnel \u00e7\u0131k\u0131\u015f\u0131 Kad\u0131rgalar Caddesi d\u00f6n\u00fc\u015fleri, Dolmabah\u00e7e Meydan aras\u0131 kullan\u0131lamayacak, alternatif g\u00fczergah Barbaros Bulvar\u0131 ile \u00c7\u0131ra\u011fan ve Kad\u0131rgalar caddeleri olacak.<\/p>\n<p>Ayr\u0131ca 30 A\u011fustos Zafer Bayram\u0131 provas\u0131 nedeniyle saat 07.00&#8217;den itibaren Adnan Menderes Bulvar\u0131 (Vatan Caddesi) ile bulvar yan yollar\u0131 her iki istikamette trafi\u011fe kapat\u0131ld\u0131.<\/p>\n<p>&nbsp;<\/p>\n<p>S\u00f6z konusu yollar, program bitimine kadar kapal\u0131 kalacak.<\/p>\n<p>&nbsp;<\/p>\n<p>Atat\u00fcrk Bulvar\u0131, D-100 kara yolu, O-3 Hal Yolu, Fevzipa\u015fa ile Turgut \u00d6zal Millet caddeleri alternatif g\u00fczergah olarak kullan\u0131labilecek.<\/p>\n","protected":false},"excerpt":{"rendered":"<p>\u0130stanbul&#8217;da bug\u00fcn ger\u00e7ekle\u015fecek bisiklet turu ve 30 A\u011fustos Zafer Bayram\u0131 provas\u0131 nedeniyle baz\u0131 yollar trafi\u011fe&#8230;<\/p>\n","protected":false},"author":1,"featured_media":1252,"comment_status":"open","ping_status":"open","sticky":false,"template":"","format":"standard","meta":{"footnotes":""},"categories":[14],"tags":[],"class_list":["post-1385","post","type-post","status-publish","format-standard","has-post-thumbnail","hentry","category-son-dakika"],"_links":{"self":[{"href":"https:\/\/gundem44.com.tr\/index.php?rest_route=\/wp\/v2\/posts\/1385","targetHints":{"allow":["GET"]}}],"collection":[{"href":"https:\/\/gundem44.com.tr\/index.php?rest_route=\/wp\/v2\/posts"}],"about":[{"href":"https:\/\/gundem44.com.tr\/index.php?rest_route=\/wp\/v2\/types\/post"}],"author":[{"embeddable":true,"href":"https:\/\/gundem44.com.tr\/index.php?rest_route=\/wp\/v2\/users\/1"}],"replies":[{"embeddable":true,"href":"https:\/\/gundem44.com.tr\/index.php?rest_route=%2Fwp%2Fv2%2Fcomments&post=1385"}],"version-history":[{"count":0,"href":"https:\/\/gundem44.com.tr\/index.php?rest_route=\/wp\/v2\/posts\/1385\/revisions"}],"wp:featuredmedia":[{"embeddable":true,"href":"https:\/\/gundem44.com.tr\/index.php?rest_route=\/wp\/v2\/media\/1252"}],"wp:attachment":[{"href":"https:\/\/gundem44.com.tr\/index.php?rest_route=%2Fwp%2Fv2%2Fmedia&parent=1385"}],"wp:term":[{"taxonomy":"category","embeddable":true,"href":"https:\/\/gundem44.com.tr\/index.php?rest_route=%2Fwp%2Fv2%2Fcategories&post=1385"},{"taxonomy":"post_tag","embeddable":true,"href":"https:\/\/gundem44.com.tr\/index.php?rest_route=%2Fwp%2Fv2%2Ftags&post=1385"}],"curies":[{"name":"wp","href":"https:\/\/api.w.org\/{rel}","templated":true}]}}