{"id":1383,"date":"2026-08-23T05:07:41","date_gmt":"2026-08-23T05:07:41","guid":{"rendered":"https:\/\/gundem44.com.tr\/?p=1383"},"modified":"2026-08-23T05:07:41","modified_gmt":"2026-08-23T05:07:41","slug":"alparslan-kuytul-suc-orgutu-sorusturmasi-kuytul-ve-esi-tutuklandi","status":"publish","type":"post","link":"https:\/\/gundem44.com.tr\/?p=1383","title":{"rendered":"Alparslan Kuytul su\u00e7 \u00f6rg\u00fct\u00fc soru\u015fturmas\u0131. Kuytul ve e\u015fi tutukland\u0131"},"content":{"rendered":"<p><img decoding=\"async\" src=\"https:\/\/images.ntv.com.tr\/images\/KUYTUL-600761.jpg?width=930&amp;format=webp\" class=\"type:primaryImage\" alt=\"Alparslan Kuytul su\u00e7 \u00f6rg\u00fct\u00fc soru\u015fturmas\u0131. Kuytul ve e\u015fi tutukland\u0131\" \/><\/p>\n<p>Alparslan Kuytul Su\u00e7 \u00d6rg\u00fct\u00fc&#8217;ne y\u00f6nelik soru\u015fturmada, tutuklama talebiyle mahkemeye sevk edilen Alparslan Kuytul ve e\u015fi Semra Kuytul tutukland\u0131.<\/p>\n<p><span>ALPARSLAN KUYTUL VE E\u015e\u0130 TUTUKLANDI<\/span><\/p>\n<p>Adana Emniyet M\u00fcd\u00fcrl\u00fc\u011f\u00fc Ter\u00f6rle M\u00fccadele \u015eube M\u00fcd\u00fcrl\u00fc\u011f\u00fc ekipleri, 19 A\u011fustos \u00c7ar\u015famba sabah\u0131 Furkan Vakf\u0131&#8217;na y\u00f6nelik operasyon d\u00fczenlemi\u015fti.<\/p>\n<p>&nbsp;<\/p>\n<p>Adana merkezli alt\u0131 ilde 49 adrese e\u015f zamanl\u0131 d\u00fczenlenen operasyonda, Vakf\u0131n Kurucu Ba\u015fkan\u0131 Alparslan Kuytul&#8217;un evinde arama yap\u0131l\u0131rken kendisi ve e\u015fi Semra Kuytul da dahil 56 ki\u015fi g\u00f6zalt\u0131na al\u0131nm\u0131\u015ft\u0131.<\/p>\n<p>&nbsp;<\/p>\n<p>Devam eden s\u00fcre\u00e7te ayn\u0131 operasyonda g\u00f6zalt\u0131na al\u0131nan \u015f\u00fcphelilerin say\u0131s\u0131 62&#8217;ye ula\u015ft\u0131.<\/p>\n<p>&nbsp;<\/p>\n<p>\u015e\u00fcpheliler, d\u00fcn emniyetteki i\u015flemlerinin ard\u0131ndan adliyeye sevk edildi. 44&#8217;\u00fc tutuklama, 9&#8217;u adli kontrol talebiyle Sulh Ceza Hakimli\u011fine sevk edilen \u015f\u00fcphelilerden Alparslan Kuytul ve e\u015fi Semra Kuytul tutuklanarak cezaevine g\u00f6nderildi. Di\u011fer \u015f\u00fcpheliler i\u00e7in mahkeme devam ediyor.<\/p>\n<p>Kamuoyunda &#8220;Kuytulcular&#8221; olarak bilinen yap\u0131lanmaya y\u00f6nelik soru\u015fturmada yeni bir geli\u015fme de ya\u015fand\u0131.<\/p>\n<p>&nbsp;<\/p>\n<p>Soru\u015fturmay\u0131 y\u00fcr\u00fcten ba\u015fsavc\u0131l\u0131k, \u00f6rg\u00fct\u00fcn \u00fcst d\u00fczey y\u00f6neticilerinin irtibatlar\u0131n\u0131 inceledi.<\/p>\n<p>&nbsp;<\/p>\n<p>\u0130nceleme sonucunda \u00e7arp\u0131c\u0131 bir bilgiye ula\u015f\u0131ld\u0131.<\/p>\n<p><span>\u00dcST KADEME Y\u00d6NET\u0130M\u0130N\u0130N FET\u00d6 \u0130LE \u0130RT\u0130BATI BULUNDU<\/span><\/p>\n<p>Soru\u015fturmay\u0131 y\u00fcr\u00fcten savc\u0131l\u0131k kaynaklar\u0131ndan edinilen bilgiye g\u00f6re; Alparslan Kuytul Su\u00e7 \u00d6r\u00fcg\u00fct\u00fc&#8217;n\u00fcn dokuz sorumlusunun ba\u011flant\u0131lar\u0131nda Fetullah\u00e7\u0131 Ter\u00f6r \u00d6rg\u00fct\u00fc (FET\u00d6) kapsam\u0131nda adli i\u015flem g\u00f6rm\u00fc\u015f 24 farkl\u0131 ki\u015fi tespit edildi.<\/p>\n<p>&nbsp;<\/p>\n<p>FET\u00d6 irtibatl\u0131 bu dokuz sorumlunun, \u00f6rg\u00fct i\u00e7erisinde \u0130nternet, sosyal medya, teknik ekip, dergi, e\u011fitim, muhasebe ve genel sorumluluk gibi alanlarda g\u00f6rev yapt\u0131\u011f\u0131 \u00f6\u011frenildi.<\/p>\n<p>&nbsp;<\/p>\n<p>Ba\u015fsavc\u0131l\u0131k, bu ba\u011flant\u0131lar\u0131n niteli\u011fini ve \u00f6rg\u00fctsel ba\u011f olu\u015fturup olu\u015fturmad\u0131\u011f\u0131n\u0131 ara\u015ft\u0131r\u0131yor.<\/p>\n<p><span>KA\u00c7IRILAN HARD D\u0130SKLERE EL KONULMU\u015eTU<\/span><\/p>\n<p>Kuytulculara y\u00f6nelik soru\u015fturma devam ederken g\u00f6zalt\u0131 say\u0131s\u0131 62&#8217;ye y\u00fckseldi.<\/p>\n<p>&nbsp;<\/p>\n<p>Emniyet g\u00fc\u00e7leri, son olarak operasyon s\u0131ras\u0131nda ka\u00e7\u0131r\u0131ld\u0131\u011f\u0131 tespit edilen baz\u0131 hard diskleri ele ge\u00e7irmi\u015fti.<\/p>\n<p>&nbsp;<\/p>\n<p>Baz\u0131 adreslerde bilgisayar ekranlar\u0131n\u0131n yerinde oldu\u011fu ancak kasalar\u0131n\u0131n ortadan kayboldu\u011fu belirlenmi\u015fti.<\/p>\n<p>&nbsp;<\/p>\n<p>Ortadan kaybolan kasalar\u0131n izini s\u00fcren ekipler, kasalar\u0131n\u0131n tamam\u0131n\u0131 bularak <a href=\"https:\/\/www.ntv.com.tr\/turkiye\/galeri-furkan-vakfi-sorusturmasi-gozalti-sayisi-62ye-yukseldi-1738307\/1\">el koydu<\/a>.<\/p>\n<p><span>\u015e\u00dcPHEL\u0130LERE Y\u00d6NEL\u0130K SU\u00c7LAMALAR NELER?<\/span><\/p>\n<p>Adana Cumhuriyet Ba\u015fsavc\u0131l\u0131\u011f\u0131 taraf\u0131ndan y\u00fcr\u00fct\u00fclen soru\u015fturma kapsam\u0131nda, su\u00e7 \u00f6rg\u00fct\u00fc olarak ifade edilen yap\u0131lanmaya ili\u015fkin C\u0130MER ba\u015fvurular\u0131, ihbarlar, m\u00fc\u015fteki ve tan\u0131k beyanlar\u0131, ge\u00e7mi\u015f tarihli soru\u015fturma ve kovu\u015fturma dosyalar\u0131, mali analizler, banka hesap hareketleri, ticaret sicili kay\u0131tlar\u0131 ve dijital materyaller de\u011ferlendirildi.<\/p>\n<p>&nbsp;<\/p>\n<p>\u015e\u00fcphelilere y\u00f6neltilen su\u00e7lamalar \u015f\u00f6yle:<\/p>\n<p>&nbsp;<\/p>\n<p>-Su\u00e7 i\u015flemek amac\u0131yla \u00f6rg\u00fct kurmak ve y\u00f6netmek<\/p>\n<p>&nbsp;<\/p>\n<p>-Kurulan \u00f6rg\u00fcte \u00fcye olmak<\/p>\n<p>&nbsp;<\/p>\n<p>-Su\u00e7tan kaynaklanan malvarl\u0131\u011f\u0131 de\u011ferlerini aklamak<\/p>\n<p>&nbsp;<\/p>\n<p>-Nitelikli doland\u0131r\u0131c\u0131l\u0131k<\/p>\n<p>&nbsp;<\/p>\n<p>-Resmi belgede sahtecilik<\/p>\n<p>&nbsp;<\/p>\n<p>-Vergi Usul Kanunu&#8217;na muhalefet<\/p>\n<p><span>ALPARSLAN KUYTUL K\u0130MD\u0130R?<\/span><\/p>\n<p>1965 Adana do\u011fumlu olan Kuytul, kendi ki\u015fisel internet sitesinde payla\u015ft\u0131\u011f\u0131 bilgilere g\u00f6re lisans e\u011fitimini \u00c7ukurova \u00dcniversitesi Mimarl\u0131k-M\u00fchendislik Fak\u00fcltesi \u0130n\u015faat M\u00fchendisli\u011fi b\u00f6l\u00fcm\u00fcnde tamamlad\u0131.<\/p>\n<p>&nbsp;<\/p>\n<p>Daha sonra M\u0131s\u0131r&#8217;a gitti ve 1993-1997 y\u0131llar\u0131 aras\u0131nda El-Ezher \u00dcniversitesi \u015eeriat Fak\u00fcltesi \u0130slam Hukuku b\u00f6l\u00fcm\u00fcnde okudu.<\/p>\n<p>&nbsp;<\/p>\n<p>Kuytul, 1988\u2019de Karde\u015fler Kitabevi&#8217;ni kurdu; 1994&#8217;te ise Furkan E\u011fitim ve Hizmet Vakf\u0131&#8217;n\u0131 hayata ge\u00e7irdi.<\/p>\n<p>&nbsp;<\/p>\n<p>Alparslan Kuytul, May\u0131s 2022&#8217;de ise i\u015f insan\u0131 Koray Sar\u0131sa\u00e7l\u0131&#8217;n\u0131n ka\u00e7\u0131r\u0131l\u0131p al\u0131konuldu\u011fu iddias\u0131na ili\u015fkin y\u00fcr\u00fct\u00fclen soru\u015fturma g\u00f6zalt\u0131na al\u0131n\u0131p tutuklanm\u0131\u015f, Haziran 2023&#8217;te tahliye edilmi\u015fti.<\/p>\n","protected":false},"excerpt":{"rendered":"<p>Alparslan Kuytul Su\u00e7 \u00d6rg\u00fct\u00fc&#8217;ne y\u00f6nelik soru\u015fturmada, tutuklama talebiyle mahkemeye sevk edilen Alparslan Kuytul ve e\u015fi&#8230;<\/p>\n","protected":false},"author":1,"featured_media":1252,"comment_status":"open","ping_status":"open","sticky":false,"template":"","format":"standard","meta":{"footnotes":""},"categories":[14],"tags":[],"class_list":["post-1383","post","type-post","status-publish","format-standard","has-post-thumbnail","hentry","category-son-dakika"],"_links":{"self":[{"href":"https:\/\/gundem44.com.tr\/index.php?rest_route=\/wp\/v2\/posts\/1383","targetHints":{"allow":["GET"]}}],"collection":[{"href":"https:\/\/gundem44.com.tr\/index.php?rest_route=\/wp\/v2\/posts"}],"about":[{"href":"https:\/\/gundem44.com.tr\/index.php?rest_route=\/wp\/v2\/types\/post"}],"author":[{"embeddable":true,"href":"https:\/\/gundem44.com.tr\/index.php?rest_route=\/wp\/v2\/users\/1"}],"replies":[{"embeddable":true,"href":"https:\/\/gundem44.com.tr\/index.php?rest_route=%2Fwp%2Fv2%2Fcomments&post=1383"}],"version-history":[{"count":0,"href":"https:\/\/gundem44.com.tr\/index.php?rest_route=\/wp\/v2\/posts\/1383\/revisions"}],"wp:featuredmedia":[{"embeddable":true,"href":"https:\/\/gundem44.com.tr\/index.php?rest_route=\/wp\/v2\/media\/1252"}],"wp:attachment":[{"href":"https:\/\/gundem44.com.tr\/index.php?rest_route=%2Fwp%2Fv2%2Fmedia&parent=1383"}],"wp:term":[{"taxonomy":"category","embeddable":true,"href":"https:\/\/gundem44.com.tr\/index.php?rest_route=%2Fwp%2Fv2%2Fcategories&post=1383"},{"taxonomy":"post_tag","embeddable":true,"href":"https:\/\/gundem44.com.tr\/index.php?rest_route=%2Fwp%2Fv2%2Ftags&post=1383"}],"curies":[{"name":"wp","href":"https:\/\/api.w.org\/{rel}","templated":true}]}}