{"id":1367,"date":"2026-08-22T05:01:47","date_gmt":"2026-08-22T05:01:47","guid":{"rendered":"https:\/\/gundem44.com.tr\/?p=1367"},"modified":"2026-08-22T05:01:47","modified_gmt":"2026-08-22T05:01:47","slug":"turkiyeden-netanyahu-icin-kirmizi-bulten-talebi","status":"publish","type":"post","link":"https:\/\/gundem44.com.tr\/?p=1367","title":{"rendered":"T\u00fcrkiye&#8217;den Netanyahu i\u00e7in k\u0131rm\u0131z\u0131 b\u00fclten talebi"},"content":{"rendered":"<p><img decoding=\"async\" src=\"https:\/\/images.ntv.com.tr\/images\/2026-07-28T151816Z_1177399933_RC23NMAM8QSF_RTRMADP_3_USA-TRUMP-595390.JPG?width=930&amp;format=webp\" class=\"type:primaryImage\" alt=\"T\u00fcrkiye&apos;den Netanyahu i\u00e7in k\u0131rm\u0131z\u0131 b\u00fclten talebi\" \/><\/p>\n<p>\u0130srail&#8217;den T\u00fcrkiye&#8217;ye y\u00f6nelik gelen a\u00e7\u0131klamalara Ankara&#8217;dan sert tepkiler geldi. Ayr\u0131ca T\u00fcrkiye, \u0130srail Ba\u015fbakan\u0131 Binyamin Netanyahu hakk\u0131nda &#8220;soyk\u0131r\u0131m&#8221; su\u00e7undan  k\u0131rm\u0131z\u0131 b\u00fclten talep etti. <\/p>\n<p>Gazze&#8217;ye insani yard\u0131m ta\u015f\u0131yan<a href=\"https:\/\/www.ntv.com.tr\/dunya\/israilin-sumud-filosu-baskini-operasyon-degil-askeri-gosteri-8-metrelik-tekneye-8-asker-saldirdi,Sb3ivnxht0CWlflyiWa4AA\"> K\u00fcresel Sumud Filosu&#8217;na<\/a> silahl\u0131 m\u00fcdahalede bulunulmas\u0131na ili\u015fkin \u0130srail Ba\u015fbakan\u0131 Binyamin Netanyahu ve Afek Moskovitch\u2019in de bulundu\u011fu 35 san\u0131k hakk\u0131nda kovu\u015fturma s\u00fcr\u00fcyor.<\/p>\n<p>&nbsp;<\/p>\n<p>Adalet Bakan\u0131 Ak\u0131n G\u00fcrlek, sosyal medya hesab\u0131ndan Netanyahu ve Moskovitch hakk\u0131nda soyk\u0131r\u0131m su\u00e7undan 14 Temmuz 2026&#8217;da yakalama emri verildi\u011fini hat\u0131rlatt\u0131.<\/p>\n<p>&nbsp;<\/p>\n<p><strong>KIRMIZI B\u00dcLTEN TALEB\u0130<\/strong><\/p>\n<p>&nbsp;<\/p>\n<p>\u201c\u0130nsanl\u0131\u011fa Kar\u015f\u0131 Su\u00e7\u201d, \u201cSoyk\u0131r\u0131m\u201d, \u201cNitelikli Ki\u015fiyi H\u00fcrriyetinden Yoksun K\u0131lma\u201d, \u201cKasten Yaralama\u201d, \u201cEziyet\u201d, \u201cMala Zarar Verme\u201d, \u201cNitelikli Ya\u011fma\u201d ve \u201cUla\u015f\u0131m Ara\u00e7lar\u0131n\u0131n Ka\u00e7\u0131r\u0131lmas\u0131\u201d su\u00e7lar\u0131ndan yarg\u0131lanan Netanyahu ve Moskovitch hakk\u0131nda k\u0131rm\u0131z\u0131 b\u00fclten talebinde bulunuldu.<\/p>\n<p>&nbsp;<\/p>\n<p>Bakan G\u00fcrlek, Adalet Bakanl\u0131\u011f\u0131 taraf\u0131ndan uluslararas\u0131 seviyede aranmalar\u0131 amac\u0131yla k\u0131rm\u0131z\u0131 b\u00fclten yay\u0131mlanmas\u0131 \u0130\u00e7i\u015fleri Bakanl\u0131\u011f\u0131&#8217;ndan talep edildi\u011fini ve ilgili evrak\u0131n D\u0131\u015fi\u015fleri Bakanl\u0131\u011f\u0131&#8217;na iletildi\u011fini aktard\u0131.<\/p>\n<p>&nbsp;<\/p>\n<p><strong>ANKARA&#8217;DAN SERT TEPK\u0130<\/strong><\/p>\n<p>\u0130srail Ba\u015fbakanl\u0131k Ofisi&#8217;nin a\u00e7\u0131klamalar\u0131na Ankara&#8217;dan art arda tepki geldi.&nbsp;<\/p>\n<p>T\u00fcrkiye B\u00fcy\u00fck Millet Meclisi Ba\u015fkan\u0131 Numan Kurtulmu\u015f, &#8220;Gazze\u2019deki soyk\u0131r\u0131m\u0131n ba\u015f sorumlusu Netanyahu, T\u00fcrkiye\u2019ye ve Cumhurba\u015fkan\u0131m\u0131za y\u00f6neltti\u011fi ithamlarla ne su\u00e7lar\u0131n\u0131 \u00f6rtebilir ne de tarihe ge\u00e7en vah\u015fetin sorumlulu\u011fundan kurtulabilir.&#8221; dedi.<\/p>\n<p>Bir tepki de AK Parti S\u00f6zc\u00fcs\u00fc \u00d6mer \u00c7elik&#8217;ten geldi. \u00c7elik, \u201cNetanyahu \u015febekesinin gece g\u00fcnd\u00fcz Cumhurba\u015fkan\u0131m\u0131z\u0131 hedef almas\u0131n\u0131n sebebi, Cumhurba\u015fkan\u0131m\u0131z\u0131n bu katliam ve soyk\u0131r\u0131m \u015febekesinin t\u00fcm katliamlar\u0131na ve yalanlar\u0131na kar\u015f\u0131, insanl\u0131k ad\u0131na tavizsiz bir duru\u015fa sahip olmas\u0131d\u0131r. Soyk\u0131r\u0131m, katliam, yalan, cinayet ve insanl\u0131k su\u00e7lar\u0131 Netanyahu\u2019nun \u2018kimlik kart\u0131\u2019 olmu\u015ftur.\u201d payla\u015f\u0131m\u0131n\u0131 yapt\u0131.&nbsp;<\/p>\n<p>&nbsp;<\/p>\n<p>Cumhurba\u015fkanl\u0131\u011f\u0131 \u0130leti\u015fim Ba\u015fkanl\u0131\u011f\u0131 da &#8221; Netanyahu y\u00f6netiminin T\u00fcrkiye\u2019yi yeni bir tehdit fig\u00fcr\u00fc olarak in\u015fa etme \u00e7abas\u0131 ucuz siyasetin bir par\u00e7as\u0131d\u0131r&#8221; ifadesiyle tepki g\u00f6sterdi.&nbsp;<\/p>\n<p>&nbsp;<\/p>\n<p>A\u00e7\u0131klamada, \u201cTarihi ger\u00e7eklerden ve siyasi ciddiyetten yoksun hadsiz hezeyanlar\u0131; sava\u015f su\u00e7lar\u0131 ve insanl\u0131\u011fa kar\u015f\u0131 su\u00e7lar\u0131n hesab\u0131n\u0131 vermekten ka\u00e7an bir y\u00f6netimin i\u00e7ine d\u00fc\u015ft\u00fc\u011f\u00fc acziyetin bir ba\u015fka g\u00f6stergesidir. Netanyahu ve \u015f\u00fcrekas\u0131n\u0131n se\u00e7imlerde kendisine avantaj sa\u011flamay\u0131 da ama\u00e7layan bu ucuz siyasetinin, ne kendi toplumunda ne b\u00f6lgemizde ne uluslararas\u0131 toplumda ne de bizde herhangi bir kar\u015f\u0131l\u0131\u011f\u0131 yoktur.\u201d denildi.&nbsp;<\/p>\n<p>&nbsp;<\/p>\n<p>AK Parti Genel Ba\u015fkan Vekili Efkan Ala da, &nbsp;&#8220;Bu hezeyanlar\u0131n amac\u0131, soyk\u0131r\u0131mc\u0131 politikalar\u0131n yaratt\u0131\u011f\u0131 uluslararas\u0131 tepkiyi \u00f6rtme \u00e7abas\u0131d\u0131r&#8221; dedi.&nbsp;<\/p>\n<p>AK Parti Genel Ba\u015fkan Yard\u0131mc\u0131s\u0131 Faruk Acar, Cumhurba\u015fkan\u0131 Erdo\u011fan&#8217;\u0131n liderli\u011finin ve diplomatik m\u00fccadelesinin hadsizce hedef al\u0131nd\u0131\u011f\u0131n\u0131 ve &#8220;ya\u015fad\u0131klar\u0131 son \u00e7\u0131rp\u0131n\u0131\u015flar\u0131n g\u00f6stergesi oldu\u011fu a\u00e7\u0131kt\u0131r.&#8221; ifadesini kulland\u0131.<\/p>\n<p>&nbsp;<\/p>\n<p><strong>UCM TUTUKLAMA KARARI \u00c7IKARMI\u015eTI<\/strong><\/p>\n<p>&nbsp;<\/p>\n<p>Uluslararas\u0131 Ceza Mahkemesi, (UCM) Gazze&#8217;de sava\u015f su\u00e7u i\u015fledikleri gerek\u00e7esiyle \u0130srail Ba\u015fbakan\u0131 Binyamin Netanyahu ve eski savunma bakan\u0131 Yoav Gallant hakk\u0131nda tutuklama karar\u0131 \u00e7\u0131karm\u0131\u015ft\u0131.<\/p>\n<p>&nbsp;<\/p>\n<p>Mahkeme, su\u00e7lamalar aras\u0131nda cinayet, zul\u00fcm ve di\u011fer insanl\u0131k d\u0131\u015f\u0131 eylemlerin bulundu\u011funu a\u00e7\u0131klam\u0131\u015ft\u0131.<\/p>\n<p>&nbsp;<\/p>\n<p>\u0130srail, UCM&#8217;nin yarg\u0131 yetkisini reddederek tutuklama emirlerinin kald\u0131r\u0131lmas\u0131n\u0131 talep etti ancak Mahkeme Temmuz 2025&#8217;te bu talebi reddetti ve emirler y\u00fcr\u00fcrl\u00fckte kald\u0131.<\/p>\n<p>&nbsp;<\/p>\n<p>Eyl\u00fcl 2025&#8217;te ise Netanyahu&#8217;nun BM Genel Kurulu i\u00e7in ABD&#8217;ye giderken, UCM karar\u0131n\u0131 uygulayabilecek \u00fclkelerin hava sahalar\u0131ndan ka\u00e7\u0131nmak amac\u0131yla farkl\u0131 bir u\u00e7u\u015f rotas\u0131 kulland\u0131\u011f\u0131 g\u00fcndeme gelmi\u015fti.<\/p>\n<p><strong>\u0130DD\u0130ANAME D\u00dcZENLENM\u0130\u015eT\u0130<\/strong><\/p>\n<p>&nbsp;<\/p>\n<p>\u0130stanbul Cumhuriyet Ba\u015fsavc\u0131l\u0131\u011f\u0131 taraf\u0131ndan K\u00fcresel Sumud Filosu&#8217;ndaki gemilere \u0130srail g\u00fcvenlik unsurlar\u0131 taraf\u0131ndan silahl\u0131 m\u00fcdahalede bulunulmas\u0131na ili\u015fkin soru\u015fturmada<a href=\"https:\/\/www.ntv.com.tr\/gundem\/bassavciliktan-sumud-filosu-baskini-aciklamasi-35-supheli-hakkinda-iddianame-1719470\"> iddianame<\/a> d\u00fczenlenmi\u015fti.<\/p>\n<p>&nbsp;<\/p>\n<p>\u0130srail Ba\u015fbakan\u0131 Binyamin Netanyahu&#8217;nun aras\u0131nda bulundu\u011fu 35 \u015f\u00fcpheli hakk\u0131nda ayr\u0131 ayr\u0131 a\u011f\u0131rla\u015ft\u0131r\u0131lm\u0131\u015f m\u00fcebbet ve bin 102&#8217;\u015fer y\u0131l 9&#8217;ar aydan 4&#8217;er bin 596&#8217;\u015far y\u0131la kadar hapis cezas\u0131 talep edildi.<\/p>\n<p>&nbsp;<\/p>\n<p><strong>NE OLMU\u015eTU?<\/strong><\/p>\n<p>&nbsp;<\/p>\n<p>\u0130srail ordusu, 1 Ekim 2025&#8217;te Gazze&#8217;ye insani yard\u0131m ta\u015f\u0131yan K\u00fcresel Sumud Filosu&#8217;na sald\u0131rm\u0131\u015f ve filodakileri yasa d\u0131\u015f\u0131 \u015fekilde al\u0131koymu\u015ftu.<\/p>\n<p>&nbsp;<\/p>\n<p>\u0130stanbul Cumhuriyet Ba\u015fsavc\u0131l\u0131\u011f\u0131, sald\u0131r\u0131n\u0131n ard\u0131ndan uluslararas\u0131 sularda T\u00fcrk vatanda\u015flar\u0131n\u0131n al\u0131konulmas\u0131na ili\u015fkin &#8220;Birle\u015fmi\u015f Milletler Deniz Hukuku S\u00f6zle\u015fmesi&#8217;ndeki d\u00fczenlemeler&#8221;, Ceza Muhakemesi Kanunu&#8217;nun 15. maddesindeki yetki kurallar\u0131 ve T\u00fcrk Ceza Kanunu&#8217;nun 12. ve 13. maddelerindeki g\u00f6rev kurallar\u0131 \u00e7er\u00e7evesinde &#8220;ki\u015fiyi h\u00fcrriyetinden yoksun k\u0131lma&#8221;, &#8220;ula\u015f\u0131m ara\u00e7lar\u0131n\u0131n ka\u00e7\u0131r\u0131lmas\u0131 veya al\u0131konulmas\u0131&#8221;, &#8220;nitelikli ya\u011fma&#8221;, &#8220;mala zarar verme&#8221; ve &#8220;eziyet&#8221; su\u00e7lar\u0131ndan soru\u015fturma ba\u015flatm\u0131\u015ft\u0131.<\/p>\n","protected":false},"excerpt":{"rendered":"<p>\u0130srail&#8217;den T\u00fcrkiye&#8217;ye y\u00f6nelik gelen a\u00e7\u0131klamalara Ankara&#8217;dan sert tepkiler geldi. Ayr\u0131ca T\u00fcrkiye, \u0130srail Ba\u015fbakan\u0131 Binyamin Netanyahu&#8230;<\/p>\n","protected":false},"author":1,"featured_media":1252,"comment_status":"open","ping_status":"open","sticky":false,"template":"","format":"standard","meta":{"footnotes":""},"categories":[14],"tags":[],"class_list":["post-1367","post","type-post","status-publish","format-standard","has-post-thumbnail","hentry","category-son-dakika"],"_links":{"self":[{"href":"https:\/\/gundem44.com.tr\/index.php?rest_route=\/wp\/v2\/posts\/1367","targetHints":{"allow":["GET"]}}],"collection":[{"href":"https:\/\/gundem44.com.tr\/index.php?rest_route=\/wp\/v2\/posts"}],"about":[{"href":"https:\/\/gundem44.com.tr\/index.php?rest_route=\/wp\/v2\/types\/post"}],"author":[{"embeddable":true,"href":"https:\/\/gundem44.com.tr\/index.php?rest_route=\/wp\/v2\/users\/1"}],"replies":[{"embeddable":true,"href":"https:\/\/gundem44.com.tr\/index.php?rest_route=%2Fwp%2Fv2%2Fcomments&post=1367"}],"version-history":[{"count":0,"href":"https:\/\/gundem44.com.tr\/index.php?rest_route=\/wp\/v2\/posts\/1367\/revisions"}],"wp:featuredmedia":[{"embeddable":true,"href":"https:\/\/gundem44.com.tr\/index.php?rest_route=\/wp\/v2\/media\/1252"}],"wp:attachment":[{"href":"https:\/\/gundem44.com.tr\/index.php?rest_route=%2Fwp%2Fv2%2Fmedia&parent=1367"}],"wp:term":[{"taxonomy":"category","embeddable":true,"href":"https:\/\/gundem44.com.tr\/index.php?rest_route=%2Fwp%2Fv2%2Fcategories&post=1367"},{"taxonomy":"post_tag","embeddable":true,"href":"https:\/\/gundem44.com.tr\/index.php?rest_route=%2Fwp%2Fv2%2Ftags&post=1367"}],"curies":[{"name":"wp","href":"https:\/\/api.w.org\/{rel}","templated":true}]}}