{"id":1358,"date":"2026-08-21T16:09:43","date_gmt":"2026-08-21T16:09:43","guid":{"rendered":"https:\/\/gundem44.com.tr\/?p=1358"},"modified":"2026-08-21T16:09:43","modified_gmt":"2026-08-21T16:09:43","slug":"furkan-vakfi-sorusturmasi-gozalti-sayisi-62ye-yukseldi-kacirilan-hard-disklere-el-konuldu","status":"publish","type":"post","link":"https:\/\/gundem44.com.tr\/?p=1358","title":{"rendered":"Furkan Vakf\u0131 soru\u015fturmas\u0131: G\u00f6zalt\u0131 say\u0131s\u0131 62&#8217;ye y\u00fckseldi, ka\u00e7\u0131r\u0131lan hard disklere el konuldu"},"content":{"rendered":"<p><img decoding=\"async\" src=\"https:\/\/images.ntv.com.tr\/images\/KUYTUL-600761.jpg?width=930&amp;format=webp\" class=\"type:primaryImage\" alt=\"Furkan Vakf\u0131 soru\u015fturmas\u0131: G\u00f6zalt\u0131 say\u0131s\u0131 62&apos;ye y\u00fckseldi, ka\u00e7\u0131r\u0131lan hard disklere el konuldu\" \/><\/p>\n<p>&#8220;Kuytulcular&#8221; olarak bilinen yap\u0131lanmaya y\u00f6nelik soru\u015fturmada g\u00f6zalt\u0131 say\u0131s\u0131 62&#8217;ye y\u00fckseldi. \u00d6te yandan \u00f6nceden ka\u00e7\u0131r\u0131ld\u0131\u011f\u0131 tespit edilen baz\u0131 bilgisayar ve hard disklere de el konuldu. <\/p>\n<p>Kamuoyunda &#8220;Kuytulcular&#8221; olarak bilinen yap\u0131lanmaya y\u00f6nelik soru\u015fturma s\u00fcr\u00fcyor.<\/p>\n<p>&nbsp;<\/p>\n<p>Adana Cumhuriyet Ba\u015fsavc\u0131l\u0131\u011f\u0131 taraf\u0131ndan y\u00fcr\u00fct\u00fclen soru\u015fturmada bug\u00fcn yeni geli\u015fmeler ya\u015fand\u0131.<\/p>\n<p><span>B\u0130LG\u0130SAYAR KASALARINI KA\u00c7IRMI\u015eLAR<\/span><\/p>\n<p>Soru\u015fturma kapsam\u0131nda &#8216;Alparslan Kuytul Su\u00e7 \u00d6rg\u00fct\u00fc&#8217;ne y\u00f6nelik grubun lideri Alparslan Kuytul ile \u00e7ok say\u0131da ki\u015finin evine 19 A\u011fustos sabah saatlerinde operasyon d\u00fczenlenmi\u015fti.<\/p>\n<p>&nbsp;<\/p>\n<p>49 adrese e\u015f zamanl\u0131 yap\u0131lan bask\u0131nlarda polis \u00f6rg\u00fct\u00fcn idari binas\u0131nda detayl\u0131 arama yapt\u0131.<\/p>\n<p>&nbsp;<\/p>\n<p>Baz\u0131 bilgisayar kasalar\u0131n\u0131n bo\u015falt\u0131ld\u0131\u011f\u0131n\u0131 ve hard disklerin \u00f6nceden ka\u00e7\u0131r\u0131ld\u0131\u011f\u0131n\u0131 tespit etti.<\/p>\n<p>Baz\u0131 adreslerde bilgisayar ekranlar\u0131n\u0131n yerinde oldu\u011fu ancak kasalar\u0131n tamamen ortadan kald\u0131r\u0131ld\u0131\u011f\u0131 tespit edildi.<\/p>\n<p>&nbsp;<\/p>\n<p>Yok edilen disklerde \u00f6rg\u00fctsel dok\u00fcmanlar olabilece\u011fi de\u011ferlendiriliyor.&nbsp;<\/p>\n<p>Ayr\u0131ca binada \u015fifreli giri\u015f sistemi ve \u015fifreli kap\u0131lar bulundu\u011fu da dikkat \u00e7ekti.<\/p>\n<p>&nbsp;<\/p>\n<p>Soru\u015fturma kapsam\u0131nda yap\u0131lanman\u0131n internet ve sosyal medya sorumlusu oldu\u011fu \u00f6\u011frenilen Muhammet Yasin Birer&#8217;in evinde arama yap\u0131ld\u0131.<\/p>\n<p>&nbsp;<\/p>\n<p>Aramada, yakla\u015f\u0131k 3,9 milyon lira de\u011ferinde nakit para, alt\u0131n ve ziynet e\u015fyas\u0131 ele ge\u00e7irildi.<\/p>\n<p><span>KA\u00c7IRILAN HARD D\u0130SK VE B\u0130LG\u0130SAYAR KASALARINA EL KONULDU<\/span><\/p>\n<p>Adana Cumhuriyet Ba\u015fsavc\u0131l\u0131\u011f\u0131n\u0131n talimat\u0131 \u00fczerine, Adana \u0130l Emniyet M\u00fcd\u00fcrl\u00fc\u011f\u00fcn\u00fcn titiz \u00e7al\u0131\u015fmalar\u0131yla s\u00f6z konusu dijital materyallerin izi s\u00fcr\u00fcld\u00fc.&nbsp;<\/p>\n<p>&nbsp;<\/p>\n<p>Ka\u00e7\u0131r\u0131lan hard disk ve bilgisayar kasalar\u0131n\u0131n tamam\u0131na el konularak delilleri karartma giri\u015fimi sonu\u00e7suz b\u0131rak\u0131ld\u0131.<\/p>\n<p><span>KUYTUL&#8217;UN AVUKATI DA G\u00d6ZALTINDA<\/span><\/p>\n<p>Furkan Vakf\u0131 Kurucu Ba\u015fkan\u0131 Alparslan Kuytul ile e\u015fi Semra Kuytul&#8217;un da g\u00f6zalt\u0131na al\u0131nd\u0131\u011f\u0131 soru\u015fturmada g\u00f6zalt\u0131 say\u0131s\u0131 62&#8217;ye y\u00fckseldi.<\/p>\n<p>&nbsp;<\/p>\n<p>Bug\u00fcn g\u00f6zalt\u0131na al\u0131nan isimler aras\u0131nda Kuytul&#8217;un avukatlar\u0131ndan Ali\u015fan \u0130.&#8217;nin de bulundu\u011fu \u00f6\u011frenildi.<\/p>\n<p>&nbsp;<\/p>\n<p>\u015e\u00fcphelilerin emniyetteki i\u015flemleri s\u00fcr\u00fcyor.<\/p>\n<p><span>NE OLMU\u015eTU?<\/span><\/p>\n<p>Adana Emniyet M\u00fcd\u00fcrl\u00fc\u011f\u00fc Ter\u00f6rle M\u00fccadele \u015eube M\u00fcd\u00fcrl\u00fc\u011f\u00fc ekipleri, 19 A\u011fustos \u00c7ar\u015famba sabah\u0131 Furkan Vakf\u0131&#8217;na y\u00f6nelik operasyon <a href=\"https:\/\/www.ntv.com.tr\/turkiye\/galeri-alparslan-kuytul-ve-esi-gozaltina-alindi-1737946\/1\">d\u00fczenlemi\u015fti<\/a>.<\/p>\n<p>&nbsp;<\/p>\n<p>Adana merkezli alt\u0131 ilde 49 adrese e\u015f zamanl\u0131 d\u00fczenlenen operasyonda, Vakf\u0131n Kurucu Ba\u015fkan\u0131 Alparslan Kuytul&#8217;un evinde arama yap\u0131l\u0131rken kendisi ve e\u015fi Semra Kuytul da g\u00f6zalt\u0131na al\u0131nm\u0131\u015ft\u0131.<\/p>\n<p>&nbsp;<\/p>\n<p>Ayn\u0131 operasyonda \u00e7ok say\u0131da vak\u0131f \u00fcyesi de g\u00f6zalt\u0131na al\u0131nd\u0131.<\/p>\n<p><span>\u015e\u00dcPHEL\u0130LERE Y\u00d6NELT\u0130LEN SU\u00c7LAMALAR NE?<\/span><\/p>\n<p>Adana Cumhuriyet Ba\u015fsavc\u0131l\u0131\u011f\u0131 taraf\u0131ndan y\u00fcr\u00fct\u00fclen soru\u015fturma kapsam\u0131nda, su\u00e7 \u00f6rg\u00fct\u00fc olarak ifade edilen yap\u0131lanmaya ili\u015fkin C\u0130MER ba\u015fvurular\u0131, ihbarlar, m\u00fc\u015fteki ve tan\u0131k beyanlar\u0131, ge\u00e7mi\u015f tarihli soru\u015fturma ve kovu\u015fturma dosyalar\u0131, mali analizler, banka hesap hareketleri, ticaret sicili kay\u0131tlar\u0131 ve dijital materyaller de\u011ferlendirildi.<\/p>\n<p>&nbsp;<\/p>\n<p>\u015e\u00fcphelilere y\u00f6neltilen su\u00e7lamalar \u015f\u00f6yle:<\/p>\n<p>&nbsp;<\/p>\n<p>-Su\u00e7 i\u015flemek amac\u0131yla \u00f6rg\u00fct kurmak ve y\u00f6netmek<\/p>\n<p>&nbsp;<\/p>\n<p>-Kurulan \u00f6rg\u00fcte \u00fcye olmak<\/p>\n<p>&nbsp;<\/p>\n<p>-Su\u00e7tan kaynaklanan malvarl\u0131\u011f\u0131 de\u011ferlerini aklamak<\/p>\n<p>&nbsp;<\/p>\n<p>-Nitelikli doland\u0131r\u0131c\u0131l\u0131k<\/p>\n<p>&nbsp;<\/p>\n<p>-Resmi belgede sahtecilik<\/p>\n<p>&nbsp;<\/p>\n<p>-Vergi Usul Kanunu&#8217;na muhalefet<\/p>\n<p><span>ALPARSLAN KUYTUL K\u0130MD\u0130R?<\/span><\/p>\n<p>1965 Adana do\u011fumlu olan Kuytul, kendi ki\u015fisel internet sitesinde payla\u015ft\u0131\u011f\u0131 bilgilere g\u00f6re lisans e\u011fitimini \u00c7ukurova \u00dcniversitesi Mimarl\u0131k-M\u00fchendislik Fak\u00fcltesi \u0130n\u015faat M\u00fchendisli\u011fi b\u00f6l\u00fcm\u00fcnde tamamlad\u0131.<\/p>\n<p>&nbsp;<\/p>\n<p>Daha sonra M\u0131s\u0131r&#8217;a gitti ve 1993-1997 y\u0131llar\u0131 aras\u0131nda El-Ezher \u00dcniversitesi \u015eeriat Fak\u00fcltesi \u0130slam Hukuku b\u00f6l\u00fcm\u00fcnde okudu.<\/p>\n<p>&nbsp;<\/p>\n<p>Kuytul, 1988\u2019de Karde\u015fler Kitabevi&#8217;ni kurdu; 1994&#8217;te ise Furkan E\u011fitim ve Hizmet Vakf\u0131&#8217;n\u0131 hayata ge\u00e7irdi.<\/p>\n<p>&nbsp;<\/p>\n<p>Alparslan Kuytul, May\u0131s 2022&#8217;de ise i\u015f insan\u0131 Koray Sar\u0131sa\u00e7l\u0131&#8217;n\u0131n ka\u00e7\u0131r\u0131l\u0131p al\u0131konuldu\u011fu iddias\u0131na ili\u015fkin y\u00fcr\u00fct\u00fclen soru\u015fturma g\u00f6zalt\u0131na al\u0131n\u0131p tutuklanm\u0131\u015f, Haziran 2023&#8217;te tahliye edilmi\u015fti.<\/p>\n","protected":false},"excerpt":{"rendered":"<p>&#8220;Kuytulcular&#8221; olarak bilinen yap\u0131lanmaya y\u00f6nelik soru\u015fturmada g\u00f6zalt\u0131 say\u0131s\u0131 62&#8217;ye y\u00fckseldi. \u00d6te yandan \u00f6nceden ka\u00e7\u0131r\u0131ld\u0131\u011f\u0131 tespit&#8230;<\/p>\n","protected":false},"author":1,"featured_media":1252,"comment_status":"open","ping_status":"open","sticky":false,"template":"","format":"standard","meta":{"footnotes":""},"categories":[14],"tags":[],"class_list":["post-1358","post","type-post","status-publish","format-standard","has-post-thumbnail","hentry","category-son-dakika"],"_links":{"self":[{"href":"https:\/\/gundem44.com.tr\/index.php?rest_route=\/wp\/v2\/posts\/1358","targetHints":{"allow":["GET"]}}],"collection":[{"href":"https:\/\/gundem44.com.tr\/index.php?rest_route=\/wp\/v2\/posts"}],"about":[{"href":"https:\/\/gundem44.com.tr\/index.php?rest_route=\/wp\/v2\/types\/post"}],"author":[{"embeddable":true,"href":"https:\/\/gundem44.com.tr\/index.php?rest_route=\/wp\/v2\/users\/1"}],"replies":[{"embeddable":true,"href":"https:\/\/gundem44.com.tr\/index.php?rest_route=%2Fwp%2Fv2%2Fcomments&post=1358"}],"version-history":[{"count":0,"href":"https:\/\/gundem44.com.tr\/index.php?rest_route=\/wp\/v2\/posts\/1358\/revisions"}],"wp:featuredmedia":[{"embeddable":true,"href":"https:\/\/gundem44.com.tr\/index.php?rest_route=\/wp\/v2\/media\/1252"}],"wp:attachment":[{"href":"https:\/\/gundem44.com.tr\/index.php?rest_route=%2Fwp%2Fv2%2Fmedia&parent=1358"}],"wp:term":[{"taxonomy":"category","embeddable":true,"href":"https:\/\/gundem44.com.tr\/index.php?rest_route=%2Fwp%2Fv2%2Fcategories&post=1358"},{"taxonomy":"post_tag","embeddable":true,"href":"https:\/\/gundem44.com.tr\/index.php?rest_route=%2Fwp%2Fv2%2Ftags&post=1358"}],"curies":[{"name":"wp","href":"https:\/\/api.w.org\/{rel}","templated":true}]}}