{"id":1357,"date":"2026-08-21T16:09:43","date_gmt":"2026-08-21T16:09:43","guid":{"rendered":"https:\/\/gundem44.com.tr\/?p=1357"},"modified":"2026-08-21T16:09:43","modified_gmt":"2026-08-21T16:09:43","slug":"turkiye-dahil-11-ulkeden-israilin-suriye-saldirilarina-ortak-kinama","status":"publish","type":"post","link":"https:\/\/gundem44.com.tr\/?p=1357","title":{"rendered":"T\u00fcrkiye dahil 11 \u00fclkeden \u0130srail\u2019in Suriye sald\u0131r\u0131lar\u0131na ortak k\u0131nama"},"content":{"rendered":"<p><img decoding=\"async\" src=\"https:\/\/images.ntv.com.tr\/images\/D\u0131\u015fi\u015fleriBakanl\u0131\u011f\u0131-120292-481244.webp?width=930&amp;format=webp\" class=\"type:primaryImage\" alt=\"T\u00fcrkiye dahil 11 \u00fclkeden \u0130srail\u2019in Suriye sald\u0131r\u0131lar\u0131na ortak k\u0131nama\" \/><\/p>\n<p>T\u00fcrkiye\u2019nin de aralar\u0131nda bulundu\u011fu 11 \u00fclke, \u0130srail\u2019in Suriye\u2019nin kuzeybat\u0131s\u0131ndaki Ebu Zuhur Askeri Hava \u00dcss\u00fc\u2019ne y\u00f6nelik hava sald\u0131r\u0131lar\u0131n\u0131 ortak a\u00e7\u0131klamayla k\u0131nad\u0131.<\/p>\n<p>T\u00fcrkiye, Cezayir, Endonezya, Filistin, Katar, L\u00fcbnan, Malezya, Moritanya, Pakistan, Somali ve Suudi Arabistan d\u0131\u015fi\u015fleri bakanlar\u0131, \u0130srail\u2019in Suriye\u2019nin kuzeybat\u0131s\u0131ndaki Ebu Zuhur Askeri Hava \u00dcss\u00fc\u2019n\u00fc hedef alan sald\u0131r\u0131lar\u0131na ili\u015fkin ortak a\u00e7\u0131klama yay\u0131mlad\u0131.<\/p>\n<p>&nbsp;<\/p>\n<p>D\u0131\u015fi\u015fleri Bakanl\u0131\u011f\u0131 taraf\u0131ndan payla\u015f\u0131lan a\u00e7\u0131klamada, sald\u0131r\u0131lar\u0131n \u015fiddetle k\u0131nand\u0131\u011f\u0131 belirtilerek, \u201cBu sald\u0131r\u0131lar, son derece tehlikeli bir t\u0131rman\u0131\u015f\u0131 ve Suriye Arap Cumhuriyeti&#8217;nin egemenli\u011finin, toprak b\u00fct\u00fcnl\u00fc\u011f\u00fcn\u00fcn ve siyasi birli\u011finin a\u00e7\u0131k bir ihlalini te\u015fkil etmektedir.\u201d denildi.<\/p>\n<p>&nbsp;<\/p>\n<p>A\u00e7\u0131klamada, Suriye topraklar\u0131 ve altyap\u0131s\u0131n\u0131n s\u00fcrekli hedef al\u0131nmas\u0131ndan duyulan \u201cderin endi\u015fe\u201d dile getirildi.<\/p>\n<p>&nbsp;<\/p>\n<p>Sald\u0131r\u0131lar\u0131n, Suriye\u2019nin g\u00fcvenli\u011fi yeniden tesis etme, ulusal kurumlar\u0131n\u0131 yeniden in\u015fa etme ve y\u0131llard\u0131r s\u00fcren \u00e7at\u0131\u015fmalar\u0131n insani sonu\u00e7lar\u0131n\u0131 giderme \u00e7abalar\u0131n\u0131 sekteye u\u011fratabilece\u011fi vurguland\u0131.<\/p>\n<p>&nbsp;<\/p>\n<p><strong>ULUSLARARASI TOPLUMA \u00c7A\u011eRI<\/strong><\/p>\n<p>&nbsp;<\/p>\n<p>Ortak a\u00e7\u0131klamada, \u0130srail\u2019in Suriye\u2019nin egemenli\u011fini ve toprak b\u00fct\u00fcnl\u00fc\u011f\u00fcn\u00fc ihlal etmeyi s\u00fcrd\u00fcrmesinin b\u00f6lgesel gerilimi art\u0131rabilece\u011fi, bar\u0131\u015f ve istikrar\u0131 bozabilece\u011fi ve uluslararas\u0131 hukuka duyulan sayg\u0131y\u0131 zedeleyebilece\u011fi kaydedildi.<\/p>\n<p>&nbsp;<\/p>\n<p>11 \u00fclkenin d\u0131\u015fi\u015fleri bakanlar\u0131, uluslararas\u0131 topluma \u0130srail\u2019in Suriye\u2019ye y\u00f6nelik sald\u0131r\u0131lar\u0131 kar\u015f\u0131s\u0131nda \u201ckararl\u0131, net ve ilkeli\u201d bir tutum sergileme \u00e7a\u011fr\u0131s\u0131nda bulundu.<\/p>\n<p>&nbsp;<\/p>\n<p>A\u00e7\u0131klamada, uluslararas\u0131 hukuk ve Birle\u015fmi\u015f Milletler \u015eart\u0131 \u00e7er\u00e7evesinde somut ad\u0131mlar at\u0131lmas\u0131, ihlallerin sona erdirilmesi ve 1974 Kuvvetlerin Ayr\u0131\u015ft\u0131r\u0131lmas\u0131 Anla\u015fmas\u0131\u2019na tam olarak uyulmas\u0131n\u0131n sa\u011flanmas\u0131 istendi.<\/p>\n<p>&nbsp;<\/p>\n<p>\u0130srail g\u00fc\u00e7ler\u0131n\u0131n i\u015fgal ettikleri b\u00f6lgelerden \u00e7ekilmesi gerekti\u011fi belirtilen a\u00e7\u0131klamada, bunun gerilimin daha fazla t\u0131rmanmas\u0131n\u0131 \u00f6nlemek ve b\u00f6lgesel bar\u0131\u015f ile istikrar\u0131 korumak a\u00e7\u0131s\u0131ndan \u00f6nem ta\u015f\u0131d\u0131\u011f\u0131 ifade edildi.<\/p>\n<p>&nbsp;<\/p>\n<p>D\u0131\u015fi\u015fleri bakanlar\u0131 ayr\u0131ca Suriye\u2019nin egemenli\u011fine, ba\u011f\u0131ms\u0131zl\u0131\u011f\u0131na, toprak b\u00fct\u00fcnl\u00fc\u011f\u00fcne ve siyasi birli\u011fine sayg\u0131 g\u00f6sterilmesi gerekti\u011fini vurgulayarak, bunlara zarar vermeye y\u00f6nelik her t\u00fcrl\u00fc giri\u015fimi reddettiklerini bildirdi.<\/p>\n","protected":false},"excerpt":{"rendered":"<p>T\u00fcrkiye\u2019nin de aralar\u0131nda bulundu\u011fu 11 \u00fclke, \u0130srail\u2019in Suriye\u2019nin kuzeybat\u0131s\u0131ndaki Ebu Zuhur Askeri Hava \u00dcss\u00fc\u2019ne y\u00f6nelik&#8230;<\/p>\n","protected":false},"author":1,"featured_media":1252,"comment_status":"open","ping_status":"open","sticky":false,"template":"","format":"standard","meta":{"footnotes":""},"categories":[14],"tags":[],"class_list":["post-1357","post","type-post","status-publish","format-standard","has-post-thumbnail","hentry","category-son-dakika"],"_links":{"self":[{"href":"https:\/\/gundem44.com.tr\/index.php?rest_route=\/wp\/v2\/posts\/1357","targetHints":{"allow":["GET"]}}],"collection":[{"href":"https:\/\/gundem44.com.tr\/index.php?rest_route=\/wp\/v2\/posts"}],"about":[{"href":"https:\/\/gundem44.com.tr\/index.php?rest_route=\/wp\/v2\/types\/post"}],"author":[{"embeddable":true,"href":"https:\/\/gundem44.com.tr\/index.php?rest_route=\/wp\/v2\/users\/1"}],"replies":[{"embeddable":true,"href":"https:\/\/gundem44.com.tr\/index.php?rest_route=%2Fwp%2Fv2%2Fcomments&post=1357"}],"version-history":[{"count":0,"href":"https:\/\/gundem44.com.tr\/index.php?rest_route=\/wp\/v2\/posts\/1357\/revisions"}],"wp:featuredmedia":[{"embeddable":true,"href":"https:\/\/gundem44.com.tr\/index.php?rest_route=\/wp\/v2\/media\/1252"}],"wp:attachment":[{"href":"https:\/\/gundem44.com.tr\/index.php?rest_route=%2Fwp%2Fv2%2Fmedia&parent=1357"}],"wp:term":[{"taxonomy":"category","embeddable":true,"href":"https:\/\/gundem44.com.tr\/index.php?rest_route=%2Fwp%2Fv2%2Fcategories&post=1357"},{"taxonomy":"post_tag","embeddable":true,"href":"https:\/\/gundem44.com.tr\/index.php?rest_route=%2Fwp%2Fv2%2Ftags&post=1357"}],"curies":[{"name":"wp","href":"https:\/\/api.w.org\/{rel}","templated":true}]}}