{"id":1356,"date":"2026-08-21T16:09:43","date_gmt":"2026-08-21T16:09:43","guid":{"rendered":"https:\/\/gundem44.com.tr\/?p=1356"},"modified":"2026-08-21T16:09:43","modified_gmt":"2026-08-21T16:09:43","slug":"ak-parti-sozcusu-celikten-israile-tepki-soykirim-ve-katliam-netanyahunun-kimlik-karti-olmustur","status":"publish","type":"post","link":"https:\/\/gundem44.com.tr\/?p=1356","title":{"rendered":"AK Parti S\u00f6zc\u00fcs\u00fc \u00c7elik&#8217;ten \u0130srail&#8217;e tepki: Soyk\u0131r\u0131m ve katliam Netanyahu&#8217;nun kimlik kart\u0131 olmu\u015ftur"},"content":{"rendered":"<p><img decoding=\"async\" src=\"https:\/\/images.ntv.com.tr\/images\/78a0ae07-6fa7-4a46-9015-de1126c573ab(6).jpg?width=930&amp;format=webp\" class=\"type:primaryImage\" alt=\"AK Parti S\u00f6zc\u00fcs\u00fc \u00c7elik&apos;ten \u0130srail&apos;e tepki: Soyk\u0131r\u0131m ve katliam Netanyahu&apos;nun kimlik kart\u0131 olmu\u015ftur\" \/><\/p>\n<p>AK Parti S\u00f6zc\u00fcs\u00fc \u00d6mer \u00c7elik, \u0130srail Ba\u015fbakanl\u0131k Ofisi&#8217;nin Cumhurba\u015fkan\u0131 Recep Tayyip Erdo\u011fan&#8217;a y\u00f6nelik a\u00e7\u0131klamas\u0131na tepki g\u00f6sterdi.<\/p>\n<p>\u00c7elik, X hesab\u0131ndan yapt\u0131\u011f\u0131 payla\u015f\u0131mda, \u0130srail Ba\u015fbakanl\u0131k Ofisi&#8217;nin Cumhurba\u015fkan\u0131 Erdo\u011fan i\u00e7in kulland\u0131\u011f\u0131 ifadelerin \u0130srail Ba\u015fbakan\u0131 Benyamin Netanyahu&#8217;yu tan\u0131mlad\u0131\u011f\u0131n\u0131 s\u00f6yledi.<\/p>\n<p>&nbsp;<\/p>\n<p>\u00c7elik, \u015fu ifadeleri kulland\u0131:<\/p>\n<p>&nbsp;<\/p>\n<p>&#8220;\u0130srail Ba\u015fbakanl\u0131k Ofisi\u2019nin yapt\u0131\u011f\u0131 a\u00e7\u0131klamada, Netanyahu i\u00e7in kullan\u0131lmas\u0131 gereken ifadeleri Say\u0131n Cumhurba\u015fkan\u0131m\u0131z i\u00e7in kullanm\u0131\u015flar.<\/p>\n<p>&nbsp;<\/p>\n<p>Netanyahu \u015febekesinin gece g\u00fcnd\u00fcz Cumhurba\u015fkan\u0131m\u0131z\u0131 hedef almas\u0131n\u0131n sebebi, Cumhurba\u015fkan\u0131m\u0131z\u0131n bu katliam ve soyk\u0131r\u0131m \u015febekesinin t\u00fcm katliamlar\u0131na ve yalanlar\u0131na kar\u015f\u0131, insanl\u0131k ad\u0131na tavizsiz bir duru\u015fa sahip olmas\u0131d\u0131r.<\/p>\n<p>&nbsp;<\/p>\n<p>Soyk\u0131r\u0131m, katliam, yalan, cinayet ve insanl\u0131k su\u00e7lar\u0131 Netanyahu\u2019nun &#8216;kimlik kart\u0131&#8217; olmu\u015ftur.&#8221;<\/p>\n<p>&nbsp;<\/p>\n<p><strong>NETANYAHU HAKKINDA KIRMIZI B\u00dcLTEN TALEB\u0130<\/strong><\/p>\n<p>&nbsp;<\/p>\n<p>\u00c7elik&#8217;in tepki g\u00f6sterdi\u011fi \u0130srail a\u00e7\u0131klamas\u0131, T\u00fcrkiye&#8217;nin Netanyahu hakk\u0131nda Interpol arac\u0131l\u0131\u011f\u0131yla k\u0131rm\u0131z\u0131 b\u00fclten \u00e7\u0131kar\u0131lmas\u0131 i\u00e7in giri\u015fimde bulundu\u011fu g\u00fcn geldi.<\/p>\n<p>&nbsp;<\/p>\n<p>Adalet Bakan\u0131 Ak\u0131n G\u00fcrlek, Gazze&#8217;ye insani yard\u0131m g\u00f6t\u00fcren K\u00fcresel Sumud Filosu&#8217;na uluslararas\u0131 sularda ger\u00e7ekle\u015ftirilen m\u00fcdahaleye ili\u015fkin \u0130stanbul 11. A\u011f\u0131r Ceza Mahkemesi&#8217;nde 35 san\u0131k hakk\u0131nda y\u00fcr\u00fct\u00fclen davan\u0131n devam etti\u011fini a\u00e7\u0131klad\u0131.<\/p>\n<p>&nbsp;<\/p>\n<p>G\u00fcrlek, Netanyahu ile Afek Moskovitch hakk\u0131nda &#8220;soyk\u0131r\u0131m&#8221; su\u00e7undan 14 Temmuz 2026&#8217;da verilen yakalama emirleri do\u011frultusunda, uluslararas\u0131 d\u00fczeyde aranmalar\u0131 amac\u0131yla k\u0131rm\u0131z\u0131 b\u00fclten \u00e7\u0131kar\u0131lmas\u0131n\u0131n \u0130\u00e7i\u015fleri Bakanl\u0131\u011f\u0131&#8217;ndan talep edildi\u011fini bildirdi.<\/p>\n","protected":false},"excerpt":{"rendered":"<p>AK Parti S\u00f6zc\u00fcs\u00fc \u00d6mer \u00c7elik, \u0130srail Ba\u015fbakanl\u0131k Ofisi&#8217;nin Cumhurba\u015fkan\u0131 Recep Tayyip Erdo\u011fan&#8217;a y\u00f6nelik a\u00e7\u0131klamas\u0131na tepki&#8230;<\/p>\n","protected":false},"author":1,"featured_media":1252,"comment_status":"open","ping_status":"open","sticky":false,"template":"","format":"standard","meta":{"footnotes":""},"categories":[14],"tags":[],"class_list":["post-1356","post","type-post","status-publish","format-standard","has-post-thumbnail","hentry","category-son-dakika"],"_links":{"self":[{"href":"https:\/\/gundem44.com.tr\/index.php?rest_route=\/wp\/v2\/posts\/1356","targetHints":{"allow":["GET"]}}],"collection":[{"href":"https:\/\/gundem44.com.tr\/index.php?rest_route=\/wp\/v2\/posts"}],"about":[{"href":"https:\/\/gundem44.com.tr\/index.php?rest_route=\/wp\/v2\/types\/post"}],"author":[{"embeddable":true,"href":"https:\/\/gundem44.com.tr\/index.php?rest_route=\/wp\/v2\/users\/1"}],"replies":[{"embeddable":true,"href":"https:\/\/gundem44.com.tr\/index.php?rest_route=%2Fwp%2Fv2%2Fcomments&post=1356"}],"version-history":[{"count":0,"href":"https:\/\/gundem44.com.tr\/index.php?rest_route=\/wp\/v2\/posts\/1356\/revisions"}],"wp:featuredmedia":[{"embeddable":true,"href":"https:\/\/gundem44.com.tr\/index.php?rest_route=\/wp\/v2\/media\/1252"}],"wp:attachment":[{"href":"https:\/\/gundem44.com.tr\/index.php?rest_route=%2Fwp%2Fv2%2Fmedia&parent=1356"}],"wp:term":[{"taxonomy":"category","embeddable":true,"href":"https:\/\/gundem44.com.tr\/index.php?rest_route=%2Fwp%2Fv2%2Fcategories&post=1356"},{"taxonomy":"post_tag","embeddable":true,"href":"https:\/\/gundem44.com.tr\/index.php?rest_route=%2Fwp%2Fv2%2Ftags&post=1356"}],"curies":[{"name":"wp","href":"https:\/\/api.w.org\/{rel}","templated":true}]}}