{"id":1347,"date":"2026-08-21T03:15:17","date_gmt":"2026-08-21T03:15:17","guid":{"rendered":"https:\/\/gundem44.com.tr\/?p=1347"},"modified":"2026-08-21T03:15:17","modified_gmt":"2026-08-21T03:15:17","slug":"iki-otomobil-kafa-kafaya-carpisti-iki-kisi-oldu-iki-yarali","status":"publish","type":"post","link":"https:\/\/gundem44.com.tr\/?p=1347","title":{"rendered":"\u0130ki otomobil kafa kafaya \u00e7arp\u0131\u015ft\u0131. \u0130ki ki\u015fi \u00f6ld\u00fc, iki yaral\u0131"},"content":{"rendered":"<p><img decoding=\"async\" src=\"https:\/\/images.ntv.com.tr\/images\/AW771488_03-583654.jpg?width=930&amp;format=webp\" class=\"type:primaryImage\" alt=\"\u0130ki otomobil kafa kafaya \u00e7arp\u0131\u015ft\u0131. \u0130ki ki\u015fi \u00f6ld\u00fc, iki yaral\u0131\" \/><\/p>\n<p>Bursa&#8217;n\u0131n Nil\u00fcfer il\u00e7esinde, iki otomobilin \u00e7arp\u0131\u015ft\u0131\u011f\u0131 kazada 2 ki\u015fi \u00f6ld\u00fc, 2 ki\u015fi yaraland\u0131.<\/p>\n<p>\u00c7al\u0131 Mahallesi Ah\u0131ska Caddesi&#8217;nde Yal\u00e7\u0131n \u00d6. y\u00f6netimindeki 34 NVG 362 plakal\u0131 otomobil ile G\u00fcl\u00e7in K. idaresindeki 16 GY 114 plakal\u0131 otomobil \u00e7arp\u0131\u015ft\u0131.<\/p>\n<p>&nbsp;<\/p>\n<p>\u0130hbar \u00fczerine kaza yerine polis, sa\u011fl\u0131k ve itfaiye ekipleri sevk edildi.<\/p>\n<p>&nbsp;<\/p>\n<p>Kazada, \u00f6zel g\u00fcvenlik g\u00f6revlisi Yal\u00e7\u0131n \u00d6. ve yan\u0131ndaki i\u015f arkada\u015f\u0131 Olgun Y. olay yerinde ya\u015fam\u0131n\u0131 yitirdi.<\/p>\n<p>Di\u011fer otomobildeki G\u00fcl\u00e7in K. ve Ya\u011fmur Y. ise sa\u011fl\u0131k ekiplerinin ilk m\u00fcdahalesinin ard\u0131ndan Bursa \u015eehir Hastanesi&#8217;ne kald\u0131r\u0131ld\u0131.<\/p>\n<p>&nbsp;<\/p>\n<p>Hayat\u0131n\u0131 kaybedenlerin cans\u0131z bedenleri, n\u00f6bet\u00e7i savc\u0131n\u0131n incelemesinin ard\u0131ndan Bursa Adli T\u0131p Kurumu morguna g\u00f6t\u00fcr\u00fcld\u00fc.<\/p>\n<p>&nbsp;<\/p>\n<p>Yaral\u0131lardan G\u00fcl\u00e7in K&#8217;nin hayati tehlikesinin bulundu\u011fu \u00f6\u011frenildi.<\/p>\n<p>&nbsp;<\/p>\n<p>Bu arada kazada park halindeki iki otomobil de hasar g\u00f6rd\u00fc.<\/p>\n","protected":false},"excerpt":{"rendered":"<p>Bursa&#8217;n\u0131n Nil\u00fcfer il\u00e7esinde, iki otomobilin \u00e7arp\u0131\u015ft\u0131\u011f\u0131 kazada 2 ki\u015fi \u00f6ld\u00fc, 2 ki\u015fi yaraland\u0131. \u00c7al\u0131 Mahallesi&#8230;<\/p>\n","protected":false},"author":1,"featured_media":1252,"comment_status":"open","ping_status":"open","sticky":false,"template":"","format":"standard","meta":{"footnotes":""},"categories":[14],"tags":[],"class_list":["post-1347","post","type-post","status-publish","format-standard","has-post-thumbnail","hentry","category-son-dakika"],"_links":{"self":[{"href":"https:\/\/gundem44.com.tr\/index.php?rest_route=\/wp\/v2\/posts\/1347","targetHints":{"allow":["GET"]}}],"collection":[{"href":"https:\/\/gundem44.com.tr\/index.php?rest_route=\/wp\/v2\/posts"}],"about":[{"href":"https:\/\/gundem44.com.tr\/index.php?rest_route=\/wp\/v2\/types\/post"}],"author":[{"embeddable":true,"href":"https:\/\/gundem44.com.tr\/index.php?rest_route=\/wp\/v2\/users\/1"}],"replies":[{"embeddable":true,"href":"https:\/\/gundem44.com.tr\/index.php?rest_route=%2Fwp%2Fv2%2Fcomments&post=1347"}],"version-history":[{"count":0,"href":"https:\/\/gundem44.com.tr\/index.php?rest_route=\/wp\/v2\/posts\/1347\/revisions"}],"wp:featuredmedia":[{"embeddable":true,"href":"https:\/\/gundem44.com.tr\/index.php?rest_route=\/wp\/v2\/media\/1252"}],"wp:attachment":[{"href":"https:\/\/gundem44.com.tr\/index.php?rest_route=%2Fwp%2Fv2%2Fmedia&parent=1347"}],"wp:term":[{"taxonomy":"category","embeddable":true,"href":"https:\/\/gundem44.com.tr\/index.php?rest_route=%2Fwp%2Fv2%2Fcategories&post=1347"},{"taxonomy":"post_tag","embeddable":true,"href":"https:\/\/gundem44.com.tr\/index.php?rest_route=%2Fwp%2Fv2%2Ftags&post=1347"}],"curies":[{"name":"wp","href":"https:\/\/api.w.org\/{rel}","templated":true}]}}