{"id":1339,"date":"2026-08-20T14:16:25","date_gmt":"2026-08-20T14:16:25","guid":{"rendered":"https:\/\/gundem44.com.tr\/?p=1339"},"modified":"2026-08-20T14:16:25","modified_gmt":"2026-08-20T14:16:25","slug":"denizlerin-krali-eminonunde-ortaya-cikti-esnaf-balikla-besledi","status":"publish","type":"post","link":"https:\/\/gundem44.com.tr\/?p=1339","title":{"rendered":"Denizlerin kral\u0131 Emin\u00f6n\u00fc&#8217;nde ortaya \u00e7\u0131kt\u0131, esnaf bal\u0131kla besledi"},"content":{"rendered":"<p><img decoding=\"async\" src=\"https:\/\/images.ntv.com.tr\/images\/denizlerin-kral\u0131-orkinos-225766.jpg?width=930&amp;format=webp\" class=\"type:primaryImage\" alt=\"Denizlerin kral\u0131 Emin\u00f6n\u00fc&apos;nde ortaya \u00e7\u0131kt\u0131, esnaf bal\u0131kla besledi\" \/><\/p>\n<p>Denizlerin kral\u0131 olarak an\u0131lan orkinoslar, Emin\u00f6n\u00fc&#8217;nde ortaya \u00e7\u0131kt\u0131. Emin\u00f6n\u00fc esnaf\u0131, orkinoslar\u0131 bal\u0131kla besledi.<\/p>\n<p>Uskumrugiller familyas\u0131ndan olan orkinos bal\u0131klar\u0131 her g\u00fcn Emin\u00f6n\u00fc sular\u0131nda y\u00fcz\u00fcyor.<\/p>\n<p>G\u00fcn i\u00e7erisinde s\u00fcr\u00fc halinde Emin\u00f6n\u00fc k\u00f6pr\u00fcs\u00fcn\u00fcn alt\u0131nda ya\u015fayan bal\u0131klar, bal\u0131k\u00e7\u0131 esnaf\u0131n\u0131n \u00f6\u011fle saatlerinde yiyecek atmas\u0131yla birlikte ortaya \u00e7\u0131k\u0131yor.<\/p>\n<p>&nbsp;<\/p>\n<p>Vatanda\u015flar\u0131n ve b\u00f6lgedeki turistlerin ilgisini \u00e7eken bal\u0131klar yakla\u015f\u0131k 2.5-3 metre boylar\u0131nda.<\/p>\n<p><span>&#8220;MARTILAR \u0130\u00c7\u0130N ATIYORDUK, ORK\u0130NOSLAR GELD\u0130&#8221;<\/span><\/p>\n<p>G\u00fcn i\u00e7erisinde orkinoslar\u0131 besleyen esnaf Mahsun Pir\u00e7ek, 2-3 sene \u00f6nce mart\u0131 beslemek amac\u0131yla att\u0131klar\u0131 uskumru bal\u0131klar\u0131 sayesinde orkinoslar\u0131 ke\u015ffettiklerini belirterek, &#8220;Yakla\u015f\u0131k 2-3 sene \u00f6nce bu uskumrular\u0131 biz mart\u0131lar i\u00e7in at\u0131yorduk. Sonra bakt\u0131k ki buraya orkinoslar geliyor.&#8221; dedi.<\/p>\n<p>&#8220;Orkinoslar\u0131 al\u0131\u015ft\u0131rd\u0131ktan sonra rutin bir \u015fekilde her mekan\u0131n bal\u0131k par\u00e7alar\u0131n\u0131 onlara at\u0131yoruz.&#8221; ifadelerini kullanan Pir\u00e7ek, &#8220;G\u00fczelim bal\u0131klar\u0131 da tutmalar\u0131 i\u00e7in kimseye izin vermiyoruz. G\u00fcnl\u00fck bir \u015fekilde uskumrular\u0131 at\u0131yoruz.&#8221; \u015feklinde konu\u015ftu.<\/p>\n<p><span>&#8220;B\u0130Z BUNLARI \u0130K\u0130 YILDAN BER\u0130 BESL\u0130YORUZ&#8221;<\/span><\/p>\n<p>Orkinoslar\u0131n piyasa de\u011ferinin olduk\u00e7a y\u00fcksek oldu\u011funu aktaran esnaf Bar\u0131\u015f Kandemir ise \u015f\u00f6yle konu\u015ftu:<\/p>\n<p>&nbsp;<\/p>\n<p>\u201c- Bu orkinoslar bir metre boylar\u0131ndayd\u0131. Biz bunlar\u0131 iki y\u0131ldan beri besliyoruz. \u015eu anda boyutlar\u0131 2,5-3 metre civar\u0131nda.\u201d<\/p>\n<p><span>AVLANMALARI YASAK<\/span><\/p>\n<p>\u201cOrkinoslar \u015fu anda Emin\u00f6n\u00fc sular\u0131nda geziyor. Gerek turistler olsun gerek vatanda\u015flar\u0131m\u0131z olsun bunlar\u0131 ilk k\u00f6pek bal\u0131\u011f\u0131 san\u0131yorlar.\u201d diyen Kandemir, &#8220;Asl\u0131nda orkinos, Tuna bal\u0131\u011f\u0131 deniyor bunlara. Bu bal\u0131klar\u0131n piyasadaki de\u011feri 350-400 bin lira civar\u0131nda. Avlanmas\u0131 yasak bu bal\u0131klar\u0131n, biz bunlar\u0131 sadece besliyoruz.&#8221; ifadelerini kulland\u0131.<\/p>\n","protected":false},"excerpt":{"rendered":"<p>Denizlerin kral\u0131 olarak an\u0131lan orkinoslar, Emin\u00f6n\u00fc&#8217;nde ortaya \u00e7\u0131kt\u0131. Emin\u00f6n\u00fc esnaf\u0131, orkinoslar\u0131 bal\u0131kla besledi. Uskumrugiller familyas\u0131ndan&#8230;<\/p>\n","protected":false},"author":1,"featured_media":1252,"comment_status":"open","ping_status":"open","sticky":false,"template":"","format":"standard","meta":{"footnotes":""},"categories":[14],"tags":[],"class_list":["post-1339","post","type-post","status-publish","format-standard","has-post-thumbnail","hentry","category-son-dakika"],"_links":{"self":[{"href":"https:\/\/gundem44.com.tr\/index.php?rest_route=\/wp\/v2\/posts\/1339","targetHints":{"allow":["GET"]}}],"collection":[{"href":"https:\/\/gundem44.com.tr\/index.php?rest_route=\/wp\/v2\/posts"}],"about":[{"href":"https:\/\/gundem44.com.tr\/index.php?rest_route=\/wp\/v2\/types\/post"}],"author":[{"embeddable":true,"href":"https:\/\/gundem44.com.tr\/index.php?rest_route=\/wp\/v2\/users\/1"}],"replies":[{"embeddable":true,"href":"https:\/\/gundem44.com.tr\/index.php?rest_route=%2Fwp%2Fv2%2Fcomments&post=1339"}],"version-history":[{"count":0,"href":"https:\/\/gundem44.com.tr\/index.php?rest_route=\/wp\/v2\/posts\/1339\/revisions"}],"wp:featuredmedia":[{"embeddable":true,"href":"https:\/\/gundem44.com.tr\/index.php?rest_route=\/wp\/v2\/media\/1252"}],"wp:attachment":[{"href":"https:\/\/gundem44.com.tr\/index.php?rest_route=%2Fwp%2Fv2%2Fmedia&parent=1339"}],"wp:term":[{"taxonomy":"category","embeddable":true,"href":"https:\/\/gundem44.com.tr\/index.php?rest_route=%2Fwp%2Fv2%2Fcategories&post=1339"},{"taxonomy":"post_tag","embeddable":true,"href":"https:\/\/gundem44.com.tr\/index.php?rest_route=%2Fwp%2Fv2%2Ftags&post=1339"}],"curies":[{"name":"wp","href":"https:\/\/api.w.org\/{rel}","templated":true}]}}