{"id":1338,"date":"2026-08-20T14:16:25","date_gmt":"2026-08-20T14:16:25","guid":{"rendered":"https:\/\/gundem44.com.tr\/?p=1338"},"modified":"2026-08-20T14:16:25","modified_gmt":"2026-08-20T14:16:25","slug":"bilim-kurulu-uyelerinden-buyuk-deprem-mi-geliyor-sorusuna-yanit","status":"publish","type":"post","link":"https:\/\/gundem44.com.tr\/?p=1338","title":{"rendered":"Bilim Kurulu \u00fcyelerinden &quot;B\u00fcy\u00fck deprem mi geliyor?&quot; sorusuna yan\u0131t"},"content":{"rendered":"<p><img decoding=\"async\" src=\"https:\/\/images.ntv.com.tr\/images\/deprem3-715411.png?width=930&amp;format=webp\" class=\"type:primaryImage\" alt=\"Bilim Kurulu \u00fcyelerinden \" \/><\/p>\n<p>AFAD Deprem Bilim Kurulu \u00fcyelerinden \u0130stanbul Adalar fay\u0131nda meydana gelen depremlere ili\u015fkin a\u00e7\u0131klama yapt\u0131. Uzmanlar, &#8220;B\u00fcy\u00fck depremin habercisi mi?&#8221; sorusunu yan\u0131tlad\u0131.<\/p>\n<p>\u0130stanbul Adalar a\u00e7\u0131klar\u0131nda 18 A\u011fustos&#8217;tan bu yana 170 <a href=\"https:\/\/www.ntv.com.tr\/turkiye\/galeri-istanbulda-geceden-sabaha-deprem-hareketliligi-adalar-cevresindeki-depremler-ne-anlama-geliyor-1738089\/1\">mikrodeprem<\/a> meydana geldi.<\/p>\n<p>&nbsp;<\/p>\n<p>Adalar \u00e7evresindeki deprem hareketlili\u011fi \u0130stanbullularda pani\u011fe neden olurken &#8220;Marmara depremi habercisi mi?&#8221; sorusu da uzmanlar taraf\u0131ndan cevaplanmaya ba\u015flad\u0131.<\/p>\n<p>&nbsp;<\/p>\n<p>AFAD Deprem Bilim Kurulu&#8217;ndan Prof. Dr. Hasan S\u00f6zbilir, Prof. Dr. Bahad\u0131r Aktu\u011f, Prof. Dr. \u015eerif Bar\u0131\u015f ve Prof. Dr. \u015e\u00fckr\u00fc Ersoy deprem hareketlili\u011fine ili\u015fkin de\u011ferlendirmelerde bulundu.<\/p>\n<p><span>170&#8217;E Y\u00dcKSELD\u0130<\/span><\/p>\n<p>Marmara B\u00f6lgesi genelini 304 deprem g\u00f6zlem istasyonuyla izleyen AFAD b\u00fcnyesinde, derinli\u011fi 300 metreye ula\u015fan 10 derin kuyu g\u00f6zlem istasyonu bulunuyor.<\/p>\n<p>&nbsp;<\/p>\n<p>B\u00fcy\u00fckl\u00fc\u011f\u00fc 1&#8217;in alt\u0131ndaki mikro depremleri dahi \u00f6l\u00e7ebilme imkan\u0131na sahip bu hassas istasyonlar sayesinde, bug\u00fcn saat 15.00 itibar\u0131yla b\u00f6lgede 170&#8217;i a\u015fk\u0131n sars\u0131nt\u0131 kaydedildi.<\/p>\n<p><span>B\u00dcY\u00dcK DEPREM HABERC\u0130S\u0130 M\u0130?<\/span><\/p>\n<p>Deprem Bilim Kurulu \u00fcyesi ve Dokuz Eyl\u00fcl \u00dcniversitesi (DE\u00dc) Deprem Ara\u015ft\u0131rma ve Uygulama Merkezi M\u00fcd\u00fcr\u00fc Prof. Dr. Hasan S\u00f6zbilir, depreme ili\u015fkin a\u00e7\u0131klama yapt\u0131.<\/p>\n<p>&nbsp;<\/p>\n<p>Sal\u0131 g\u00fcn\u00fcnden beri belirli k\u00fcmelenmeler olu\u015fturacak \u015fekilde b\u00fcy\u00fckl\u00fc\u011f\u00fc 3,2&#8217;ye varan 170&#8217;in \u00fczerinde mikro deprem aktivitesi ya\u015fand\u0131\u011f\u0131na i\u015faret eden S\u00f6zbilir, &#8220;Depremlerin \u00f6nemli bir b\u00f6l\u00fcm\u00fc Adalar fay\u0131na yak\u0131n noktada ger\u00e7ekle\u015fiyor.&#8221; dedi.<\/p>\n<p>&nbsp;<\/p>\n<p>AFAD \u00e7\u00f6z\u00fcmlerine g\u00f6re sars\u0131nt\u0131lar\u0131n 5 ila 13 kilometre derinlikte, farkl\u0131 odak mekanizmalar\u0131yla ger\u00e7ekle\u015fti\u011fini aktaran S\u00f6zbilir, \u015f\u00f6yle devam etti:<\/p>\n<p>&nbsp;<\/p>\n<p>\u201cBug\u00fcn elimizde, bir mikro deprem k\u00fcmesinin b\u00fcy\u00fck depremin habercisi oldu\u011funu \u00f6nceden ay\u0131rt edebilecek g\u00fcvenilir bir y\u00f6ntem yoktur. Bir depremin &#8216;\u00f6nc\u00fc \u015fok&#8217; oldu\u011fu ancak arkas\u0131ndan b\u00fcy\u00fck deprem geldi\u011finde geriye d\u00f6n\u00fck olarak anla\u015f\u0131labilir.\u201d<\/p>\n<p>&nbsp;<\/p>\n<p><strong>&#8220;1999 DEPREM\u0130NDEN BER\u0130 HAREKETL\u0130L\u0130K S\u00dcR\u00dcYOR&#8221;<\/strong><\/p>\n<p>&nbsp;<\/p>\n<p>S\u00f6zbilir, &#8220;B\u00f6lgedeki mikro deprem aktivitesi 1999 Kocaeli-D\u00fczce depremlerinden beri, belirli aral\u0131klarla devam ediyor, tabii ki belirli \u00f6l\u00e7eklerde gerilimi ve stresi azaltt\u0131\u011f\u0131n\u0131 s\u00f6yleyebiliriz.&#8221; diye konu\u015ftu.<\/p>\n<p><span>&#8220;FAYLAR D\u00d6NEMSEL OLARAK SARSINTI K\u00dcMELER\u0130 \u00dcRETEB\u0130L\u0130R&#8221;<\/span><\/p>\n<p>Deprem Bilim Kurulu \u00fcyesi Prof. Dr. \u015e\u00fckr\u00fc Ersoy da Marmara Denizi&#8217;nde son g\u00fcnlerde meydana gelen sars\u0131nt\u0131lar\u0131n Adalar fay\u0131 \u00fczerinde yo\u011funla\u015ft\u0131\u011f\u0131n\u0131 belirtti.<\/p>\n<p>&nbsp;<\/p>\n<p>&#8220;Faylar d\u00f6nemsel olarak bu t\u00fcr k\u00fc\u00e7\u00fck depremler ve sars\u0131nt\u0131 k\u00fcmeleri \u00fcretebilir.&#8221; diye konu\u015fan Ersoy, &#8220;AFAD geli\u015fmeleri titizlikle takip etmektedir. Vatanda\u015flar\u0131m\u0131z\u0131n pani\u011fe kap\u0131lmas\u0131n\u0131 gerektirecek bir durum bulunmamaktad\u0131r.&#8221; \u015feklinde konu\u015ftu.<\/p>\n<p><span>SPEK\u00dcLAT\u0130F PAYLA\u015eIMLARA D\u0130KKAT!<\/span><\/p>\n<p>Sosyal medyada bu sars\u0131nt\u0131lar\u0131n b\u00fcy\u00fck bir depremin habercisi oldu\u011funa y\u00f6nelik payla\u015f\u0131mlara de\u011finen Ersoy, &#8220;Bu t\u00fcr s\u00f6ylemler etkile\u015fim amac\u0131yla maalesef s\u0131k\u00e7a kullan\u0131lmakta. K\u00fc\u00e7\u00fck bir hareketlili\u011fin ard\u0131ndan hemen b\u00fcy\u00fck bir deprem gelece\u011fini \u00f6ne s\u00fcrmek spek\u00fclatiftir. Depremin kesin zaman\u0131n\u0131 \u00f6nceden bilmek bilimsel olarak m\u00fcmk\u00fcn de\u011fildir.&#8221; ifadesini kulland\u0131.<\/p>\n<p>&nbsp;<\/p>\n<p>Ersoy, s\u00f6zlerini \u015f\u00f6yle tamamlad\u0131:<\/p>\n<p>&nbsp;<\/p>\n<p>\u201cTart\u0131\u015fmam\u0131z gereken konu faylar\u0131n ne zaman k\u0131r\u0131laca\u011f\u0131 de\u011fil, yap\u0131 stoklar\u0131m\u0131z\u0131n olas\u0131 bir sars\u0131nt\u0131ya ne kadar haz\u0131r oldu\u011fudur. G\u00fc\u00e7l\u00fc ve depreme dayan\u0131kl\u0131 yap\u0131lara sahip oldu\u011fumuz s\u00fcrece endi\u015fe edilecek bir durum kalmayacakt\u0131r.\u201d<\/p>\n<p><span>&#8220;MEVCUT DEPREMLER KES\u0130N SONU\u00c7 \u0130\u00c7\u0130N YETERL\u0130 DE\u011e\u0130L&#8221;<\/span><\/p>\n<p>Deprem Bilim Kurulu \u00fcyesi ve Ankara \u00dcniversitesi Jeofizik M\u00fchendisli\u011fi B\u00f6l\u00fcm\u00fc \u00d6\u011fretim \u00dcyesi Prof. Dr. Bahad\u0131r Aktu\u011f ise b\u00f6lgedeki fay mekanizmas\u0131 ve hareketlili\u011fe ili\u015fkin, &#8220;Bu fay\u0131n aktivitesiyle ilgili literat\u00fcrde farkl\u0131 g\u00f6r\u00fc\u015fler var. Mevcut k\u00fc\u00e7\u00fck \u00f6l\u00e7ekli depremler, fay\u0131n b\u00fct\u00fcn\u00fcne y\u00f6nelik kesin bir sonuca ula\u015fmam\u0131z i\u00e7in tek ba\u015f\u0131na yeterli veri sa\u011flam\u0131yor.&#8221; de\u011ferlendirmesinde bulundu.<\/p>\n<p>&nbsp;<\/p>\n<p>T\u00fcrkiye&#8217;nin farkl\u0131 b\u00f6lgelerinde de zaman zaman benzer sismik k\u00fcmelenmelerin kaydedildi\u011fini belirten Aktu\u011f, bu t\u00fcr k\u00fc\u00e7\u00fck hareketliliklerin do\u011frudan b\u00fcy\u00fck bir depremin habercisi veya \u00f6nc\u00fcs\u00fc olarak yorumlanmas\u0131n\u0131n bilimsel temeli olmad\u0131\u011f\u0131n\u0131 kaydetti.<\/p>\n<p>&nbsp;<\/p>\n<p>Bir depremin \u00f6nc\u00fc niteli\u011fi ta\u015f\u0131y\u0131p ta\u015f\u0131mad\u0131\u011f\u0131n\u0131n ancak olas\u0131 bir ana \u015fok sonras\u0131nda geriye d\u00f6n\u00fck anla\u015f\u0131labilece\u011fi, mevcut tablonun ise spek\u00fclasyondan uzak de\u011ferlendirilmesi gerekti\u011fi vurguland\u0131.<\/p>\n<p><span>&#8220;44 K\u0130LOMETREL\u0130K FAYDA 7 K\u0130LOMETREL\u0130K HAREKET VAR&#8221;<\/span><\/p>\n<p>Aktu\u011f, depremlerin fay \u00fczerindeki da\u011f\u0131l\u0131m\u0131na ili\u015fkin \u015funlar\u0131 s\u00f6yledi:<\/p>\n<p>&nbsp;<\/p>\n<p>&#8220;Depremlerin fay do\u011frultusu boyunca da\u011f\u0131l\u0131m\u0131n\u0131 inceledi\u011fimizde zamana ba\u011fl\u0131 bir korelasyon g\u00f6rm\u00fcyoruz, yani depremsellik fay boyunca ilerlemiyor. Adalar fay\u0131 yakla\u015f\u0131k 44 kilometrelik bir hat ve aktivite bunun yaln\u0131zca 7 kilometrelik \u00e7ok s\u0131n\u0131rl\u0131, lokal bir kesiminde ya\u015fan\u0131yor. Kademeli bir tetiklenmeye i\u015faret eden herhangi bir derinlik veya do\u011frultu g\u00f6\u00e7\u00fc g\u00f6zlemlemiyoruz. Dolay\u0131s\u0131yla bu veriler, bir sonraki b\u00fcy\u00fck depremi tetikleyecek bir \u00f6r\u00fcnt\u00fc sunmuyor.&#8221;<\/p>\n<p>&nbsp;<\/p>\n<p>Vatanda\u015flar\u0131n yaln\u0131zca AFAD ve yetkili resmi kurumlar\u0131n a\u00e7\u0131klamalar\u0131n\u0131 dikkate almas\u0131 gerekti\u011fini vurgulayan Aktu\u011f, temelsiz iddialar\u0131n ve kontrols\u00fcz a\u00e7\u0131klamalar\u0131n kimi zaman do\u011frudan konut fiyatlar\u0131n\u0131, arsa de\u011ferlerini ve sigorta piyasalar\u0131n\u0131 etkilemeye y\u00f6nelik spek\u00fclatif bir enstr\u00fcmana d\u00f6n\u00fc\u015febildi\u011fine dikkati \u00e7ekti.<\/p>\n<p><span>&#8220;&#8216;B\u00dcY\u00dcK DEPREM OLMASI GEREK\u0130R&#8217; D\u0130YE B\u0130R KO\u015eUL YOK&#8221;<\/span><\/p>\n<p>Deprem Bilim Kurulu \u00fcyesi ve Kocaeli \u00dcniversitesi Jeofizik M\u00fchendisli\u011fi B\u00f6l\u00fcm\u00fc \u00d6\u011fretim \u00dcyesi Prof. Dr. \u015eerif Bar\u0131\u015f da Marmara Denizi Adalar fay\u0131 \u00fczerinde son g\u00fcnlerde kaydedilen hareketlili\u011fe ili\u015fkin de\u011ferlendirmelerde bulundu.<\/p>\n<p>&nbsp;<\/p>\n<p>&#8220;Bunlar bizim geri plan depremselli\u011fimiz dedi\u011fimiz k\u00fc\u00e7\u00fck k\u00fc\u00e7\u00fck par\u00e7alar\u0131n k\u0131r\u0131lmas\u0131 sonucu olu\u015fur.&#8221; a\u00e7\u0131klamas\u0131n\u0131 yapan Bar\u0131\u015f, T\u00fcrkiye genelinde benzer s\u00fcre\u00e7lerin s\u0131kl\u0131kla ya\u015fand\u0131\u011f\u0131n\u0131 s\u00f6yledi.<\/p>\n<p>&nbsp;<\/p>\n<p>Bar\u0131\u015f, &#8220;Defalarca bu t\u00fcr deprem etkinlikleri oldu ve arkas\u0131ndan ne orta b\u00fcy\u00fckl\u00fckte ne de b\u00fcy\u00fck bir deprem oldu. 60 ya da 70 depremden sonra b\u00fcy\u00fck deprem olmas\u0131 gerekir diye bir ko\u015ful yoktur.&#8221; ifadelerini kulland\u0131.<\/p>\n<p>&nbsp;<\/p>\n<p>T\u00fcrkiye&#8217;nin bir deprem \u00fclkesi oldu\u011funu hat\u0131rlatan Bar\u0131\u015f, spek\u00fclasyonlar yerine AFAD gibi yetkili kurumlar\u0131n verilerine itibar edilmesini istedi.<\/p>\n<p>&nbsp;<\/p>\n<p>Bar\u0131\u015f, can ve ekonomik kay\u0131plar\u0131n \u00f6n\u00fcne ge\u00e7mek i\u00e7in risk y\u00f6netiminin merkeze al\u0131nmas\u0131 gerekti\u011finin alt\u0131n\u0131 \u00e7izerek, sivil toplum kurulu\u015flar\u0131, i\u015f yerleri ve ailelerin kendi acil durum afet planlar\u0131n\u0131 eksiksiz haz\u0131rlamas\u0131 \u00e7a\u011fr\u0131s\u0131nda bulundu.<\/p>\n<p><span>KAND\u0130LL\u0130 RASATHANES\u0130&#8217;NDEN DE A\u00c7IKLAMA GELD\u0130<\/span><\/p>\n<p><a href=\"https:\/\/www.ntv.com.tr\/turkiye\/galeri-kandilliden-istanbul-adalardaki-deprem-hareketliligine-aciklama-depremler-ne-ifade-ediyor-1738169\/1\">Kandilli<\/a> Rasathanesi ve Deprem Ara\u015ft\u0131rma Enstit\u00fcs\u00fc, meydana gelen mikrodepremlere ili\u015fkin a\u00e7\u0131klama yapt\u0131.<\/p>\n<p>&nbsp;<\/p>\n<p>Kandilli&#8217;den yap\u0131lan a\u00e7\u0131klamada; 18 A\u011fustos saat 06.00 ile 20 A\u011fustos saat 13.00 aras\u0131nda Adalar&#8217;\u0131n g\u00fcneyinde yakla\u015f\u0131k 20 kilometre yar\u0131\u00e7apl\u0131 bir alan i\u00e7erisinde b\u00fcy\u00fckl\u00fckleri 0.7 ile 3.1 aras\u0131nda de\u011fi\u015fen toplam 117 depremin meydana geldi\u011fi aktar\u0131ld\u0131.<\/p>\n<p>&nbsp;<\/p>\n<p>&#8220;19 ve 20 A\u011fustos\u2019ta meydana gelen ve moment tens\u00f6r \u00e7\u00f6z\u00fcm\u00fc yap\u0131labilen depremler, normal bile\u015fenli oblik do\u011frultu at\u0131ml\u0131 odak mekanizmas\u0131na sahiptir.&#8221; denilen a\u00e7\u0131klamada kaynak mekanizmalar\u0131n\u0131n birbirleriyle olduk\u00e7a uyumlu olmas\u0131n\u0131n olaylar\u0131n benzer bir faylanma geometrisi i\u00e7erisinde geli\u015fti\u011fini g\u00f6sterdi\u011fi ifade edildi.<\/p>\n<p>&nbsp;<\/p>\n<p><strong>&#8220;M\u0130KRODEPREM D\u0130Z\u0130S\u0130 N\u0130TEL\u0130\u011e\u0130NDE&#8221;<\/strong><\/p>\n<p>&nbsp;<\/p>\n<p>Kandilli, depremlerin zamansal ve mek\u00e2nsal olarak k\u00fcmelenmi\u015f bir mikrodeprem dizisi niteli\u011finde oldu\u011funa vurgu yapt\u0131.<\/p>\n<p>&nbsp;<\/p>\n<p>Bu t\u00fcr k\u00fc\u00e7\u00fck deprem k\u00fcmelerinin aktif tektonik b\u00f6lgelerde zaman zaman g\u00f6zlenebildi\u011fine de dikkat \u00e7ekilen a\u00e7\u0131klamada &#8220;B\u00f6lgedeki sismik aktivite; depremlerin konum, derinlik, b\u00fcy\u00fckl\u00fck ve kaynak mekanizmas\u0131 \u00f6zellikleri a\u00e7\u0131s\u0131ndan KRDAE B\u00f6lgesel Deprem-Tsunami \u0130zleme ve De\u011ferlendirme Merkezi (BDTIM) taraf\u0131ndan 7\/24 izlenmekte ve ayr\u0131nt\u0131l\u0131 olarak de\u011ferlendirilmektedir.&#8221; denildi.<\/p>\n","protected":false},"excerpt":{"rendered":"<p>AFAD Deprem Bilim Kurulu \u00fcyelerinden \u0130stanbul Adalar fay\u0131nda meydana gelen depremlere ili\u015fkin a\u00e7\u0131klama yapt\u0131. Uzmanlar,&#8230;<\/p>\n","protected":false},"author":1,"featured_media":1252,"comment_status":"open","ping_status":"open","sticky":false,"template":"","format":"standard","meta":{"footnotes":""},"categories":[14],"tags":[],"class_list":["post-1338","post","type-post","status-publish","format-standard","has-post-thumbnail","hentry","category-son-dakika"],"_links":{"self":[{"href":"https:\/\/gundem44.com.tr\/index.php?rest_route=\/wp\/v2\/posts\/1338","targetHints":{"allow":["GET"]}}],"collection":[{"href":"https:\/\/gundem44.com.tr\/index.php?rest_route=\/wp\/v2\/posts"}],"about":[{"href":"https:\/\/gundem44.com.tr\/index.php?rest_route=\/wp\/v2\/types\/post"}],"author":[{"embeddable":true,"href":"https:\/\/gundem44.com.tr\/index.php?rest_route=\/wp\/v2\/users\/1"}],"replies":[{"embeddable":true,"href":"https:\/\/gundem44.com.tr\/index.php?rest_route=%2Fwp%2Fv2%2Fcomments&post=1338"}],"version-history":[{"count":0,"href":"https:\/\/gundem44.com.tr\/index.php?rest_route=\/wp\/v2\/posts\/1338\/revisions"}],"wp:featuredmedia":[{"embeddable":true,"href":"https:\/\/gundem44.com.tr\/index.php?rest_route=\/wp\/v2\/media\/1252"}],"wp:attachment":[{"href":"https:\/\/gundem44.com.tr\/index.php?rest_route=%2Fwp%2Fv2%2Fmedia&parent=1338"}],"wp:term":[{"taxonomy":"category","embeddable":true,"href":"https:\/\/gundem44.com.tr\/index.php?rest_route=%2Fwp%2Fv2%2Fcategories&post=1338"},{"taxonomy":"post_tag","embeddable":true,"href":"https:\/\/gundem44.com.tr\/index.php?rest_route=%2Fwp%2Fv2%2Ftags&post=1338"}],"curies":[{"name":"wp","href":"https:\/\/api.w.org\/{rel}","templated":true}]}}