{"id":1331,"date":"2026-08-20T01:07:52","date_gmt":"2026-08-20T01:07:52","guid":{"rendered":"https:\/\/gundem44.com.tr\/?p=1331"},"modified":"2026-08-20T01:07:52","modified_gmt":"2026-08-20T01:07:52","slug":"balikesirde-orman-yangini-kamyonda-baslayan-yangin-ormana-sicradi","status":"publish","type":"post","link":"https:\/\/gundem44.com.tr\/?p=1331","title":{"rendered":"Bal\u0131kesir&#8217;de orman yang\u0131n\u0131. Kamyonda ba\u015flayan yang\u0131n ormana s\u0131\u00e7rad\u0131"},"content":{"rendered":"<p><img decoding=\"async\" src=\"https:\/\/images.ntv.com.tr\/images\/AA-20260819-42252000-42251984-BALIKESIRIN_SINDIRGI_ILCESINDE_ORMANLIK_ALANDAKI_YANGINA_MUDAHALE_EDILIYOR-177607.jpg?width=930&amp;format=webp\" class=\"type:primaryImage\" alt=\"Bal\u0131kesir&apos;de orman yang\u0131n\u0131. Kamyonda ba\u015flayan yang\u0131n ormana s\u0131\u00e7rad\u0131\" \/><\/p>\n<p>Bal\u0131kesir&#8217;in S\u0131nd\u0131rg\u0131 il\u00e7esinde s\u00fct kamyonunda ba\u015flayan yang\u0131n ormana s\u0131\u00e7rad\u0131. R\u00fczgar\u0131n etkisiyle b\u00fcy\u00fcyen yang\u0131n K\u00fctahya&#8217;n\u0131n Simav il\u00e7esi y\u00f6n\u00fcnde ilerledi.<\/p>\n<p>Bal\u0131kesir&#8217;in S\u0131nd\u0131rg\u0131 il\u00e7esi D\u00fcvertepe Mahallesi yak\u0131nlar\u0131ndaki S\u0131nd\u0131rg\u0131-Simav kara yolunda, d\u00fcn saat 13.30 s\u0131ralar\u0131nda bir kamyonda yang\u0131n \u00e7\u0131kt\u0131.&nbsp;<\/p>\n<p>&nbsp;<\/p>\n<p>K\u0131sa s\u00fcrede b\u00fcy\u00fcyen kamyondaki yang\u0131n, yol kenar\u0131ndaki ormana s\u0131\u00e7rad\u0131.&nbsp;<\/p>\n<p>Yang\u0131na havadan 7 u\u00e7ak ve 8 helikopter, karadan ise 31 araz\u00f6z, 3 itfaiye arac\u0131, 16 su tankeri, 8 ilk m\u00fcdahale arac\u0131, 4 dozer ve 295 personelle m\u00fcdahale ediliyor.<\/p>\n<p>&nbsp;<\/p>\n<p>Bal\u0131kesir B\u00fcy\u00fck\u015fehir Belediyesi \u0130tfaiye Daire Ba\u015fkanl\u0131\u011f\u0131 ile S\u0131nd\u0131rg\u0131 Belediyesi ekipleri de \u00e7al\u0131\u015fmalara destek veriyor.<\/p>\n<p>Yang\u0131nla m\u00fccadele s\u00fcrerken b\u00f6lgede g\u00fcvenlik \u00f6nlemleri art\u0131r\u0131ld\u0131. Yerle\u015fim yerlerine yak\u0131n noktalarda tedbir ama\u00e7l\u0131 g\u00fcvenlik koridoru olu\u015fturuldu.<\/p>\n<p>&nbsp;<\/p>\n<p>Vatanda\u015flara S\u0131nd\u0131rg\u0131-Simav yolunun kullan\u0131lmamas\u0131 y\u00f6n\u00fcnde anonslarla uyar\u0131da bulunuldu.<\/p>\n<p><span>VAL\u0130L\u0130K&#8217;TEN A\u00c7IKLAMA<\/span><\/p>\n<p>Bal\u0131kesir Valili\u011fi taraf\u0131ndan yang\u0131na ili\u015fkin yap\u0131lan yaz\u0131l\u0131 a\u00e7\u0131klamada, &#8220;S\u0131nd\u0131rg\u0131 il\u00e7emiz D\u00fcvertepe Mahallemizde saat 13.00 sular\u0131nda kara yolunda ara\u00e7 yang\u0131n\u0131ndan ba\u015flay\u0131p ormanl\u0131k alana sirayet eden yang\u0131na; 7 u\u00e7ak, 8 helikopter, 31 araz\u00f6z, 3 itfaiye arac\u0131, 16 su tankeri, 8 ilk m\u00fcdahale arac\u0131, 21 hizmet arac\u0131, 4 dozer, 2 ambulans ve 295 personel ile m\u00fcdahale edilmektedir&#8221; denildi.<\/p>\n","protected":false},"excerpt":{"rendered":"<p>Bal\u0131kesir&#8217;in S\u0131nd\u0131rg\u0131 il\u00e7esinde s\u00fct kamyonunda ba\u015flayan yang\u0131n ormana s\u0131\u00e7rad\u0131. R\u00fczgar\u0131n etkisiyle b\u00fcy\u00fcyen yang\u0131n K\u00fctahya&#8217;n\u0131n Simav&#8230;<\/p>\n","protected":false},"author":1,"featured_media":1252,"comment_status":"open","ping_status":"open","sticky":false,"template":"","format":"standard","meta":{"footnotes":""},"categories":[14],"tags":[],"class_list":["post-1331","post","type-post","status-publish","format-standard","has-post-thumbnail","hentry","category-son-dakika"],"_links":{"self":[{"href":"https:\/\/gundem44.com.tr\/index.php?rest_route=\/wp\/v2\/posts\/1331","targetHints":{"allow":["GET"]}}],"collection":[{"href":"https:\/\/gundem44.com.tr\/index.php?rest_route=\/wp\/v2\/posts"}],"about":[{"href":"https:\/\/gundem44.com.tr\/index.php?rest_route=\/wp\/v2\/types\/post"}],"author":[{"embeddable":true,"href":"https:\/\/gundem44.com.tr\/index.php?rest_route=\/wp\/v2\/users\/1"}],"replies":[{"embeddable":true,"href":"https:\/\/gundem44.com.tr\/index.php?rest_route=%2Fwp%2Fv2%2Fcomments&post=1331"}],"version-history":[{"count":0,"href":"https:\/\/gundem44.com.tr\/index.php?rest_route=\/wp\/v2\/posts\/1331\/revisions"}],"wp:featuredmedia":[{"embeddable":true,"href":"https:\/\/gundem44.com.tr\/index.php?rest_route=\/wp\/v2\/media\/1252"}],"wp:attachment":[{"href":"https:\/\/gundem44.com.tr\/index.php?rest_route=%2Fwp%2Fv2%2Fmedia&parent=1331"}],"wp:term":[{"taxonomy":"category","embeddable":true,"href":"https:\/\/gundem44.com.tr\/index.php?rest_route=%2Fwp%2Fv2%2Fcategories&post=1331"},{"taxonomy":"post_tag","embeddable":true,"href":"https:\/\/gundem44.com.tr\/index.php?rest_route=%2Fwp%2Fv2%2Ftags&post=1331"}],"curies":[{"name":"wp","href":"https:\/\/api.w.org\/{rel}","templated":true}]}}