{"id":1330,"date":"2026-08-20T01:07:52","date_gmt":"2026-08-20T01:07:52","guid":{"rendered":"https:\/\/gundem44.com.tr\/?p=1330"},"modified":"2026-08-20T01:07:52","modified_gmt":"2026-08-20T01:07:52","slug":"istanbul-adalarda-pes-pese-depremler","status":"publish","type":"post","link":"https:\/\/gundem44.com.tr\/?p=1330","title":{"rendered":"\u0130stanbul Adalar&#8217;da pe\u015f pe\u015fe depremler"},"content":{"rendered":"<p><img decoding=\"async\" src=\"https:\/\/images.ntv.com.tr\/images\/thumbs_b_c_541641c5305497345d4f7c8f1a77bf92-877673.jpg?width=930&amp;format=webp\" class=\"type:primaryImage\" alt=\"\u0130stanbul Adalar&apos;da pe\u015f pe\u015fe depremler\" \/><\/p>\n<p>Marmara Denizi\u2019nde en b\u00fcy\u00fc\u011f\u00fc 3.2 olmak \u00fczere pe\u015f pe\u015fe depremler meydana geldi.<\/p>\n<p>Afet ve Acil Durum Y\u00f6netimi Ba\u015fkanl\u0131\u011f\u0131\u2019n\u0131n (AFAD) verilerine g\u00f6re \u0130stanbul Adalar\u2019da &#8220;mikro deprem&#8221; hareketlili\u011fi ya\u015fan\u0131yor.&nbsp;<br \/>&nbsp;<br \/>Marmara ve Adalar b\u00f6lgesinde \u00e7ok say\u0131da sars\u0131nt\u0131 meydana geldi. Ger\u00e7ekle\u015fen \u015fiddeti en y\u00fcksek deprem 3.2 b\u00fcy\u00fckl\u00fc\u011f\u00fcndeydi.<strong> <\/strong>Saat 17.43&#8217;de ger\u00e7ekle\u015fen sars\u0131nt\u0131n\u0131n derinli\u011fi 7 kilometreydi.&nbsp;<\/p>\n<p>Bu depremin ard\u0131ndan sonra da sars\u0131nt\u0131lar ya\u015fanmaya devam etti.&nbsp;<\/p>\n<p>Saat 18.13&#8217;te 2.3 b\u00fcy\u00fckl\u00fc\u011f\u00fcnde bir deprem kaydedildi.&nbsp;<\/p>\n<p>&nbsp;<\/p>\n<p>Ard\u0131ndan yakla\u015f\u0131k bir saat sonra 19.17&#8217;de 2.6 bir deprem ger\u00e7ekle\u015fti.&nbsp;<br \/>&nbsp;<\/p>\n<p>Saat 20.58&#8217;de 2.5 b\u00fcy\u00fckl\u00fc\u011f\u00fcnde ve son olarak 00:41&#8217;de 2,6 b\u00fcy\u00fckl\u00fc\u011f\u00fcnde bir deprem ya\u015fand\u0131.<\/p>\n<p>&nbsp;<\/p>\n<p>B\u00f6lgede 2 b\u00fcy\u00fckl\u00fc\u011f\u00fcn\u00fcn alt\u0131nda da \u00e7ok say\u0131da deprem kaydedildi. &nbsp;<\/p>\n","protected":false},"excerpt":{"rendered":"<p>Marmara Denizi\u2019nde en b\u00fcy\u00fc\u011f\u00fc 3.2 olmak \u00fczere pe\u015f pe\u015fe depremler meydana geldi. Afet ve Acil&#8230;<\/p>\n","protected":false},"author":1,"featured_media":1252,"comment_status":"open","ping_status":"open","sticky":false,"template":"","format":"standard","meta":{"footnotes":""},"categories":[14],"tags":[],"class_list":["post-1330","post","type-post","status-publish","format-standard","has-post-thumbnail","hentry","category-son-dakika"],"_links":{"self":[{"href":"https:\/\/gundem44.com.tr\/index.php?rest_route=\/wp\/v2\/posts\/1330","targetHints":{"allow":["GET"]}}],"collection":[{"href":"https:\/\/gundem44.com.tr\/index.php?rest_route=\/wp\/v2\/posts"}],"about":[{"href":"https:\/\/gundem44.com.tr\/index.php?rest_route=\/wp\/v2\/types\/post"}],"author":[{"embeddable":true,"href":"https:\/\/gundem44.com.tr\/index.php?rest_route=\/wp\/v2\/users\/1"}],"replies":[{"embeddable":true,"href":"https:\/\/gundem44.com.tr\/index.php?rest_route=%2Fwp%2Fv2%2Fcomments&post=1330"}],"version-history":[{"count":0,"href":"https:\/\/gundem44.com.tr\/index.php?rest_route=\/wp\/v2\/posts\/1330\/revisions"}],"wp:featuredmedia":[{"embeddable":true,"href":"https:\/\/gundem44.com.tr\/index.php?rest_route=\/wp\/v2\/media\/1252"}],"wp:attachment":[{"href":"https:\/\/gundem44.com.tr\/index.php?rest_route=%2Fwp%2Fv2%2Fmedia&parent=1330"}],"wp:term":[{"taxonomy":"category","embeddable":true,"href":"https:\/\/gundem44.com.tr\/index.php?rest_route=%2Fwp%2Fv2%2Fcategories&post=1330"},{"taxonomy":"post_tag","embeddable":true,"href":"https:\/\/gundem44.com.tr\/index.php?rest_route=%2Fwp%2Fv2%2Ftags&post=1330"}],"curies":[{"name":"wp","href":"https:\/\/api.w.org\/{rel}","templated":true}]}}