{"id":1322,"date":"2026-08-19T13:01:20","date_gmt":"2026-08-19T13:01:20","guid":{"rendered":"https:\/\/gundem44.com.tr\/?p=1322"},"modified":"2026-08-19T13:01:20","modified_gmt":"2026-08-19T13:01:20","slug":"yeni-parti-gaziantep-milletvekili-melih-mericin-saglik-durumu-nasil-yeni-ayrintilar-ortaya-cikti","status":"publish","type":"post","link":"https:\/\/gundem44.com.tr\/?p=1322","title":{"rendered":"Yeni Parti Gaziantep Milletvekili Melih Meri\u00e7\u2019in sa\u011fl\u0131k durumu nas\u0131l? Yeni ayr\u0131nt\u0131lar ortaya \u00e7\u0131kt\u0131"},"content":{"rendered":"<p><img decoding=\"async\" src=\"https:\/\/images.ntv.com.tr\/images\/meri\u00e7-489925.jpg?width=930&amp;format=webp\" class=\"type:primaryImage\" alt=\"Yeni Parti Gaziantep Milletvekili Melih Meri\u00e7\u2019in sa\u011fl\u0131k durumu nas\u0131l? Yeni ayr\u0131nt\u0131lar ortaya \u00e7\u0131kt\u0131\" \/><\/p>\n<p>Yeni Parti Gaziantep Milletvekili Melih Meri\u00e7&#8217;in eski CHP O\u011fuzeli \u0130l\u00e7e Ba\u015fkan\u0131 Seydi Ahmet Kele\u015f taraf\u0131ndan b\u0131\u00e7akl\u0131 sald\u0131r\u0131ya u\u011framas\u0131 sonras\u0131 yeni ayr\u0131nt\u0131lar ortaya \u00e7\u0131kt\u0131. <\/p>\n<p>Yeni Parti Gaziantep Milletvekili Melih Meri\u00e7, d\u00fcn sokakta <a href=\"https:\/\/www.ntv.com.tr\/turkiye\/yeni-parti-gaziantep-milletvekili-melih-merice-bicakli-saldiri-1737921\">b\u0131\u00e7akl\u0131 sald\u0131r\u0131ya<\/a> u\u011frad\u0131.<\/p>\n<p>&nbsp;<\/p>\n<p>B\u0131\u00e7akl\u0131 sald\u0131r\u0131y\u0131 ger\u00e7ekle\u015ftiren \u015f\u00fcphelinin eski CHP O\u011fuzeli \u0130l\u00e7e Ba\u015fkan\u0131 Seydi Ahmet Kele\u015f oldu\u011fu \u00f6\u011frenildi.<\/p>\n<p>&nbsp;<\/p>\n<p>Edinilen bilgiye g\u00f6re, Karata\u015f Mahallesi\u2019nde Meri\u00e7 ile sokakta yan\u0131na yakla\u015fan Kele\u015f aras\u0131nda tart\u0131\u015fma \u00e7\u0131kt\u0131.<\/p>\n<p>&nbsp;<\/p>\n<p>Tart\u0131\u015fma k\u0131sa s\u00fcrede kavgaya d\u00f6n\u00fc\u015f\u00fcrken Kele\u015f, Meri\u00e7\u2019i b\u0131\u00e7aklayarak ka\u00e7t\u0131.<\/p>\n<p><span>AC\u0130L AMEL\u0130YATA ALINDI<\/span><\/p>\n<p>\u00c7evredekilerin 112 Acil \u00c7a\u011fr\u0131 Merkezi\u2019ne ihbar\u0131 \u00fczerine adrese polis ve sa\u011fl\u0131k ekipleri sevk edildi. \u0130lk m\u00fcdahalesi olay yerinde yap\u0131lan Meri\u00e7, Gaziantep \u015eehir Hastanesi&#8217;ne kald\u0131rd\u0131.<\/p>\n<p>&nbsp;<\/p>\n<p>Ald\u0131\u011f\u0131 b\u0131\u00e7ak darbesi ile ba\u011f\u0131rsaklar\u0131 zarar g\u00f6ren Meri\u00e7, ak\u015fam ameliyata al\u0131nd\u0131.<\/p>\n<p><span>SA\u011eLIK DURUMU NASIL?<\/span><\/p>\n<p>Ameliyat\u0131n ard\u0131ndan Melih Meri\u00e7, yo\u011fun bak\u0131m \u00fcnitesinde tedaviye al\u0131nd\u0131.<\/p>\n<p>&nbsp;<\/p>\n<p>Hayati tehlikeyi atlatt\u0131\u011f\u0131 belirtilen Meri\u00e7&#8217;in tedbir ama\u00e7l\u0131 uyutuldu\u011fu ve bug\u00fcn ya da yar\u0131n uyand\u0131r\u0131lmas\u0131n\u0131n beklendi\u011fi bildirildi.<\/p>\n<p><span>KORUMA POL\u0130S\u0130NE \u0130Z\u0130N VERM\u0130\u015e<\/span><\/p>\n<p>Meri\u00e7&#8217;in, d\u00fcn g\u00fcn i\u00e7inde saha ziyaretleri yapt\u0131\u011f\u0131, \u00f6\u011fle saatlerinde de koruma polisine \u00f6zel i\u015fleri oldu\u011funu belirterek izin verdi\u011fi ortaya \u00e7\u0131kt\u0131.<\/p>\n<p><span>SALDIRGAN VE O\u011eLU TUTUKLANDI<\/span><\/p>\n<p>Olayla ilgili \u00e7al\u0131\u015fma ba\u015flatan \u0130l Emniyet M\u00fcd\u00fcrl\u00fc\u011f\u00fc ekipleri, Seydi Ahmet Kele\u015f&#8217;in ka\u00e7t\u0131\u011f\u0131 arac\u0131 tespit etti.<\/p>\n<p>&nbsp;<\/p>\n<p>Kele\u015f, \u015f\u00fcphelilerden A.\u00c7., ara\u00e7 de\u011fi\u015fiminden sonra bindi\u011fi ticari ara\u00e7 \u015fof\u00f6r\u00fc E.D., \u015f\u00fcphelinin o\u011flu H.K. ve olay yerinde bulunan \u00f6zel g\u00fcvenlik g\u00f6revlisi R.\u00c7. olmak \u00fczere 5 \u015f\u00fcpheli g\u00f6zalt\u0131na al\u0131nd\u0131.<\/p>\n<p>&nbsp;<\/p>\n<p>\u015e\u00fcpheliler, sa\u011fl\u0131k kontrol\u00fcn\u00fcn ard\u0131ndan adliyeye sevk edildi.<\/p>\n<p>&nbsp;<\/p>\n<p>Mahkemeye \u00e7\u0131kar\u0131lan Kele\u015f ile o\u011flu H.K. tutukland\u0131.<\/p>\n<p><span>&#8220;\u00c7OK TAHR\u0130K ETT\u0130&#8221;<\/span><\/p>\n<p>\u015e\u00fcpheli Kele\u015f, adliye giri\u015finde gazetecilere, &#8220;\u00c7ok tahrik etti bilerek yapmad\u0131m ama ya\u015fad\u0131\u011f\u0131na da \u00e7ok seviniyorum, pi\u015fman\u0131m.&#8221; dedi.<\/p>\n","protected":false},"excerpt":{"rendered":"<p>Yeni Parti Gaziantep Milletvekili Melih Meri\u00e7&#8217;in eski CHP O\u011fuzeli \u0130l\u00e7e Ba\u015fkan\u0131 Seydi Ahmet Kele\u015f taraf\u0131ndan&#8230;<\/p>\n","protected":false},"author":1,"featured_media":1252,"comment_status":"open","ping_status":"open","sticky":false,"template":"","format":"standard","meta":{"footnotes":""},"categories":[14],"tags":[],"class_list":["post-1322","post","type-post","status-publish","format-standard","has-post-thumbnail","hentry","category-son-dakika"],"_links":{"self":[{"href":"https:\/\/gundem44.com.tr\/index.php?rest_route=\/wp\/v2\/posts\/1322","targetHints":{"allow":["GET"]}}],"collection":[{"href":"https:\/\/gundem44.com.tr\/index.php?rest_route=\/wp\/v2\/posts"}],"about":[{"href":"https:\/\/gundem44.com.tr\/index.php?rest_route=\/wp\/v2\/types\/post"}],"author":[{"embeddable":true,"href":"https:\/\/gundem44.com.tr\/index.php?rest_route=\/wp\/v2\/users\/1"}],"replies":[{"embeddable":true,"href":"https:\/\/gundem44.com.tr\/index.php?rest_route=%2Fwp%2Fv2%2Fcomments&post=1322"}],"version-history":[{"count":0,"href":"https:\/\/gundem44.com.tr\/index.php?rest_route=\/wp\/v2\/posts\/1322\/revisions"}],"wp:featuredmedia":[{"embeddable":true,"href":"https:\/\/gundem44.com.tr\/index.php?rest_route=\/wp\/v2\/media\/1252"}],"wp:attachment":[{"href":"https:\/\/gundem44.com.tr\/index.php?rest_route=%2Fwp%2Fv2%2Fmedia&parent=1322"}],"wp:term":[{"taxonomy":"category","embeddable":true,"href":"https:\/\/gundem44.com.tr\/index.php?rest_route=%2Fwp%2Fv2%2Fcategories&post=1322"},{"taxonomy":"post_tag","embeddable":true,"href":"https:\/\/gundem44.com.tr\/index.php?rest_route=%2Fwp%2Fv2%2Ftags&post=1322"}],"curies":[{"name":"wp","href":"https:\/\/api.w.org\/{rel}","templated":true}]}}