{"id":1320,"date":"2026-08-19T13:01:20","date_gmt":"2026-08-19T13:01:20","guid":{"rendered":"https:\/\/gundem44.com.tr\/?p=1320"},"modified":"2026-08-19T13:01:20","modified_gmt":"2026-08-19T13:01:20","slug":"alihan-kurisin-takipten-kacmak-icin-kullandigi-yontem-belli-oldu","status":"publish","type":"post","link":"https:\/\/gundem44.com.tr\/?p=1320","title":{"rendered":"Alihan Kuri\u015f&#8217;in takipten ka\u00e7mak i\u00e7in kulland\u0131\u011f\u0131 y\u00f6ntem belli oldu"},"content":{"rendered":"<p><img decoding=\"async\" src=\"https:\/\/images.ntv.com.tr\/images\/alihan-kuri\u015f-513083.jpg?width=930&amp;format=webp\" class=\"type:primaryImage\" alt=\"Alihan Kuri\u015f&apos;in takipten ka\u00e7mak i\u00e7in kulland\u0131\u011f\u0131 y\u00f6ntem belli oldu\" \/><\/p>\n<p>\u00d6rg\u00fct liderli\u011finden tutuklanan ve sorgusunda telefon kullanmad\u0131\u011f\u0131n\u0131 iddia eden Alihan Kuri\u015f&#8217;in \u00e7al\u0131\u015fan\u0131 ad\u0131na \u00e7\u0131kart\u0131lan hatt\u0131 kulland\u0131\u011f\u0131 ortaya \u00e7\u0131kt\u0131.<\/p>\n<p>Kamuoyunda S\u00fcleymanc\u0131lar cemaatinin lideri olarak tan\u0131nan <a href=\"https:\/\/www.ntv.com.tr\/turkiye\/kuris-orgutune-operasyon-alihan-kuris-dahil-32-supheli-tutuklandi-1737112\">Alihan Kuri\u015f <\/a>soru\u015fturmas\u0131 s\u00fcr\u00fcyor.<\/p>\n<p>&nbsp;<\/p>\n<p>&#8220;Alihan Kuri\u015f \u00e7\u0131kar ama\u00e7l\u0131 su\u00e7 \u00f6rg\u00fct\u00fc&#8221;ne y\u00f6nelik operasyonda g\u00f6zalt\u0131na al\u0131nan 38 \u015f\u00fcpheliden 32&#8217;si tutuklanm\u0131\u015ft\u0131.<\/p>\n<p>&nbsp;<\/p>\n<p>Ankara Cumhuriyet Ba\u015fsavc\u0131l\u0131\u011f\u0131&#8217;n\u0131n y\u00fcr\u00fctt\u00fc\u011f\u00fc <a href=\"https:\/\/www.ntv.com.tr\/turkiye\/galeri-alihan-kuris-sorusturmasinda-bugune-kadar-neler-oldu-neler-biliniyor-1737565\/1\">soru\u015fturmaya<\/a> ili\u015fkin yeni ayr\u0131nt\u0131lar ortaya \u00e7\u0131kt\u0131.<\/p>\n<p><span>TELEFON KULLANMADI\u011eINI BEYAN ETM\u0130\u015eT\u0130<\/span><\/p>\n<p>Yolsuzluk ve \u00f6rg\u00fct liderli\u011fi su\u00e7lamalar\u0131yla tutuklanan Alihan Kuri\u015f, savc\u0131l\u0131kta verdi\u011fi<a href=\"https:\/\/www.ntv.com.tr\/turkiye\/galeri-alihan-kurisin-ifadesi-ortaya-cikti-1737730\"> ifadede<\/a> aktif olarak cep telefonu kullanmad\u0131\u011f\u0131n\u0131 beyan etmi\u015fti.<\/p>\n<p>&nbsp;<\/p>\n<p>Ancak Kuri\u015f&#8217;in gizlilik tedbirlerine g\u00f6re hareket etti\u011fi ortaya \u00e7\u0131kt\u0131. Kuri\u015f&#8217;in takip edilmemek i\u00e7in kendi ad\u0131na \u00e7\u0131kart\u0131lan ya da tahsis edilen bir hatt\u0131 kulland\u0131\u011f\u0131 tespit edildi.<\/p>\n<p><span>TELEFONUN SAH\u0130B\u0130 BELL\u0130 OLDU<\/span><\/p>\n<p>Kuri\u015f&#8217;in y\u00fczde 13,43 hissesi i\u00e7in tedbir karar\u0131 al\u0131nan bir \u015firkette sigortal\u0131 olan A.K. isimli \u00e7al\u0131\u015fan\u0131n ad\u0131na \u00e7\u0131kar\u0131lan telefon hatt\u0131n\u0131 kulland\u0131\u011f\u0131 da tespitler aras\u0131nda yer ald\u0131.<\/p>\n<p><span>KUR\u0130\u015e \u0130FADES\u0130NDE NE DEM\u0130\u015eT\u0130?<\/span><\/p>\n<p>Su\u00e7 \u00f6rg\u00fct\u00fc lideri olmaktan tutuklanan Alihan Kuri\u015f, ifadesinde \u00f6rg\u00fct kurma, y\u00f6netme, kara para aklama, doland\u0131r\u0131c\u0131l\u0131k su\u00e7lar\u0131n\u0131 reddetmi\u015fti.<\/p>\n<p>&nbsp;<\/p>\n<p>Kuri\u015f, dedesinin varisi ve temsilcisi oldu\u011funu, kimseye emir ya da talimat vermedi\u011fini \u00f6ne s\u00fcr\u00fcp MASAK raporlar\u0131ndaki milyarlarca liral\u0131k para hareketleri ve tan\u0131k beyanlar\u0131na ili\u015fkin iddialar\u0131 da kabul etmemi\u015fti.<\/p>\n<p>&nbsp;<\/p>\n<p>Kuri\u015f ifadesinde \u00f6rg\u00fct y\u00f6neticileri i\u00e7in &#8220;sosyal \u00e7evrem&#8221; ifadelerini kullanm\u0131\u015f, ayl\u0131k 380 bin lira kazand\u0131\u011f\u0131n\u0131 belirtmi\u015fti.<\/p>\n<p>&nbsp;<\/p>\n<p>Evinden \u00e7\u0131kan y\u00fckl\u00fc miktarda alt\u0131n ve paralara ili\u015fkin de konu\u015fan Kuri\u015f, bir b\u00f6l\u00fcm\u00fcn\u00fcn d\u00fc\u011f\u00fcnlerinde tak\u0131lan tak\u0131lar, bir b\u00f6l\u00fcm\u00fcn\u00fcn ise \u00e7ocuklar\u0131na verilen hediyeler oldu\u011funu ileri s\u00fcrm\u00fc\u015ft\u00fc.<\/p>\n<p><span>G\u0130ZL\u0130 UYGULAMASI DA ORTAYA \u00c7IKTI<\/span><\/p>\n<p>Soru\u015fturmada \u00f6rg\u00fct\u00fcn gizli bir program \u00fczerinden haberle\u015fti\u011fi belirlendi.<\/p>\n<p>&nbsp;<\/p>\n<p>Edinilen bilgilere g\u00f6re, \u00f6rg\u00fct\u00fcn<a href=\"https:\/\/www.ntv.com.tr\/turkiye\/galeri-alihan-kurisin-haberlesme-agi-glooper-desifre-oldu-1737866\/1\"> Glooper <\/a>adl\u0131 uygulama \u00fczerinden haberle\u015fti\u011fi ve uygulaman\u0131n App Store ve Play Store gibi ma\u011fazalarda bulunmad\u0131\u011f\u0131 ortaya \u00e7\u0131kt\u0131.<\/p>\n<p>&nbsp;<\/p>\n<p>Uygulaman\u0131n d\u0131\u015far\u0131dan eri\u015fime tamamen kapal\u0131 oldu\u011fu, \u00f6zel ve gizli bir data, veri i\u015fleme ve dosyalama yap\u0131labildi\u011fi belirlendi.<\/p>\n<p>&nbsp;<\/p>\n<p>Kullan\u0131c\u0131lar\u0131n \u00fc\u00e7 kademeli do\u011frulama ile uygulamaya giri\u015f yapabildi\u011fi de ortaya \u00e7\u0131kt\u0131. Uygulamada yurt, personel, idari ve mali i\u015flerle ilgili hesaplar\u0131n tutuldu\u011fu \u00f6\u011frenilirken hocalarla ileti\u015fimin \u015fifreli e-postalar \u00fczerinde yap\u0131ld\u0131\u011f\u0131 da \u00f6ne s\u00fcr\u00fcld\u00fc.<\/p>\n<p><span>SORU\u015eTURMA HAKKINDA B\u0130L\u0130NENLER<\/span><\/p>\n<p>Adalet Bakan\u0131 Ak\u0131n G\u00fcrlek ve \u0130\u00e7i\u015fleri Bakan\u0131 Mustafa \u00c7ift\u00e7i, soru\u015fturman\u0131n dini faaliyetlerle ili\u015fkisinin bulunmad\u0131\u011f\u0131n\u0131n alt\u0131n\u0131 \u00e7izdi.<\/p>\n<p>&nbsp;<\/p>\n<p>Ba\u015fsavc\u0131l\u0131\u011f\u0131n a\u00e7\u0131klamas\u0131nda da soru\u015fturman\u0131n \u015f\u00fcpheli mali i\u015flemler \u00fczerinden y\u00fcr\u00fct\u00fcld\u00fc\u011f\u00fc belirtildi. Su\u00e7 \u00f6rg\u00fct\u00fc ad\u0131 verilen yap\u0131yla mali ve ticari ba\u011flant\u0131lar\u0131 bulundu\u011fu de\u011ferlendirilen 32 \u015firket tespit edildi.<\/p>\n<p>&nbsp;<\/p>\n<p>Bunlar aras\u0131nda Armine Giyim, Ayakkab\u0131 D\u00fcnyas\u0131 ve Verona Ev Tekstil gibi in\u015faattan g\u0131daya, kuyumculuktan, denizcilik ve e\u011fitime farkl\u0131 sekt\u00f6rlerde faaliyet g\u00f6steren \u015firketler yer ald\u0131.<\/p>\n<p>&nbsp;<\/p>\n<p>Yurt d\u0131\u015f\u0131na b\u00fcy\u00fck miktarlarda para transferi yap\u0131ld\u0131\u011f\u0131 da iddia edilirken MASAK incelemelerinde, 100 milyar TL&#8217;yi a\u015fan tutar\u0131n \u00e7e\u015fitli y\u00f6ntemlerle yurt d\u0131\u015f\u0131na \u00e7\u0131kar\u0131ld\u0131\u011f\u0131 tespit edildi.<\/p>\n","protected":false},"excerpt":{"rendered":"<p>\u00d6rg\u00fct liderli\u011finden tutuklanan ve sorgusunda telefon kullanmad\u0131\u011f\u0131n\u0131 iddia eden Alihan Kuri\u015f&#8217;in \u00e7al\u0131\u015fan\u0131 ad\u0131na \u00e7\u0131kart\u0131lan hatt\u0131&#8230;<\/p>\n","protected":false},"author":1,"featured_media":1252,"comment_status":"open","ping_status":"open","sticky":false,"template":"","format":"standard","meta":{"footnotes":""},"categories":[14],"tags":[],"class_list":["post-1320","post","type-post","status-publish","format-standard","has-post-thumbnail","hentry","category-son-dakika"],"_links":{"self":[{"href":"https:\/\/gundem44.com.tr\/index.php?rest_route=\/wp\/v2\/posts\/1320","targetHints":{"allow":["GET"]}}],"collection":[{"href":"https:\/\/gundem44.com.tr\/index.php?rest_route=\/wp\/v2\/posts"}],"about":[{"href":"https:\/\/gundem44.com.tr\/index.php?rest_route=\/wp\/v2\/types\/post"}],"author":[{"embeddable":true,"href":"https:\/\/gundem44.com.tr\/index.php?rest_route=\/wp\/v2\/users\/1"}],"replies":[{"embeddable":true,"href":"https:\/\/gundem44.com.tr\/index.php?rest_route=%2Fwp%2Fv2%2Fcomments&post=1320"}],"version-history":[{"count":0,"href":"https:\/\/gundem44.com.tr\/index.php?rest_route=\/wp\/v2\/posts\/1320\/revisions"}],"wp:featuredmedia":[{"embeddable":true,"href":"https:\/\/gundem44.com.tr\/index.php?rest_route=\/wp\/v2\/media\/1252"}],"wp:attachment":[{"href":"https:\/\/gundem44.com.tr\/index.php?rest_route=%2Fwp%2Fv2%2Fmedia&parent=1320"}],"wp:term":[{"taxonomy":"category","embeddable":true,"href":"https:\/\/gundem44.com.tr\/index.php?rest_route=%2Fwp%2Fv2%2Fcategories&post=1320"},{"taxonomy":"post_tag","embeddable":true,"href":"https:\/\/gundem44.com.tr\/index.php?rest_route=%2Fwp%2Fv2%2Ftags&post=1320"}],"curies":[{"name":"wp","href":"https:\/\/api.w.org\/{rel}","templated":true}]}}