{"id":1312,"date":"2026-08-19T00:51:20","date_gmt":"2026-08-19T00:51:20","guid":{"rendered":"https:\/\/gundem44.com.tr\/?p=1312"},"modified":"2026-08-19T00:51:20","modified_gmt":"2026-08-19T00:51:20","slug":"patronuna-yoruldum-diye-mail-atti-yargitay-istifa-saydi","status":"publish","type":"post","link":"https:\/\/gundem44.com.tr\/?p=1312","title":{"rendered":"Patronuna &#8221;yoruldum&#8221; diye mail att\u0131: Yarg\u0131tay istifa sayd\u0131"},"content":{"rendered":"<p><img decoding=\"async\" src=\"https:\/\/images.ntv.com.tr\/images\/thumbs_b_c_2bab8b920b02916590bb4b44d2f7e5a3_20260818232024-977197.jpg?width=930&amp;format=webp\" class=\"type:primaryImage\" alt=\"Patronuna &apos;&apos;yoruldum&apos;&apos; diye mail att\u0131: Yarg\u0131tay istifa sayd\u0131\" \/><\/p>\n<p>Patronuna &#8221;manen y\u0131prand\u0131m, yoruldum&#8221; diye mail atan \u00e7al\u0131\u015fan\u0131n s\u00f6zleri istifa say\u0131ld\u0131. Yarg\u0131tay, i\u015f\u00e7inin k\u0131dem ve ihbar tazminat\u0131 talebini reddetti.<\/p>\n<p>Bir firmada yakla\u015f\u0131k \u00fc\u00e7 y\u0131l \u00e7al\u0131\u015fan y\u00f6netici ile i\u015fveren aras\u0131ndaki \u201csitem maili\u201d uyu\u015fmazl\u0131\u011f\u0131 Yarg\u0131tay&#8217;a ta\u015f\u0131nd\u0131.<\/p>\n<p>&nbsp;<\/p>\n<p>\u0130ddiaya g\u00f6re \u00e7al\u0131\u015fan, \u015firket sahibine g\u00f6nderdi\u011fi e-postada son bir y\u0131ld\u0131r mobbinge maruz kald\u0131\u011f\u0131n\u0131 ve priminin d\u00fc\u015f\u00fcr\u00fcld\u00fc\u011f\u00fcn\u00fc belirterek \u201cmanen y\u0131prand\u0131\u011f\u0131n\u0131\u201d ve \u201cyoruldu\u011funu\u201d s\u00f6yledi.<\/p>\n<p>&nbsp;<\/p>\n<p>\u0130\u015fveren ise s\u00f6z konusu e-postay\u0131 \u00e7al\u0131\u015fan\u0131n i\u015f s\u00f6zle\u015fmesini sona erdirdi\u011fi \u015feklinde de\u011ferlendirdi ve \u00e7al\u0131\u015fanla yollar\u0131n\u0131 tazminat \u00f6demeden ay\u0131rd\u0131.<\/p>\n<p>&nbsp;<\/p>\n<p><strong>YEREL MAHKEME \u0130\u015e\u00c7\u0130Y\u0130 HAKLI BULDU<\/strong><\/p>\n<p>&nbsp;<\/p>\n<p>\u00c7al\u0131\u015fan, e-postay\u0131 istifa amac\u0131yla g\u00f6ndermedi\u011fini, yaln\u0131zca ya\u015fad\u0131\u011f\u0131 manevi y\u0131pranmay\u0131 ve \u00e7al\u0131\u015fma ko\u015fullar\u0131na ili\u015fkin \u015fik\u00e2yetlerini i\u015fverene aktard\u0131\u011f\u0131n\u0131 belirterek dava a\u00e7t\u0131.<\/p>\n<p>&nbsp;<\/p>\n<p>Davaya bakan yerel mahkeme, \u00e7al\u0131\u015fan\u0131n talebini hakl\u0131 bularak k\u0131dem ve ihbar tazminat\u0131n\u0131n \u00f6denmesine karar verdi.<\/p>\n<p>&nbsp;<\/p>\n<p>\u0130\u015fveren ise karar\u0131 temyiz ederek dosyay\u0131 Yarg\u0131tay&#8217;a ta\u015f\u0131d\u0131.<\/p>\n<p>&nbsp;<\/p>\n<p><strong>YARGITAY&#8217;DAN FARKLI KARAR<\/strong><\/p>\n<p>&nbsp;<\/p>\n<p>Dosyay\u0131 inceleyen Yarg\u0131tay, yerel mahkemenin de\u011ferlendirmesine kat\u0131lmad\u0131.<\/p>\n<p>&nbsp;<\/p>\n<p>Y\u00fcksek Mahkeme, \u00e7al\u0131\u015fan\u0131n e-postas\u0131ndaki beyanlar\u0131n\u0131 i\u015f s\u00f6zle\u015fmesinin i\u015f\u00e7i taraf\u0131ndan feshedildi\u011fini g\u00f6steren ifadeler olarak de\u011ferlendirdi.<\/p>\n<p>&nbsp;<\/p>\n<p>Buna g\u00f6re \u00e7al\u0131\u015fan\u0131n feshi, k\u0131dem tazminat\u0131 do\u011furacak \u201chakl\u0131 nedenle fesih\u201d kapsam\u0131nda da kabul edilmedi. \u0130\u015f\u00e7inin k\u0131dem ve ihbar tazminat\u0131 taleplerinin reddine karar verildi.<\/p>\n<p>&nbsp;<\/p>\n<p>Karar, \u00e7al\u0131\u015fanlar\u0131n i\u015fverene g\u00f6nderdi\u011fi yaz\u0131l\u0131 mesaj ve e-postalarda kulland\u0131klar\u0131 ifadelerin, i\u015f s\u00f6zle\u015fmesinin sona erdirilmesine y\u00f6nelik irade a\u00e7\u0131klamas\u0131 olarak de\u011ferlendirilip de\u011ferlendirilemeyece\u011fi tart\u0131\u015fmas\u0131n\u0131 yeniden g\u00fcndeme getirdi.<\/p>\n<p>&nbsp;<\/p>\n","protected":false},"excerpt":{"rendered":"<p>Patronuna &#8221;manen y\u0131prand\u0131m, yoruldum&#8221; diye mail atan \u00e7al\u0131\u015fan\u0131n s\u00f6zleri istifa say\u0131ld\u0131. Yarg\u0131tay, i\u015f\u00e7inin k\u0131dem ve&#8230;<\/p>\n","protected":false},"author":1,"featured_media":1252,"comment_status":"open","ping_status":"open","sticky":false,"template":"","format":"standard","meta":{"footnotes":""},"categories":[14],"tags":[],"class_list":["post-1312","post","type-post","status-publish","format-standard","has-post-thumbnail","hentry","category-son-dakika"],"_links":{"self":[{"href":"https:\/\/gundem44.com.tr\/index.php?rest_route=\/wp\/v2\/posts\/1312","targetHints":{"allow":["GET"]}}],"collection":[{"href":"https:\/\/gundem44.com.tr\/index.php?rest_route=\/wp\/v2\/posts"}],"about":[{"href":"https:\/\/gundem44.com.tr\/index.php?rest_route=\/wp\/v2\/types\/post"}],"author":[{"embeddable":true,"href":"https:\/\/gundem44.com.tr\/index.php?rest_route=\/wp\/v2\/users\/1"}],"replies":[{"embeddable":true,"href":"https:\/\/gundem44.com.tr\/index.php?rest_route=%2Fwp%2Fv2%2Fcomments&post=1312"}],"version-history":[{"count":0,"href":"https:\/\/gundem44.com.tr\/index.php?rest_route=\/wp\/v2\/posts\/1312\/revisions"}],"wp:featuredmedia":[{"embeddable":true,"href":"https:\/\/gundem44.com.tr\/index.php?rest_route=\/wp\/v2\/media\/1252"}],"wp:attachment":[{"href":"https:\/\/gundem44.com.tr\/index.php?rest_route=%2Fwp%2Fv2%2Fmedia&parent=1312"}],"wp:term":[{"taxonomy":"category","embeddable":true,"href":"https:\/\/gundem44.com.tr\/index.php?rest_route=%2Fwp%2Fv2%2Fcategories&post=1312"},{"taxonomy":"post_tag","embeddable":true,"href":"https:\/\/gundem44.com.tr\/index.php?rest_route=%2Fwp%2Fv2%2Ftags&post=1312"}],"curies":[{"name":"wp","href":"https:\/\/api.w.org\/{rel}","templated":true}]}}