{"id":1307,"date":"2026-08-18T12:10:32","date_gmt":"2026-08-18T12:10:32","guid":{"rendered":"https:\/\/gundem44.com.tr\/?p=1307"},"modified":"2026-08-18T12:10:32","modified_gmt":"2026-08-18T12:10:32","slug":"suriyede-bessar-esadin-kuzeni-vesim-esad-hakkinda-idam-karari-mahkeme-suclari-tek-tek-acikladi","status":"publish","type":"post","link":"https:\/\/gundem44.com.tr\/?p=1307","title":{"rendered":"Suriye&#039;de Be\u015f\u015far Esad&#039;\u0131n kuzeni Vesim Esad hakk\u0131nda idam karar\u0131: Mahkeme su\u00e7lar\u0131 tek tek a\u00e7\u0131klad\u0131"},"content":{"rendered":"<p><img decoding=\"async\" src=\"https:\/\/iaahbr.tmgrup.com.tr\/89aed4\/0\/0\/0\/0\/2048\/1365?u=https:\/\/iahbr.tmgrup.com.tr\/2026\/08\/18\/suriyede-bessar-esadin-kuzeni-vesim-esada-idam-karari-1787053442797.jpg\" alt=\"Suriye&apos;de Be\u015f\u015far Esad&apos;\u0131n kuzeni Vesim Esad hakk\u0131nda idam karar\u0131: Mahkeme su\u00e7lar\u0131 tek tek a\u00e7\u0131klad\u0131\"><br \/>Suriye&#8217;de \u015eam&#8217;daki D\u00f6rd\u00fcnc\u00fc Ceza Mahkemesi, Be\u015f\u015far Esad&#8217;\u0131n kuzeni Vesim Esad&#8217;\u0131 kasten \u00f6ld\u00fcrme, i\u015fkence, insanl\u0131\u011fa kar\u015f\u0131 su\u00e7lar ve sava\u015f su\u00e7lar\u0131ndan idama mahk\u00fbm etti. Mahkeme ayr\u0131ca Esad&#8217;\u0131n menkul ve&#8230;<a href=\"https:\/\/www.ahaber.com.tr\/dunya\/2026\/08\/18\/suriyede-bessar-esadin-kuzeni-vesim-esada-idam-karari\">Devam\u0131 i\u00e7in t\u0131klay\u0131n\u0131z<\/a><\/p>\n","protected":false},"excerpt":{"rendered":"<p>Suriye&#8217;de \u015eam&#8217;daki D\u00f6rd\u00fcnc\u00fc Ceza Mahkemesi, Be\u015f\u015far Esad&#8217;\u0131n kuzeni Vesim Esad&#8217;\u0131 kasten \u00f6ld\u00fcrme, i\u015fkence, insanl\u0131\u011fa kar\u015f\u0131&#8230;<\/p>\n","protected":false},"author":1,"featured_media":1252,"comment_status":"open","ping_status":"open","sticky":false,"template":"","format":"standard","meta":{"footnotes":""},"categories":[14],"tags":[],"class_list":["post-1307","post","type-post","status-publish","format-standard","has-post-thumbnail","hentry","category-son-dakika"],"_links":{"self":[{"href":"https:\/\/gundem44.com.tr\/index.php?rest_route=\/wp\/v2\/posts\/1307","targetHints":{"allow":["GET"]}}],"collection":[{"href":"https:\/\/gundem44.com.tr\/index.php?rest_route=\/wp\/v2\/posts"}],"about":[{"href":"https:\/\/gundem44.com.tr\/index.php?rest_route=\/wp\/v2\/types\/post"}],"author":[{"embeddable":true,"href":"https:\/\/gundem44.com.tr\/index.php?rest_route=\/wp\/v2\/users\/1"}],"replies":[{"embeddable":true,"href":"https:\/\/gundem44.com.tr\/index.php?rest_route=%2Fwp%2Fv2%2Fcomments&post=1307"}],"version-history":[{"count":0,"href":"https:\/\/gundem44.com.tr\/index.php?rest_route=\/wp\/v2\/posts\/1307\/revisions"}],"wp:featuredmedia":[{"embeddable":true,"href":"https:\/\/gundem44.com.tr\/index.php?rest_route=\/wp\/v2\/media\/1252"}],"wp:attachment":[{"href":"https:\/\/gundem44.com.tr\/index.php?rest_route=%2Fwp%2Fv2%2Fmedia&parent=1307"}],"wp:term":[{"taxonomy":"category","embeddable":true,"href":"https:\/\/gundem44.com.tr\/index.php?rest_route=%2Fwp%2Fv2%2Fcategories&post=1307"},{"taxonomy":"post_tag","embeddable":true,"href":"https:\/\/gundem44.com.tr\/index.php?rest_route=%2Fwp%2Fv2%2Ftags&post=1307"}],"curies":[{"name":"wp","href":"https:\/\/api.w.org\/{rel}","templated":true}]}}