{"id":1305,"date":"2026-08-18T12:10:32","date_gmt":"2026-08-18T12:10:32","guid":{"rendered":"https:\/\/gundem44.com.tr\/?p=1305"},"modified":"2026-08-18T12:10:32","modified_gmt":"2026-08-18T12:10:32","slug":"tarih-belli-oldu-trabzona-rayli-sistem-geliyor","status":"publish","type":"post","link":"https:\/\/gundem44.com.tr\/?p=1305","title":{"rendered":"Tarih belli oldu! Trabzon\u2019a rayl\u0131 sistem geliyor"},"content":{"rendered":"<p><img decoding=\"async\" src=\"https:\/\/iaahbr.tmgrup.com.tr\/ff235b\/0\/0\/0\/0\/1080\/1346?u=https:\/\/iahbr.tmgrup.com.tr\/2026\/08\/18\/tarih-belli-oldu-trabzona-rayli-sistem-geliyor-1787053740897.jpeg\" alt=\"Tarih belli oldu! Trabzon\u2019a rayl\u0131 sistem geliyor\"><br \/>Ula\u015ft\u0131rma ve Altyap\u0131 Bakan\u0131 Abdulkadir Uralo\u011flu, Trabzon \u015eehir \u0130\u00e7i Rayl\u0131 Ula\u015f\u0131m Sistemi Projesi&#8217;nde temel atma tarihini a\u00e7\u0131klad\u0131. Uralo\u011flu, &#8220;Rayl\u0131 sistemle ilgili in\u015fallah eyl\u00fcl ay\u0131n\u0131n ba\u015f\u0131nda temel&#8230;<a href=\"https:\/\/www.ahaber.com.tr\/ekonomi\/2026\/08\/18\/tarih-belli-oldu-trabzona-rayli-sistem-geliyor\">Devam\u0131 i\u00e7in t\u0131klay\u0131n\u0131z<\/a><\/p>\n","protected":false},"excerpt":{"rendered":"<p>Ula\u015ft\u0131rma ve Altyap\u0131 Bakan\u0131 Abdulkadir Uralo\u011flu, Trabzon \u015eehir \u0130\u00e7i Rayl\u0131 Ula\u015f\u0131m Sistemi Projesi&#8217;nde temel atma&#8230;<\/p>\n","protected":false},"author":1,"featured_media":1252,"comment_status":"open","ping_status":"open","sticky":false,"template":"","format":"standard","meta":{"footnotes":""},"categories":[14],"tags":[],"class_list":["post-1305","post","type-post","status-publish","format-standard","has-post-thumbnail","hentry","category-son-dakika"],"_links":{"self":[{"href":"https:\/\/gundem44.com.tr\/index.php?rest_route=\/wp\/v2\/posts\/1305","targetHints":{"allow":["GET"]}}],"collection":[{"href":"https:\/\/gundem44.com.tr\/index.php?rest_route=\/wp\/v2\/posts"}],"about":[{"href":"https:\/\/gundem44.com.tr\/index.php?rest_route=\/wp\/v2\/types\/post"}],"author":[{"embeddable":true,"href":"https:\/\/gundem44.com.tr\/index.php?rest_route=\/wp\/v2\/users\/1"}],"replies":[{"embeddable":true,"href":"https:\/\/gundem44.com.tr\/index.php?rest_route=%2Fwp%2Fv2%2Fcomments&post=1305"}],"version-history":[{"count":0,"href":"https:\/\/gundem44.com.tr\/index.php?rest_route=\/wp\/v2\/posts\/1305\/revisions"}],"wp:featuredmedia":[{"embeddable":true,"href":"https:\/\/gundem44.com.tr\/index.php?rest_route=\/wp\/v2\/media\/1252"}],"wp:attachment":[{"href":"https:\/\/gundem44.com.tr\/index.php?rest_route=%2Fwp%2Fv2%2Fmedia&parent=1305"}],"wp:term":[{"taxonomy":"category","embeddable":true,"href":"https:\/\/gundem44.com.tr\/index.php?rest_route=%2Fwp%2Fv2%2Fcategories&post=1305"},{"taxonomy":"post_tag","embeddable":true,"href":"https:\/\/gundem44.com.tr\/index.php?rest_route=%2Fwp%2Fv2%2Ftags&post=1305"}],"curies":[{"name":"wp","href":"https:\/\/api.w.org\/{rel}","templated":true}]}}