{"id":1302,"date":"2026-08-18T12:10:32","date_gmt":"2026-08-18T12:10:32","guid":{"rendered":"https:\/\/gundem44.com.tr\/?p=1302"},"modified":"2026-08-18T12:10:32","modified_gmt":"2026-08-18T12:10:32","slug":"omer-celik-netanyahu-sebekesine-karsi-durmak-tum-insanligin-haysiyetini-savunmaktir","status":"publish","type":"post","link":"https:\/\/gundem44.com.tr\/?p=1302","title":{"rendered":"\u00d6mer \u00c7elik: Netanyahu \u015febekesine kar\u015f\u0131 durmak t\u00fcm insanl\u0131\u011f\u0131n haysiyetini savunmakt\u0131r"},"content":{"rendered":"<p><img decoding=\"async\" src=\"https:\/\/images.ntv.com.tr\/images\/\u00f6mer\u00e7elikakparti-301324.jpg?width=930&amp;format=webp\" class=\"type:primaryImage\" alt=\"\u00d6mer \u00c7elik: Netanyahu \u015febekesine kar\u015f\u0131 durmak t\u00fcm insanl\u0131\u011f\u0131n haysiyetini savunmakt\u0131r\" \/><\/p>\n<p>AK Parti S\u00f6zc\u00fcs\u00fc \u00d6mer \u00c7elik, &#8220;Netanyahu&#8217;nun &#8216;soyk\u0131r\u0131m \u015febekesi&#8217; t\u00fcm b\u00f6lge i\u00e7in daha fazla kaos ve katliamdan ba\u015fka bir \u015fey ifade etmiyor.&#8221; dedi.<\/p>\n<p>AK Parti Genel Ba\u015fkan Yard\u0131mc\u0131s\u0131 ve Parti S\u00f6zc\u00fcs\u00fc \u00d6mer \u00c7elik, \u0130srail y\u00f6netimine sert s\u00f6zlerle tepki g\u00f6sterdi.<\/p>\n<p>&nbsp;<\/p>\n<p>AK Parti S\u00f6zc\u00fcs\u00fc \u00c7elik, \u0130srail Ba\u015fbakan\u0131 Binyamin Netanyahu&#8217;nun \u0130srail i\u00e7 siyasetinde s\u0131k\u0131\u015ft\u0131k\u00e7a Cumhurba\u015fkan\u0131 Recep Tayyip Erdo\u011fan&#8217;a sald\u0131rd\u0131\u011f\u0131n\u0131 belirtti.<\/p>\n<p>&nbsp;<\/p>\n<p><strong>\u201cNETANYAHU B\u00d6LGE \u0130\u00c7\u0130N KAOSTAN BA\u015eKA B\u0130R \u015eEY \u0130FADE ETM\u0130YOR\u201d<\/strong><\/p>\n<p>&nbsp;<\/p>\n<p>Sosyal medya hesab\u0131ndan a\u00e7\u0131klama yapan \u00c7elik &#8220;Netanyahu\u2019nun \u2018soyk\u0131r\u0131m \u015febekesi\u2019 t\u00fcm b\u00f6lge i\u00e7in daha fazla kaos ve katliamdan ba\u015fka bir \u015fey ifade etmiyor. Bu insanl\u0131k d\u00fc\u015fman\u0131 \u015febeke \u0130srail\u2019in i\u00e7 siyasetinde s\u0131k\u0131\u015ft\u0131k\u00e7a Say\u0131n Cumhurba\u015fkan\u0131m\u0131za sald\u0131r\u0131yor. Bunun sebebi, Say\u0131n Cumhurba\u015fkan\u0131m\u0131z\u0131n bu katliam \u015febekesine kar\u015f\u0131 \u2018insanl\u0131k ittifak\u0131\u2019n\u0131n en kararl\u0131 duru\u015funa sahip olmas\u0131ndand\u0131r.\u201d dedi.<\/p>\n<p>&nbsp;<\/p>\n<p>\u201cSay\u0131n Cumhurba\u015fkan\u0131m\u0131z\u0131n t\u00fcm insanl\u0131k ad\u0131na y\u00fckseltti\u011fi ses, bu soyk\u0131r\u0131m \u015febekesini \u2018insani de\u011ferler\u2019 ad\u0131na mahkum etmektedir. Bu katliam \u015febekesinin hukuk \u00f6n\u00fcnde hesap verece\u011fi g\u00fcnlerin gelmesi, t\u00fcm insani de\u011ferler ad\u0131na elzemdir.\u201d diyen \u00c7elik \u015f\u00f6yle devam etti:<\/p>\n<p>&nbsp;<\/p>\n<p>\u201cNetanyahu \u015febekesinin Gazze\u2019deki soyk\u0131r\u0131m\u0131, Bat\u0131 \u015eeria\u2019y\u0131 Gazzele\u015ftirme eylemleri, \u0130ran halk\u0131na sald\u0131r\u0131s\u0131, L\u00fcbnan\u2019\u0131n belli b\u00f6l\u00fcmlerini i\u015fgal etmesi ve Suriye\u2019ye y\u00f6nelik tacizleri ayn\u0131 fanatizm ajandas\u0131n\u0131n par\u00e7alar\u0131d\u0131r. Netanyahu \u015febekesinin son olarak Suriye\u2019yi tekrar hedef almas\u0131, b\u00f6lge haklar\u0131n\u0131n huzur ve bar\u0131\u015f\u0131n\u0131n en b\u00fcy\u00fck d\u00fc\u015fman\u0131n\u0131n \u0130srail politikalar\u0131 oldu\u011funu bir kere daha g\u00f6sterdi.\u201d<\/p>\n<p>&nbsp;<\/p>\n<p>Suriye&#8217;de \u015eara h\u00fck\u00fcmetinin \u00fclkenin i\u00e7 b\u00fct\u00fcnl\u00fc\u011f\u00fcn\u00fc sa\u011flama ad\u0131na ne zaman ad\u0131mlar atsa, \u0130srail&#8217;in hemen Suriye halk\u0131n\u0131n i\u00e7 bar\u0131\u015f\u0131na sald\u0131rd\u0131\u011f\u0131n\u0131 belirten \u00d6mer \u00c7elik \u201cBuna kar\u015f\u0131 t\u00fcm uluslararas\u0131 toplum beraber tepki vermelidir. Netanyahu \u015febekesine kar\u015f\u0131 durmak, t\u00fcm insanl\u0131\u011f\u0131n haysiyetini savunmakt\u0131r.\u201d diye konu\u015ftu.<\/p>\n","protected":false},"excerpt":{"rendered":"<p>AK Parti S\u00f6zc\u00fcs\u00fc \u00d6mer \u00c7elik, &#8220;Netanyahu&#8217;nun &#8216;soyk\u0131r\u0131m \u015febekesi&#8217; t\u00fcm b\u00f6lge i\u00e7in daha fazla kaos ve&#8230;<\/p>\n","protected":false},"author":1,"featured_media":1252,"comment_status":"open","ping_status":"open","sticky":false,"template":"","format":"standard","meta":{"footnotes":""},"categories":[14],"tags":[],"class_list":["post-1302","post","type-post","status-publish","format-standard","has-post-thumbnail","hentry","category-son-dakika"],"_links":{"self":[{"href":"https:\/\/gundem44.com.tr\/index.php?rest_route=\/wp\/v2\/posts\/1302","targetHints":{"allow":["GET"]}}],"collection":[{"href":"https:\/\/gundem44.com.tr\/index.php?rest_route=\/wp\/v2\/posts"}],"about":[{"href":"https:\/\/gundem44.com.tr\/index.php?rest_route=\/wp\/v2\/types\/post"}],"author":[{"embeddable":true,"href":"https:\/\/gundem44.com.tr\/index.php?rest_route=\/wp\/v2\/users\/1"}],"replies":[{"embeddable":true,"href":"https:\/\/gundem44.com.tr\/index.php?rest_route=%2Fwp%2Fv2%2Fcomments&post=1302"}],"version-history":[{"count":0,"href":"https:\/\/gundem44.com.tr\/index.php?rest_route=\/wp\/v2\/posts\/1302\/revisions"}],"wp:featuredmedia":[{"embeddable":true,"href":"https:\/\/gundem44.com.tr\/index.php?rest_route=\/wp\/v2\/media\/1252"}],"wp:attachment":[{"href":"https:\/\/gundem44.com.tr\/index.php?rest_route=%2Fwp%2Fv2%2Fmedia&parent=1302"}],"wp:term":[{"taxonomy":"category","embeddable":true,"href":"https:\/\/gundem44.com.tr\/index.php?rest_route=%2Fwp%2Fv2%2Fcategories&post=1302"},{"taxonomy":"post_tag","embeddable":true,"href":"https:\/\/gundem44.com.tr\/index.php?rest_route=%2Fwp%2Fv2%2Ftags&post=1302"}],"curies":[{"name":"wp","href":"https:\/\/api.w.org\/{rel}","templated":true}]}}