{"id":1297,"date":"2026-08-18T00:03:05","date_gmt":"2026-08-18T00:03:05","guid":{"rendered":"https:\/\/gundem44.com.tr\/?p=1297"},"modified":"2026-08-18T00:03:05","modified_gmt":"2026-08-18T00:03:05","slug":"kritik-atama-kararlari-resmi-gazetede-devlet-kadrolarinda-kapsamli-degisim-osym-baskanligina-bayram-ali-ersoy-atandi","status":"publish","type":"post","link":"https:\/\/gundem44.com.tr\/?p=1297","title":{"rendered":"Kritik atama kararlar\u0131 Resmi Gazete\u2019de! Devlet kadrolar\u0131nda kapsaml\u0131 de\u011fi\u015fim: \u00d6SYM Ba\u015fkanl\u0131\u011f\u0131\u2019na Bayram Ali Ersoy atand\u0131"},"content":{"rendered":"<p><img decoding=\"async\" src=\"https:\/\/iaahbr.tmgrup.com.tr\/f95571\/1200\/1200\/0\/0\/485\/486?u=https:\/\/iahbr.tmgrup.com.tr\/2026\/08\/18\/1787003239894.jpeg\" alt=\"Kritik atama kararlar\u0131 Resmi Gazete\u2019de! Devlet kadrolar\u0131nda kapsaml\u0131 de\u011fi\u015fim: \u00d6SYM Ba\u015fkanl\u0131\u011f\u0131\u2019na Bayram Ali Ersoy atand\u0131\"><br \/>Ba\u015fkan Recep Tayyip Erdo\u011fan\u2019\u0131n imzas\u0131yla Resmi Gazete\u2019de yay\u0131mlanan dev atama kararlar\u0131yla b\u00fcrokrasiden diplomasiye, akademiden kritik devlet kurumlar\u0131na kadar bir\u00e7ok noktada g\u00f6rev de\u011fi\u015fimi ya\u015fand\u0131&#8230;.<a href=\"https:\/\/www.ahaber.com.tr\/gundem\/2026\/08\/18\/kritik-atama-kararlari-resmi-gazetede-devlet-kadrolarinda-kapsamli-degisim-osym-baskanligina-bayram-ali-ersoy-atandi\">Devam\u0131 i\u00e7in t\u0131klay\u0131n\u0131z<\/a><\/p>\n","protected":false},"excerpt":{"rendered":"<p>Ba\u015fkan Recep Tayyip Erdo\u011fan\u2019\u0131n imzas\u0131yla Resmi Gazete\u2019de yay\u0131mlanan dev atama kararlar\u0131yla b\u00fcrokrasiden diplomasiye, akademiden kritik&#8230;<\/p>\n","protected":false},"author":1,"featured_media":1252,"comment_status":"open","ping_status":"open","sticky":false,"template":"","format":"standard","meta":{"footnotes":""},"categories":[14],"tags":[],"class_list":["post-1297","post","type-post","status-publish","format-standard","has-post-thumbnail","hentry","category-son-dakika"],"_links":{"self":[{"href":"https:\/\/gundem44.com.tr\/index.php?rest_route=\/wp\/v2\/posts\/1297","targetHints":{"allow":["GET"]}}],"collection":[{"href":"https:\/\/gundem44.com.tr\/index.php?rest_route=\/wp\/v2\/posts"}],"about":[{"href":"https:\/\/gundem44.com.tr\/index.php?rest_route=\/wp\/v2\/types\/post"}],"author":[{"embeddable":true,"href":"https:\/\/gundem44.com.tr\/index.php?rest_route=\/wp\/v2\/users\/1"}],"replies":[{"embeddable":true,"href":"https:\/\/gundem44.com.tr\/index.php?rest_route=%2Fwp%2Fv2%2Fcomments&post=1297"}],"version-history":[{"count":0,"href":"https:\/\/gundem44.com.tr\/index.php?rest_route=\/wp\/v2\/posts\/1297\/revisions"}],"wp:featuredmedia":[{"embeddable":true,"href":"https:\/\/gundem44.com.tr\/index.php?rest_route=\/wp\/v2\/media\/1252"}],"wp:attachment":[{"href":"https:\/\/gundem44.com.tr\/index.php?rest_route=%2Fwp%2Fv2%2Fmedia&parent=1297"}],"wp:term":[{"taxonomy":"category","embeddable":true,"href":"https:\/\/gundem44.com.tr\/index.php?rest_route=%2Fwp%2Fv2%2Fcategories&post=1297"},{"taxonomy":"post_tag","embeddable":true,"href":"https:\/\/gundem44.com.tr\/index.php?rest_route=%2Fwp%2Fv2%2Ftags&post=1297"}],"curies":[{"name":"wp","href":"https:\/\/api.w.org\/{rel}","templated":true}]}}