{"id":1295,"date":"2026-08-18T00:03:05","date_gmt":"2026-08-18T00:03:05","guid":{"rendered":"https:\/\/gundem44.com.tr\/?p=1295"},"modified":"2026-08-18T00:03:05","modified_gmt":"2026-08-18T00:03:05","slug":"10-universiteye-yeni-rektor-atandi","status":"publish","type":"post","link":"https:\/\/gundem44.com.tr\/?p=1295","title":{"rendered":"10 \u00fcniversiteye yeni rekt\u00f6r atand\u0131"},"content":{"rendered":"<p><img decoding=\"async\" src=\"https:\/\/images.ntv.com.tr\/images\/images_20260817231022-299469.jpg?width=930&amp;format=webp\" class=\"type:primaryImage\" alt=\"10 \u00fcniversiteye yeni rekt\u00f6r atand\u0131\" \/><\/p>\n<p>Baz\u0131 bakanl\u0131klar ve kamu kurumlar\u0131na ili\u015fkin atama ve g\u00f6revden alma kararlar\u0131 Resmi Gazete&#8217;de yay\u0131mland\u0131.<\/p>\n<p>Baz\u0131 bakanl\u0131klar ve kamu kurumlar\u0131na ili\u015fkin atama ve g\u00f6revden alma kararlar\u0131 Resmi Gazete&#8217;de yay\u0131mland\u0131.<\/p>\n<p>&nbsp;<\/p>\n<p>Cumhurba\u015fkan\u0131 Recep Tayyip Erdo\u011fan&#8217;\u0131n imzas\u0131yla yay\u0131mlanan atama kararlar\u0131na g\u00f6re, \u00d6l\u00e7me, Se\u00e7me ve Yerle\u015ftirme Merkezi (\u00d6SYM) Ba\u015fkanl\u0131\u011f\u0131na Prof. Dr. Bayram Ali Ersoy atand\u0131.<\/p>\n<p>&nbsp;<\/p>\n<p>Sosyal G\u00fcvenlik Kurumu Ba\u015fkanl\u0131\u011f\u0131 Ba\u015fkan Yard\u0131mc\u0131l\u0131\u011f\u0131na Bilgi Teknolojileri Genel M\u00fcd\u00fcr\u00fc Engin Akyol atand\u0131. Toplu Konut \u0130daresi Ba\u015fkanl\u0131\u011f\u0131 Ba\u015fkan Yard\u0131mc\u0131s\u0131 Dursun Ba\u015ft\u00fcrk g\u00f6revden al\u0131n\u0131rken, Ba\u015fkan Yard\u0131mc\u0131l\u0131klar\u0131na Ahmet Kutlu\u011f Gayretli ve Abdulvahap Af\u015fin getirildi.<\/p>\n<p>&nbsp;<\/p>\n<p>Aile ve Sosyal Hizmetler Bakanl\u0131\u011f\u0131 Engelli ve Ya\u015fl\u0131 Hizmetleri Genel M\u00fcd\u00fcr Yard\u0131mc\u0131s\u0131 Muhammed G\u00fclyurt g\u00f6revden al\u0131n\u0131rken, yerine Fatma Yi\u011fiter Kara atand\u0131. Aile ve Sosyal Hizmetler Bakanl\u0131\u011f\u0131 Rize \u0130l M\u00fcd\u00fcr\u00fc H\u00fcseyin G\u00fc\u00e7l\u00fc de g\u00f6revden al\u0131nd\u0131.<\/p>\n<p>&nbsp;<\/p>\n<p><strong>10 \u00dcN\u0130VERS\u0130TEYE YEN\u0130 REKT\u00d6R<\/strong><\/p>\n<p>&nbsp;<\/p>\n<p>Karar kapsam\u0131nda, D\u00fczce \u00dcniversitesi Rekt\u00f6rl\u00fc\u011f\u00fcne Prof. Dr. Nedim S\u00f6zbir, Erzincan Binali Y\u0131ld\u0131r\u0131m \u00dcniversitesi Rekt\u00f6rl\u00fc\u011f\u00fcne Prof. Dr. Ufuk Kuyrukluy\u0131ld\u0131z, Eski\u015fehir Osmangazi \u00dcniversitesi Rekt\u00f6rl\u00fc\u011f\u00fcne Prof. Dr. Emine G\u00fcm\u00fc\u015fsoy, Gebze Teknik \u00dcniversitesi Rekt\u00f6rl\u00fc\u011f\u00fcne Prof. Dr. Hac\u0131 Ali Mantar atand\u0131. Hoca Ahmet Yesevi Uluslararas\u0131 T\u00fcrk-Kazak \u00dcniversitesi M\u00fctevelli Heyet Ba\u015fkanl\u0131\u011f\u0131na Prof. Dr. H\u00fcseyin Karaman getirildi. \u0130hsan Do\u011framac\u0131 Bilkent \u00dcniversitesi Rekt\u00f6rl\u00fc\u011f\u00fcne Prof. Dr. Behzat Orhan Ayt\u00fcr, \u0130stanbul \u00dcniversitesi-Cerrahpa\u015fa Rekt\u00f6rl\u00fc\u011f\u00fcne Prof. Dr. H\u00fcseyin Botanl\u0131o\u011flu, \u0130zmir Katip \u00c7elebi \u00dcniversitesi Rekt\u00f6rl\u00fc\u011f\u00fcne Prof. Dr. Mustafa Balc\u0131, Recep Tayyip Erdo\u011fan \u00dcniversitesi Rekt\u00f6rl\u00fc\u011f\u00fcne Prof. Dr. Yusuf Y\u0131lmaz, Sakarya \u00dcniversitesi Rekt\u00f6rl\u00fc\u011f\u00fcne Prof. Dr. Hamza Al ve Zonguldak B\u00fclent Ecevit \u00dcniversitesi Rekt\u00f6rl\u00fc\u011f\u00fcne Prof. Dr. Ahmet Ulusoy atand\u0131.<\/p>\n","protected":false},"excerpt":{"rendered":"<p>Baz\u0131 bakanl\u0131klar ve kamu kurumlar\u0131na ili\u015fkin atama ve g\u00f6revden alma kararlar\u0131 Resmi Gazete&#8217;de yay\u0131mland\u0131. Baz\u0131&#8230;<\/p>\n","protected":false},"author":1,"featured_media":1252,"comment_status":"open","ping_status":"open","sticky":false,"template":"","format":"standard","meta":{"footnotes":""},"categories":[14],"tags":[],"class_list":["post-1295","post","type-post","status-publish","format-standard","has-post-thumbnail","hentry","category-son-dakika"],"_links":{"self":[{"href":"https:\/\/gundem44.com.tr\/index.php?rest_route=\/wp\/v2\/posts\/1295","targetHints":{"allow":["GET"]}}],"collection":[{"href":"https:\/\/gundem44.com.tr\/index.php?rest_route=\/wp\/v2\/posts"}],"about":[{"href":"https:\/\/gundem44.com.tr\/index.php?rest_route=\/wp\/v2\/types\/post"}],"author":[{"embeddable":true,"href":"https:\/\/gundem44.com.tr\/index.php?rest_route=\/wp\/v2\/users\/1"}],"replies":[{"embeddable":true,"href":"https:\/\/gundem44.com.tr\/index.php?rest_route=%2Fwp%2Fv2%2Fcomments&post=1295"}],"version-history":[{"count":0,"href":"https:\/\/gundem44.com.tr\/index.php?rest_route=\/wp\/v2\/posts\/1295\/revisions"}],"wp:featuredmedia":[{"embeddable":true,"href":"https:\/\/gundem44.com.tr\/index.php?rest_route=\/wp\/v2\/media\/1252"}],"wp:attachment":[{"href":"https:\/\/gundem44.com.tr\/index.php?rest_route=%2Fwp%2Fv2%2Fmedia&parent=1295"}],"wp:term":[{"taxonomy":"category","embeddable":true,"href":"https:\/\/gundem44.com.tr\/index.php?rest_route=%2Fwp%2Fv2%2Fcategories&post=1295"},{"taxonomy":"post_tag","embeddable":true,"href":"https:\/\/gundem44.com.tr\/index.php?rest_route=%2Fwp%2Fv2%2Ftags&post=1295"}],"curies":[{"name":"wp","href":"https:\/\/api.w.org\/{rel}","templated":true}]}}