{"id":1286,"date":"2026-08-17T11:12:51","date_gmt":"2026-08-17T11:12:51","guid":{"rendered":"https:\/\/gundem44.com.tr\/?p=1286"},"modified":"2026-08-17T11:12:51","modified_gmt":"2026-08-17T11:12:51","slug":"cumhurbaskani-erdogandan-17-agustos-paylasimi","status":"publish","type":"post","link":"https:\/\/gundem44.com.tr\/?p=1286","title":{"rendered":"Cumhurba\u015fkan\u0131 Erdo\u011fan&#8217;dan 17 A\u011fustos payla\u015f\u0131m\u0131"},"content":{"rendered":"<p><img decoding=\"async\" src=\"https:\/\/images.ntv.com.tr\/images\/erdogan1-872867(4).jpg?width=930&amp;format=webp\" class=\"type:primaryImage\" alt=\"Cumhurba\u015fkan\u0131 Erdo\u011fan&apos;dan 17 A\u011fustos payla\u015f\u0131m\u0131\" \/><\/p>\n<p>Cumhurba\u015fkan\u0131 Recep Tayyip Erdo\u011fan, 17 A\u011fustos 1999&#8217;da meydana gelen Marmara Depremi&#8217;ne ili\u015fkin mesaj payla\u015ft\u0131.<\/p>\n<p>Cumhurba\u015fkan\u0131 Recep Tayyip Erdo\u011fan, 17 A\u011fustos 1999 Marmara Depremi&#8217;nin 27&#8217;nci y\u0131l d\u00f6n\u00fcm\u00fcnde felakette ya\u015fam\u0131n\u0131 yitirenleri and\u0131.<\/p>\n<p>&nbsp;<\/p>\n<p>Erdo\u011fan; NSosyal hesab\u0131ndan yapt\u0131\u011f\u0131 payla\u015f\u0131mda &#8220;17 A\u011fustos 1999 Marmara Depremi&#8217;nin 27&#8217;nci y\u0131l d\u00f6n\u00fcm\u00fcnde, hayat\u0131n\u0131 kaybedenlere Allah&#8217;tan rahmet niyaz ediyor, ac\u0131s\u0131 ilk g\u00fcnk\u00fc gibi y\u00fcre\u011fimizde olan t\u00fcm kay\u0131plar\u0131m\u0131z\u0131n ailelerine ve yak\u0131nlar\u0131na ba\u015fsa\u011fl\u0131\u011f\u0131 dileklerimi iletiyorum.&#8221; dedi.<\/p>\n<p>&nbsp;<\/p>\n<p><strong>17 A\u011eUSTOS DEPREM\u0130N\u0130N 27. YILI<\/strong><\/p>\n<p>&nbsp;<\/p>\n<p>Merkez \u00fcss\u00fc Kocaeli&#8217;nin G\u00f6lc\u00fck il\u00e7esi olan 17 A\u011fustos 1999 Marmara Depremi&#8217;nin \u00fczerinden 27 y\u0131l ge\u00e7ti.<\/p>\n<p>&nbsp;<\/p>\n<p>T\u00fcrkiye tarihine bir &#8220;felaket&#8221; olarak ge\u00e7en 7,4 b\u00fcy\u00fckl\u00fc\u011f\u00fcndeki deprem, saat 03.02&#8217;de meydana geldi ve 45 saniye s\u00fcrd\u00fc. Sars\u0131nt\u0131 Kocaeli, Yalova, Sakarya, \u0130stanbul ve D\u00fczce&#8217;de y\u0131k\u0131ma neden oldu.<\/p>\n<p>&nbsp;<\/p>\n<p>17 bin 480 ki\u015fi hayat\u0131n\u0131 kaybetti, 43 bin 953 ki\u015fi yaraland\u0131.<\/p>\n<p>&nbsp;<\/p>\n<p>Yakla\u015f\u0131k 200 bin ki\u015finin evsiz kald\u0131\u011f\u0131, 66 bin 441 konut ve 10 bin 901 i\u015f yerinin y\u0131k\u0131ld\u0131\u011f\u0131 depremden 16 milyona yak\u0131n ki\u015fi farkl\u0131 d\u00fczeylerde etkilendi, 285 bin 211 konut ve 42 bin 902 i\u015f yerinde hasar tespit edildi.<\/p>\n<p>&nbsp;<\/p>\n<p>\u0130stanbul&#8217;da 454 ki\u015fi ya\u015fam\u0131n\u0131 yitirdi. Yalova, D\u00fczce ve G\u00f6lc\u00fck&#8217;ten kentteki hastanelere getirilen yaral\u0131lardan hayat\u0131n\u0131 kaybedenlerle bu say\u0131 981&#8217;e \u00e7\u0131kt\u0131.<\/p>\n","protected":false},"excerpt":{"rendered":"<p>Cumhurba\u015fkan\u0131 Recep Tayyip Erdo\u011fan, 17 A\u011fustos 1999&#8217;da meydana gelen Marmara Depremi&#8217;ne ili\u015fkin mesaj payla\u015ft\u0131. Cumhurba\u015fkan\u0131&#8230;<\/p>\n","protected":false},"author":1,"featured_media":1252,"comment_status":"open","ping_status":"open","sticky":false,"template":"","format":"standard","meta":{"footnotes":""},"categories":[14],"tags":[],"class_list":["post-1286","post","type-post","status-publish","format-standard","has-post-thumbnail","hentry","category-son-dakika"],"_links":{"self":[{"href":"https:\/\/gundem44.com.tr\/index.php?rest_route=\/wp\/v2\/posts\/1286","targetHints":{"allow":["GET"]}}],"collection":[{"href":"https:\/\/gundem44.com.tr\/index.php?rest_route=\/wp\/v2\/posts"}],"about":[{"href":"https:\/\/gundem44.com.tr\/index.php?rest_route=\/wp\/v2\/types\/post"}],"author":[{"embeddable":true,"href":"https:\/\/gundem44.com.tr\/index.php?rest_route=\/wp\/v2\/users\/1"}],"replies":[{"embeddable":true,"href":"https:\/\/gundem44.com.tr\/index.php?rest_route=%2Fwp%2Fv2%2Fcomments&post=1286"}],"version-history":[{"count":0,"href":"https:\/\/gundem44.com.tr\/index.php?rest_route=\/wp\/v2\/posts\/1286\/revisions"}],"wp:featuredmedia":[{"embeddable":true,"href":"https:\/\/gundem44.com.tr\/index.php?rest_route=\/wp\/v2\/media\/1252"}],"wp:attachment":[{"href":"https:\/\/gundem44.com.tr\/index.php?rest_route=%2Fwp%2Fv2%2Fmedia&parent=1286"}],"wp:term":[{"taxonomy":"category","embeddable":true,"href":"https:\/\/gundem44.com.tr\/index.php?rest_route=%2Fwp%2Fv2%2Fcategories&post=1286"},{"taxonomy":"post_tag","embeddable":true,"href":"https:\/\/gundem44.com.tr\/index.php?rest_route=%2Fwp%2Fv2%2Ftags&post=1286"}],"curies":[{"name":"wp","href":"https:\/\/api.w.org\/{rel}","templated":true}]}}