{"id":1285,"date":"2026-08-17T11:12:51","date_gmt":"2026-08-17T11:12:51","guid":{"rendered":"https:\/\/gundem44.com.tr\/?p=1285"},"modified":"2026-08-17T11:12:51","modified_gmt":"2026-08-17T11:12:51","slug":"afrika-ve-basra-sicaklari-geliyor-akom-tarih-vererek-uyardi-36-dereceye-cikacak","status":"publish","type":"post","link":"https:\/\/gundem44.com.tr\/?p=1285","title":{"rendered":"Afrika ve Basra s\u0131caklar\u0131 geliyor. AKOM tarih vererek uyard\u0131, 36 dereceye \u00e7\u0131kacak"},"content":{"rendered":"<p><img decoding=\"async\" src=\"https:\/\/images.ntv.com.tr\/images\/852-717823.jpg?width=930&amp;format=webp\" class=\"type:primaryImage\" alt=\"Afrika ve Basra s\u0131caklar\u0131 geliyor. AKOM tarih vererek uyard\u0131, 36 dereceye \u00e7\u0131kacak\" \/><\/p>\n<p>\u0130stanbul\u2019da s\u0131cak hava etkisini art\u0131racak. AKOM\u2019un tahminlerine g\u00f6re Afrika ve Basra kaynakl\u0131 s\u0131cak hava dalgalar\u0131yla kentte s\u0131cakl\u0131klar 34-36 dereceye kadar y\u00fckselecek.<\/p>\n<p>\u0130stanbul B\u00fcy\u00fck\u015fehir Belediyesi (\u0130BB) Afet Koordinasyon Merkezi (AKOM), \u0130stanbul&#8217;un haftal\u0131k hava durumu tahminini yay\u0131mlad\u0131. Yeni rapora g\u00f6re kentte \u00f6n\u00fcm\u00fczdeki g\u00fcnlerde ya\u011f\u0131\u015ftan \u00e7ok s\u0131cak ve g\u00fcne\u015fli hava etkisini g\u00f6sterecek.<\/p>\n<p>&nbsp;<\/p>\n<p>Meteorolojik de\u011ferlendirmede yaln\u0131zca \u0130stanbul de\u011fil, T\u00fcrkiye&#8217;nin tamam\u0131na yak\u0131n b\u00f6l\u00fcm\u00fcn\u00fc ilgilendiren bir hava hareketine dikkat \u00e7ekildi. Afrika ve Basra k\u00f6kenli s\u0131cak hava dalgalar\u0131n\u0131n ayn\u0131 d\u00f6nemde etkili olmas\u0131yla termometrelerin yeniden y\u00fckselmesi bekleniyor.<\/p>\n<p><span>\u0130STANBUL&#8217;A AFR\u0130KA VE BASRA SICAKLARI GEL\u0130YOR<\/p>\n<p><\/span><\/p>\n<p>\u0130stanbul ba\u015fta olmak \u00fczere yurdun tamam\u0131na yak\u0131n b\u00f6l\u00fcm\u00fc hem Afrika hem Basra k\u00f6kenli s\u0131cak hava dalgalar\u0131n\u0131n etkisi alt\u0131na giriyor. \u00d6n\u00fcm\u00fczdeki 7-10 g\u00fcnl\u00fck d\u00f6nemde havada \u00e7o\u011funlukla g\u00fcne\u015fli bir g\u00f6ky\u00fcz\u00fc hakim olacak.<\/p>\n<p>&nbsp;<\/p>\n<p>AKOM&#8217;dan yap\u0131lan a\u00e7\u0131klamalara g\u00f6re; s\u0131cakl\u0131klar bug\u00fcnden itibaren artarak Per\u015fembe g\u00fcn\u00fcn kadar 34-36 derecelere \u00e7\u0131kacak.<\/p>\n<p>&nbsp;<\/p>\n<p><strong>AKOM \u0130stanbul&#8217;un 6 g\u00fcnl\u00fck hava durumunu a\u00e7\u0131klad\u0131<\/strong><\/p>\n<p>&nbsp;<\/p>\n<p>18 A\u011fustos Sal\u0131: A\u00e7\u0131k<\/p>\n<p>&nbsp;<\/p>\n<p>19 A\u011fustos \u00c7ar\u015famba: A\u00e7\u0131k<\/p>\n<p>&nbsp;<\/p>\n<p>20 A\u011fustos Per\u015fembe: A\u00e7\u0131k<\/p>\n<p>&nbsp;<\/p>\n<p>21 A\u011fustos Cuma: Par\u00e7al\u0131 ve az bulutlu<\/p>\n<p>&nbsp;<\/p>\n<p>22 A\u011fustos Cumartesi: Az bulutlu ve a\u00e7\u0131k<\/p>\n<p>&nbsp;<\/p>\n<p>23 A\u011fustos Pazar: Az bulutlu ve a\u00e7\u0131k<\/p>\n<p>&nbsp;<\/p>\n<p><span>BUG\u00dcN HAVA NASIL OLACAK?<\/p>\n<p><\/span><\/p>\n<p>Meteoroloji Genel M\u00fcd\u00fcrl\u00fc\u011f\u00fcnden al\u0131nan tahminlere g\u00f6re, yurdun genelinin par\u00e7al\u0131, yer yer \u00e7ok bulutlu, G\u00f6ller Y\u00f6resi, Do\u011fu Akdeniz (Mersin hari\u00e7), Bat\u0131 ve Orta Karadeniz&#8217;in i\u00e7 kesimleri, Do\u011fu Karadeniz, \u0130\u00e7 Anadolu&#8217;nun kuzeydo\u011fusu, Do\u011fu Anadolu&#8217;nun kuzey ve bat\u0131s\u0131, Afyonkarahisar, \u00c7ank\u0131r\u0131, Konya, Karaman ve Ordu \u00e7evreleri, Mu\u011fla ve Antalya&#8217;n\u0131n i\u00e7 ve do\u011fu kesimleri ile Ankara&#8217;n\u0131n kuzey ve do\u011fu \u00e7evrelerinin yerel sa\u011fanak ve g\u00f6k g\u00fcr\u00fclt\u00fcl\u00fc sa\u011fanak ya\u011f\u0131\u015fl\u0131 ge\u00e7ece\u011fi tahmin ediliyor.<\/p>\n<p>&nbsp;<\/p>\n<p>Ya\u011f\u0131\u015flar\u0131n Do\u011fu Karadeniz&#8217;de yer yer kuvvetli olmas\u0131 bekleniyor.<\/p>\n<p>&nbsp;<\/p>\n<p>Hava s\u0131cakl\u0131\u011f\u0131n\u0131n genellikle mevsim normalleri civar\u0131nda seyredece\u011fi tahmin ediliyor.<\/p>\n<p>&nbsp;<\/p>\n<p>R\u00fczgar\u0131n ise genellikle kuzeyli, Akdeniz k\u0131y\u0131lar\u0131 ile g\u00fcneydo\u011fu kesimlerde g\u00fcneyli y\u00f6nlerden hafif, ara s\u0131ra orta kuvvette, Do\u011fu Anadolu\u2019nun g\u00fcneydo\u011fusunda g\u00fcneybat\u0131 y\u00f6nlerden yer yer kuvvetli olarak (40-60 km\/saat) esmesi bekleniyor.<\/p>\n<p><strong>Baz\u0131 illerde beklenen hava durumuyla g\u00fcn\u00fcn en y\u00fcksek s\u0131cakl\u0131klar\u0131 ise \u015f\u00f6yle:<\/strong><\/p>\n<p>&nbsp;<\/p>\n<p><strong>Ankara: <\/strong>Az bulutlu, zamanla par\u00e7al\u0131, yer yer \u00e7ok bulutlu, \u00f6\u011fle saatlerinden sonra kuzey ve do\u011fu \u00e7evreleri yerel sa\u011fanak ve g\u00f6k g\u00fcr\u00fclt\u00fcl\u00fc sa\u011fanak ya\u011f\u0131\u015fl\u0131 29<\/p>\n<p>&nbsp;<\/p>\n<p><strong>\u0130stanbul: <\/strong>Par\u00e7al\u0131 ve az bulutlu 29<\/p>\n<p>&nbsp;<\/p>\n<p><strong>\u0130zmir: <\/strong>Az bulutlu 33<\/p>\n<p>&nbsp;<\/p>\n<p><strong>Adana:<\/strong> Par\u00e7al\u0131, yer yer \u00e7ok bulutlu, yerel sa\u011fanak ve g\u00f6k g\u00fcr\u00fclt\u00fcl\u00fc sa\u011fanak ya\u011f\u0131\u015fl\u0131 33<\/p>\n<p>&nbsp;<\/p>\n<p><strong>Antalya: <\/strong>Par\u00e7al\u0131, yer yer \u00e7ok bulutlu, i\u00e7 ve do\u011fu kesimleri yerel sa\u011fanak ve g\u00f6k g\u00fcr\u00fclt\u00fcl\u00fc sa\u011fanak ya\u011f\u0131\u015fl\u0131 33<\/p>\n<p>&nbsp;<\/p>\n<p><strong>Samsun: <\/strong>Par\u00e7al\u0131, yer yer \u00e7ok bulutlu 29<\/p>\n<p>&nbsp;<\/p>\n<p><strong>Trabzon:<\/strong> Par\u00e7al\u0131, yer yer \u00e7ok bulutlu, \u00f6\u011fle saatlerinden sonra sa\u011fanak ve g\u00f6k g\u00fcr\u00fclt\u00fcl\u00fc sa\u011fanak ya\u011f\u0131\u015fl\u0131 ge\u00e7ece\u011fi tahmin ediliyor. Ya\u011f\u0131\u015flar\u0131n yerel kuvvetli olmas\u0131 bekleniyor. 27<\/p>\n<p>&nbsp;<\/p>\n<p><strong>Erzurum: <\/strong>Par\u00e7al\u0131, yer yer \u00e7ok bulutlu 29<\/p>\n<p>&nbsp;<\/p>\n<p>Diyarbak\u0131r: Par\u00e7al\u0131, yer yer \u00e7ok bulutlu, \u00f6\u011fle saatlerinden sonra sa\u011fanak ve g\u00f6k g\u00fcr\u00fclt\u00fcl\u00fc sa\u011fanak ya\u011f\u0131\u015fl\u0131 ge\u00e7ece\u011fi tahmin ediliyor. Ya\u011f\u0131\u015flar\u0131n yerel kuvvetli olmas\u0131 bekleniyor. 27<\/p>\n","protected":false},"excerpt":{"rendered":"<p>\u0130stanbul\u2019da s\u0131cak hava etkisini art\u0131racak. AKOM\u2019un tahminlerine g\u00f6re Afrika ve Basra kaynakl\u0131 s\u0131cak hava dalgalar\u0131yla&#8230;<\/p>\n","protected":false},"author":1,"featured_media":1252,"comment_status":"open","ping_status":"open","sticky":false,"template":"","format":"standard","meta":{"footnotes":""},"categories":[14],"tags":[],"class_list":["post-1285","post","type-post","status-publish","format-standard","has-post-thumbnail","hentry","category-son-dakika"],"_links":{"self":[{"href":"https:\/\/gundem44.com.tr\/index.php?rest_route=\/wp\/v2\/posts\/1285","targetHints":{"allow":["GET"]}}],"collection":[{"href":"https:\/\/gundem44.com.tr\/index.php?rest_route=\/wp\/v2\/posts"}],"about":[{"href":"https:\/\/gundem44.com.tr\/index.php?rest_route=\/wp\/v2\/types\/post"}],"author":[{"embeddable":true,"href":"https:\/\/gundem44.com.tr\/index.php?rest_route=\/wp\/v2\/users\/1"}],"replies":[{"embeddable":true,"href":"https:\/\/gundem44.com.tr\/index.php?rest_route=%2Fwp%2Fv2%2Fcomments&post=1285"}],"version-history":[{"count":0,"href":"https:\/\/gundem44.com.tr\/index.php?rest_route=\/wp\/v2\/posts\/1285\/revisions"}],"wp:featuredmedia":[{"embeddable":true,"href":"https:\/\/gundem44.com.tr\/index.php?rest_route=\/wp\/v2\/media\/1252"}],"wp:attachment":[{"href":"https:\/\/gundem44.com.tr\/index.php?rest_route=%2Fwp%2Fv2%2Fmedia&parent=1285"}],"wp:term":[{"taxonomy":"category","embeddable":true,"href":"https:\/\/gundem44.com.tr\/index.php?rest_route=%2Fwp%2Fv2%2Fcategories&post=1285"},{"taxonomy":"post_tag","embeddable":true,"href":"https:\/\/gundem44.com.tr\/index.php?rest_route=%2Fwp%2Fv2%2Ftags&post=1285"}],"curies":[{"name":"wp","href":"https:\/\/api.w.org\/{rel}","templated":true}]}}