{"id":1278,"date":"2026-08-16T22:04:46","date_gmt":"2026-08-16T22:04:46","guid":{"rendered":"https:\/\/gundem44.com.tr\/?p=1278"},"modified":"2026-08-16T22:04:46","modified_gmt":"2026-08-16T22:04:46","slug":"turk-savas-ucaklari-romanyadaki-nato-entegre-hava-ve-fuze-savunmasi-faaliyetine-katildi","status":"publish","type":"post","link":"https:\/\/gundem44.com.tr\/?p=1278","title":{"rendered":"T\u00fcrk sava\u015f u\u00e7aklar\u0131, Romanya&#8217;daki NATO Entegre Hava ve F\u00fcze Savunmas\u0131 faaliyetine kat\u0131ld\u0131"},"content":{"rendered":"<p><img decoding=\"async\" src=\"https:\/\/images.ntv.com.tr\/images\/thumbs_b_c_235f838ff95c2722fa4226d343d469d6_20260816183026-258702.jpg?width=930&amp;format=webp\" class=\"type:primaryImage\" alt=\"T\u00fcrk sava\u015f u\u00e7aklar\u0131, Romanya&apos;daki NATO Entegre Hava ve F\u00fcze Savunmas\u0131 faaliyetine kat\u0131ld\u0131\" \/><\/p>\n<p>Milli Savunma Bakanl\u0131\u011f\u0131, T\u00fcrk Hava Kuvvetlerine ait u\u00e7aklar\u0131n Romanya hava sahas\u0131nda icra edilen NATO Entegre Hava ve F\u00fcze Savunmas\u0131 faaliyetine kat\u0131ld\u0131\u011f\u0131n\u0131 bildirdi.<\/p>\n<p>Milli Savunma Bakanl\u0131\u011f\u0131n\u0131n sosyal medya hesab\u0131ndan yap\u0131lan payla\u015f\u0131mda, Hava Kuvvetleri Komutanl\u0131\u011f\u0131n\u0131n, NATO&#8217;nun entegre hava ve f\u00fcze savunmas\u0131na katk\u0131 sa\u011flamaya devam etti\u011fi belirtildi. Payla\u015f\u0131mda, \u015funlar kaydedildi:<\/p>\n<p>&nbsp;<\/p>\n<p>&#8220;13 A\u011fustos 2026 tarihinde Romanya hava sahas\u0131nda icra edilen NATO Entegre Hava ve F\u00fcze Savunmas\u0131 (Integrated Air and Missile Defence \u2013 IAMD) faaliyetine, 6&#8217;nc\u0131 Ana Jet \u00dcs Komutanl\u0131\u011f\u0131m\u0131zdan (Band\u0131rma) 2 adet F-16, 3&#8217;\u00fcnc\u00fc Ana Jet \u00dcs Komutanl\u0131\u011f\u0131m\u0131zdan (Konya) 1 adet E-7T, 10&#8217;uncu Ana Jet \u00dcs Komutanl\u0131\u011f\u0131m\u0131zdan (Adana) 1 adet KC-135R u\u00e7a\u011f\u0131m\u0131z kat\u0131ld\u0131.<\/p>\n<p>&nbsp;<\/p>\n<p>NATO unsurlar\u0131yla m\u00fc\u015fterek ger\u00e7ekle\u015ftirilen faaliyet kapsam\u0131nda, ilk kez d\u00fc\u015f\u00fck s\u00fcratli \u00f6nleme e\u011fitimi ba\u015far\u0131yla icra edildi. G\u00fc\u00e7l\u00fc hava g\u00fcc\u00fcm\u00fczle g\u00f6ky\u00fcz\u00fcnde daima haz\u0131r, bar\u0131\u015f ve g\u00fcvenlik i\u00e7in her zaman g\u00f6revdeyiz.&#8221;<\/p>\n","protected":false},"excerpt":{"rendered":"<p>Milli Savunma Bakanl\u0131\u011f\u0131, T\u00fcrk Hava Kuvvetlerine ait u\u00e7aklar\u0131n Romanya hava sahas\u0131nda icra edilen NATO Entegre&#8230;<\/p>\n","protected":false},"author":1,"featured_media":1252,"comment_status":"open","ping_status":"open","sticky":false,"template":"","format":"standard","meta":{"footnotes":""},"categories":[14],"tags":[],"class_list":["post-1278","post","type-post","status-publish","format-standard","has-post-thumbnail","hentry","category-son-dakika"],"_links":{"self":[{"href":"https:\/\/gundem44.com.tr\/index.php?rest_route=\/wp\/v2\/posts\/1278","targetHints":{"allow":["GET"]}}],"collection":[{"href":"https:\/\/gundem44.com.tr\/index.php?rest_route=\/wp\/v2\/posts"}],"about":[{"href":"https:\/\/gundem44.com.tr\/index.php?rest_route=\/wp\/v2\/types\/post"}],"author":[{"embeddable":true,"href":"https:\/\/gundem44.com.tr\/index.php?rest_route=\/wp\/v2\/users\/1"}],"replies":[{"embeddable":true,"href":"https:\/\/gundem44.com.tr\/index.php?rest_route=%2Fwp%2Fv2%2Fcomments&post=1278"}],"version-history":[{"count":0,"href":"https:\/\/gundem44.com.tr\/index.php?rest_route=\/wp\/v2\/posts\/1278\/revisions"}],"wp:featuredmedia":[{"embeddable":true,"href":"https:\/\/gundem44.com.tr\/index.php?rest_route=\/wp\/v2\/media\/1252"}],"wp:attachment":[{"href":"https:\/\/gundem44.com.tr\/index.php?rest_route=%2Fwp%2Fv2%2Fmedia&parent=1278"}],"wp:term":[{"taxonomy":"category","embeddable":true,"href":"https:\/\/gundem44.com.tr\/index.php?rest_route=%2Fwp%2Fv2%2Fcategories&post=1278"},{"taxonomy":"post_tag","embeddable":true,"href":"https:\/\/gundem44.com.tr\/index.php?rest_route=%2Fwp%2Fv2%2Ftags&post=1278"}],"curies":[{"name":"wp","href":"https:\/\/api.w.org\/{rel}","templated":true}]}}