{"id":1277,"date":"2026-08-16T22:04:46","date_gmt":"2026-08-16T22:04:46","guid":{"rendered":"https:\/\/gundem44.com.tr\/?p=1277"},"modified":"2026-08-16T22:04:46","modified_gmt":"2026-08-16T22:04:46","slug":"alihan-kuris-sorusturmasinda-bugune-kadar-neler-oldu-neler-biliniyor","status":"publish","type":"post","link":"https:\/\/gundem44.com.tr\/?p=1277","title":{"rendered":"Alihan Kuri\u015f soru\u015fturmas\u0131nda bug\u00fcne kadar neler oldu, neler biliniyor?"},"content":{"rendered":"<p><img decoding=\"async\" src=\"https:\/\/images.ntv.com.tr\/images\/alihan-kuri\u015f-513083.jpg?width=930&amp;format=webp\" class=\"type:primaryImage\" alt=\"Alihan Kuri\u015f soru\u015fturmas\u0131nda bug\u00fcne kadar neler oldu, neler biliniyor?\" \/><\/p>\n<p>Alihan Kuri\u015f su\u00e7 \u00f6rg\u00fct\u00fcne y\u00f6nelik operasyonda 32 \u015f\u00fcpheli tutukland\u0131. Kuri\u015f operasyonu hakk\u0131nda bug\u00fcne kadar neler oldu ve neler biliniyor?<\/p>\n<p>Alihan Kuri\u015f \u00e7\u0131kar ama\u00e7l\u0131 su\u00e7 \u00f6rg\u00fct\u00fcne y\u00f6nelik soru\u015fturma s\u00fcr\u00fcyor.<\/p>\n<p>&nbsp;<\/p>\n<p>\u00d6rg\u00fcte y\u00f6nelik soru\u015fturma; yolsuzluk, kara para aklama, y\u00fcksek sermayeli \u015firketler \u00fczerinden ola\u011fan d\u0131\u015f\u0131 nakit hareketi olu\u015fturma su\u00e7lamalar\u0131yla y\u00fcr\u00fct\u00fcl\u00fcyor.<\/p>\n<p>&nbsp;<\/p>\n<p>Soru\u015fturmada g\u00f6zalt\u0131na al\u0131nan Alihan Kuri\u015f ve beraberindeki 31 \u015f\u00fcpheli hakk\u0131nda tutuklama karar\u0131 verildi.<\/p>\n<p>&nbsp;<\/p>\n<p>Peki Alihan Kuri\u015f su\u00e7 \u00f6rg\u00fct\u00fc soru\u015fturmas\u0131nda bug\u00fcne kadar neler oldu, hangi a\u00e7\u0131klamalar yap\u0131ld\u0131?<\/p>\n<p><span>AL\u0130HAN KUR\u0130\u015e SORU\u015eTURMASINDA SU\u00c7LAMALAR NELER?<\/span><\/p>\n<p>Alihan Kuri\u015f \u00e7\u0131kar ama\u00e7l\u0131 su\u00e7 \u00f6rg\u00fct\u00fc soru\u015fturmas\u0131 Ankara Cumhuriyet Ba\u015fsavc\u0131l\u0131\u011f\u0131 taraf\u0131ndan y\u00fcr\u00fct\u00fcl\u00fcyor.<\/p>\n<p>&nbsp;<\/p>\n<p>Alihan Kuri\u015f \u00e7\u0131kar ama\u00e7l\u0131 su\u00e7 \u00f6rg\u00fct\u00fc soru\u015fturmas\u0131 herhangi bir sosyal veya dini faaliyet alan\u0131na de\u011fil, iddiaya konu yap\u0131lanman\u0131n hiyerar\u015fik ve ekonomik \u00e7\u0131kar odakl\u0131 su\u00e7 yap\u0131lanmas\u0131 olarak faaliyet g\u00f6sterip g\u00f6stermedi\u011fine odaklan\u0131yor.<\/p>\n<p>&nbsp;<\/p>\n<p>Soru\u015fturmada ad\u0131 ge\u00e7en 49 \u015f\u00fcpheliye yolsuzluk, kara para aklama, y\u00fcksek sermayeli \u015firketler \u00fczerinden ola\u011fan d\u0131\u015f\u0131 nakit hareketi olu\u015fturma su\u00e7lamalar\u0131 y\u00f6neltiliyor.<\/p>\n<p>&nbsp;<\/p>\n<p>Bu kapsamda ilk operasyon 13 A\u011fustos sabah\u0131 yap\u0131ld\u0131. Ankara merkezli 17 \u015fehirde belirlenen adreslere e\u015f zamanl\u0131 polis bask\u0131nlar\u0131 ger\u00e7ekle\u015fti.<\/p>\n<p>&nbsp;<\/p>\n<p>Emniyet g\u00fc\u00e7leri aralar\u0131nda Kuri\u015f&#8217;in de bulundu\u011fu 38 \u015f\u00fcpheliyi g\u00f6zalt\u0131na <a href=\"https:\/\/www.ntv.com.tr\/turkiye\/kuris-orgutune-operasyon-alihan-kuris-dahil-32-supheli-tutuklandi-1737112\">ald\u0131<\/a>.<\/p>\n<p><span>MAHKEMEDEN KAYYUM KARARI<\/span><\/p>\n<p>Soru\u015fturmada Mali Su\u00e7lar\u0131 Ara\u015ft\u0131rma Kurulu (MASAK) incelemelerinin dikkate al\u0131nd\u0131\u011f\u0131 belirtilirken, \u00f6rg\u00fctle ba\u011flant\u0131l\u0131 oldu\u011fu ifade edilen 33 \u015firkete kayyum atanmas\u0131na karar verildi.<\/p>\n<p>&nbsp;<\/p>\n<p>Kayyum atanan \u015firketler aras\u0131nda yurt genelinde 40&#8217;tan fazla ma\u011fazas\u0131 ve 500&#8217;den fazla \u00e7al\u0131\u015fan\u0131 oldu\u011fu belirtilen Ayakkab\u0131 D\u00fcnyas\u0131 isimli \u015firket de yer <a href=\"https:\/\/www.ntv.com.tr\/ntvpara\/kuris-orgutu-sorusturmasi-22-milyar-lira-ciroluk-sirkete-kayyim-atandigi-belirtiliyor-1737306\">ald\u0131<\/a>.<\/p>\n<p><span>\u0130\u00c7\u0130\u015eLER\u0130 BAKANI \u00c7\u0130FT\u00c7\u0130: OPERASYON \u00d6RG\u00dcT\u00dcN SU\u00c7 KAYNAKLARINA Y\u00d6NEL\u0130K<\/span><\/p>\n<p>Operasyonun ger\u00e7ekleti\u011fi 13 A\u011fustos g\u00fcn\u00fc NTV canl\u0131 yay\u0131n\u0131na kat\u0131lan \u0130\u00e7i\u015fleri Bakan\u0131 Mustafa \u00c7ift\u00e7i, Kuri\u015f&#8217;in 2016 y\u0131l\u0131nda S\u00fcleymanc\u0131lar olarak bilinen ak\u0131m\u0131n ba\u015f\u0131na ge\u00e7ti\u011fine i\u015faret <a href=\"https:\/\/www.ntv.com.tr\/turkiye\/icisleri-bakani-ciftciden-alihan-kuris-suc-orgutu-operasyonuna-iliskin-aciklama-1737127\">etti<\/a>.<\/p>\n<p>&nbsp;<\/p>\n<p>&#8220;Kuri\u015f&#8217;in ak\u0131m\u0131n ba\u015f\u0131na ge\u00e7mesiyle birlikte faaliyetler daha gizlilik i\u00e7erisinde b\u00fcy\u00fcmeye ba\u015flad\u0131.&#8221; diyen Bakan \u00c7ift\u00e7i, \u00f6rg\u00fct\u00fcn Almanya&#8217;n\u0131n K\u00f6ln \u015fehrinde b\u00fcy\u00fck bir merkez in\u015fa ettirdi\u011fini aktard\u0131.<\/p>\n<p>&nbsp;<\/p>\n<p>Bakan \u00c7ift\u00e7i, bu merkez tamamland\u0131\u011f\u0131nda faaliyetlerin tamam\u0131n\u0131n oraya aktar\u0131laca\u011f\u0131n\u0131n tespit edili\u011fi bilgisini verdi.<\/p>\n<p>&nbsp;<\/p>\n<p>\u00c7ift\u00e7i, operasyonun \u00f6rg\u00fct\u00fcn su\u00e7 kaynaklar\u0131na y\u00f6nelik ger\u00e7ekle\u015fti\u011finin alt\u0131n\u0131 \u00e7izdi.<\/p>\n<p><span>ADALET BAKANI G\u00dcRLEK: MAL\u0130 YAPIYA Y\u00d6NEL\u0130K B\u0130R OPERASYON<\/span><\/p>\n<p>Adalet Bakan\u0131 Ak\u0131n G\u00fcrlek de soru\u015fturmaya ili\u015fkin ilk a\u00e7\u0131klamas\u0131n\u0131 operasyonun ger\u00e7ekle\u015fti\u011fi 13 A\u011fustos g\u00fcn\u00fc <a href=\"https:\/\/www.ntv.com.tr\/turkiye\/bakan-gurlek-dini-bir-goruse-karsi-operasyon-yok-mali-yapilanmaya-yonelik-bir-operasyon-1737203\">yapt\u0131<\/a>.<\/p>\n<p>&nbsp;<\/p>\n<p>Trabzon&#8217;da konu\u015fan Bakan G\u00fcrlek, &#8220;Burada kesinlikle dini bir g\u00f6r\u00fc\u015fe, dini bir cemaate ya da sivil toplum kurulu\u015flar\u0131na kar\u015f\u0131 bir operasyon yok. Bu, tamamen mali yap\u0131lanmaya y\u00f6nelik bir operasyon.&#8221; dedi.<\/p>\n<p>&nbsp;<\/p>\n<p>G\u00fcrlek, operasyonun uzun s\u00fcreden beri takip edilen ve \u00fczerinde \u00e7al\u0131\u015f\u0131lan bir dosya oldu\u011funu s\u00f6yledi.<\/p>\n<p><span>KUR\u0130\u015e G\u0130ZL\u0130 B\u00d6LMEDE YAKALANDI<\/span><\/p>\n<p>Kuri\u015f ve beraberindeki 38 \u015f\u00fcphelinin g\u00f6zalt\u0131na al\u0131nd\u0131\u011f\u0131 anlara ili\u015fkin ayr\u0131nt\u0131lar ortaya <a href=\"https:\/\/www.ntv.com.tr\/turkiye\/galeri-operasyonda-dikkat-ceken-ayrintilar-alihan-kuris-gizli-bolmede-yakalanmis-1737333\/1\">\u00e7\u0131kt\u0131<\/a>.<\/p>\n<p>&nbsp;<\/p>\n<p>Buna g\u00f6re Kuri\u015f, operasyon sabah\u0131 evinde bulunamad\u0131. Ekipler, Kuri\u015f&#8217;in telefonunu da evde b\u0131rakt\u0131\u011f\u0131n\u0131 tespit eti.<\/p>\n<p>&nbsp;<\/p>\n<p>Ba\u015fka bir adrese gitti\u011fi belirlenen Kuri\u015f arama yap\u0131lan ikinci bir evdeki gizli b\u00f6lmede yakaland\u0131.<\/p>\n<p><span>200 K\u0130LOGRAM K\u00dcL\u00c7E ALTIN BULUNDU<\/span><\/p>\n<p>Soru\u015fturma kapsam\u0131nda; tutuklu Alihan Kuri\u015f&#8217;in karde\u015fi firari Hilmi Tuna Kuri\u015f&#8217;e y\u00f6nelik yap\u0131lan arama \u00e7al\u0131\u015fmalar\u0131nda tek bir adreste kayna\u011f\u0131 belirsiz 1,34 milyar TL de\u011ferinde 200 kilo k\u00fcl\u00e7e alt\u0131n ele ge\u00e7irildi.<\/p>\n<p>&nbsp;<\/p>\n<p>Adli kaynaklardan edinilen bilgiye g\u00f6re, Ankara Cumhuriyet Ba\u015fsavc\u0131l\u0131\u011f\u0131 koordinesinde Ankara \u0130l Emniyet M\u00fcd\u00fcrl\u00fc\u011f\u00fcnce, Alihan Kuri\u015f \u00e7\u0131kar ama\u00e7l\u0131 su\u00e7 \u00f6rg\u00fct\u00fcne y\u00f6nelik soru\u015fturma kapsam\u0131nda bir adreste arama yap\u0131ld\u0131.<\/p>\n<p><span>MASAK RAPORU ORTAYA \u00c7IKTI: 66 M\u0130LYAR L\u0130RAYI A\u015eAN PARA TRAF\u0130\u011e\u0130<\/span><\/p>\n<p>Ankara Cumhuriyet Ba\u015fsavc\u0131l\u0131\u011f\u0131 taraf\u0131ndan y\u00fcr\u00fct\u00fclen soru\u015fturma kapsam\u0131nda haz\u0131rlanan MASAK raporu ortaya <a href=\"https:\/\/www.ntv.com.tr\/turkiye\/alihan-kuris-sorusturmasi-66-milyar-lirayi-asan-para-trafigi-tespit-edildi-1737510\">\u00e7\u0131kt\u0131<\/a>.<\/p>\n<p>&nbsp;<\/p>\n<p>168 sayfadan olu\u015fan raporda, \u00f6rg\u00fcte ba\u011fl\u0131 oldu\u011fu de\u011ferlendirilen \u015firketlerde 66 milyar liray\u0131 a\u015fan para trafi\u011fi tespitine yer verildi.<\/p>\n<p>&nbsp;<\/p>\n<p>Raporda tek bir \u015firketten 8 milyar liral\u0131k para \u00e7\u0131k\u0131\u015f\u0131 kayd\u0131 dikkat \u00e7ekti.<\/p>\n<p>&nbsp;<\/p>\n<p>Ayn\u0131 zamanda y\u00fcksek nakit giri\u015flerinin kayna\u011f\u0131n\u0131n a\u00e7\u0131kl\u0131\u011fa kavu\u015fturulmas\u0131 gerekti\u011fi ifade edildi.<\/p>\n<p>&nbsp;<\/p>\n<p>MASAK raporundaki bir di\u011fer ayr\u0131nt\u0131 ise \u015firketler aras\u0131 para trafi\u011findeki yo\u011fun ba\u011flant\u0131 tespitiydi.<\/p>\n<p>&nbsp;<\/p>\n<p>Raporda, &#8220;Kayna\u011f\u0131ndan \u015f\u00fcphe duyulan finansal i\u015flemlerin organize bir \u00e7al\u0131\u015fma sonucunda ger\u00e7ekle\u015ftirilmi\u015f olabilece\u011fi y\u00f6n\u00fcnde \u015f\u00fcphe olu\u015ftu\u011fu.&#8221; de\u011ferlendirmesine yer verildi.<\/p>\n<p><span>K\u00d6LN&#8217;DE 70 M\u0130LYON EURO&#8217;LUK MERKEZ<\/span><\/p>\n<p>Kuri\u015f&#8217;in lideri oldu\u011fu grup taraf\u0131ndan Almanya&#8217;n\u0131n K\u00f6ln kentinde in\u015fas\u0131 devam eden 70 milyon euro&#8217;luk genel merkez g\u00f6r\u00fcnt\u00fclendi.<\/p>\n<p>&nbsp;<\/p>\n<p>Operasyonlarda Almanya&#8217;da &#8220;\u0130slam K\u00fclt\u00fcr Merkezleri Birli\u011fi (VIKZ)&#8221; ad\u0131 alt\u0131nda faaliyet g\u00f6sterilen grubun in\u015faat\u0131 devam eden ve tamamlanmas\u0131n\u0131n ard\u0131ndan faaliyetlerinin tamam\u0131n\u0131n kayd\u0131r\u0131lmas\u0131 beklenen merkez g\u00f6r\u00fcnt\u00fclendi.<\/p>\n<p>&nbsp;<\/p>\n<p>Yakla\u015f\u0131k 12 bin 600 metrekarelik alan \u00fczerinde in\u015fa edilen yakla\u015f\u0131k 70 milyon euro&#8217;luk kompleksin tamamland\u0131\u011f\u0131nda VIKZ&#8217;nin Almanya&#8217;daki en dikkat \u00e7ekici yerlerden birisi olmas\u0131 bekleniyor.<\/p>\n<p><span>\u0130STANBUL&#8217;DA YEN\u0130 OPERASYON: PAR\u00c7ALANMI\u015e EVRAKLAR BULUNDU<\/span><\/p>\n<p>Alihan Kuri\u015f soru\u015fturmas\u0131nda son operasyon d\u00fcn ger\u00e7ekle\u015fti.<\/p>\n<p>&nbsp;<\/p>\n<p>Emniyet g\u00fc\u00e7leri 15 A\u011fustos g\u00fcn\u00fc bir ihbar \u00fczerine \u0130stanbul \u00dcmraniye&#8217;deki adrese bask\u0131n yapt\u0131.<\/p>\n<p>&nbsp;<\/p>\n<p>Adreste ger\u00e7ekle\u015ftirilen aramada, imha edilmek amac\u0131yla par\u00e7aland\u0131\u011f\u0131 belirlenen evraklar <a href=\"https:\/\/www.ntv.com.tr\/turkiye\/alihan-kuris-sorusturmasi-66-milyar-lirayi-asan-para-trafigi-tespit-edildi-1737510\">bulundu<\/a>.<\/p>\n<p>&nbsp;<\/p>\n<p>B\u00fcy\u00fck \u00e7\u00f6p torbalar\u0131 i\u00e7inde ince halde par\u00e7alanm\u0131\u015f evraklara el konuldu.<\/p>\n<p><span>32 \u015e\u00dcPHEL\u0130 TUTUKLANDI<\/span><\/p>\n<p>Kuri\u015f soru\u015fturmas\u0131nda per\u015fembe sabah\u0131 g\u00f6zalt\u0131na al\u0131nan \u015f\u00fcpheliler 16 A\u011fustos sabah\u0131 adliyeye sevk edildi.<\/p>\n<p>&nbsp;<\/p>\n<p>Mahkeme aralar\u0131nda Alihan Kuri\u015f&#8217;in de bulundu\u011fu 38 \u015f\u00fcpheliden 32&#8217;sini <a href=\"https:\/\/www.ntv.com.tr\/turkiye\/kuris-orgutune-operasyon-alihan-kuris-dahil-32-supheli-tutuklandi-1737112\">tutuklad\u0131<\/a>. Alt\u0131 \u015f\u00fcpheli hakk\u0131nda ise ev hapsi karar\u0131 verildi.<\/p>\n<p>&nbsp;<\/p>\n<p><strong>Tutuklanmas\u0131na karar verilen isimler \u015f\u00f6yle:<\/strong> Alihan Kuri\u015f, Fahri Candemir, S\u00fcleyman Kahraman, Recep Okumu\u015flar, \u015eeref Toprak, Mehmet Hilmi Molla, Nezih Murat B\u00fcy\u00fckg\u00f6ze, Metin G\u00fcer, Hilmi \u015eenol, S\u00fcleyman Hilmi Din\u00e7, Yunus Aslan, Muharrem Hilmi Akbulut, Mehmet Aksu, Muhammed Da\u011f, Mehmet Bozp\u0131nar, Mehmet Akbacako\u011flu, Ahmet \u015eim\u015fek, Abdulkerim Emrah, \u0130sa \u00c7ardak, Cevat Ba\u011fc\u0131, Zeki Alt\u0131nel, H\u00fcseyin T\u00fcrker, Mehmet Kurban, Mehmet Tekin, Mustafa G\u00f6kduman, Hamza Deniz, Kaz\u0131m Per, Ahmet U\u011fur Pakcan, R\u0131dvan Erdal, Z\u00fcbeyr \u00d6zcan, Hayrullah Uusl, Muhammet Karak\u00f6se.<\/p>\n<p>&nbsp;<\/p>\n<p><strong>Ev hapsine \u00e7arpt\u0131r\u0131lan isimler: <\/strong>Yusuf B\u00fcy\u00fckg\u00f6ze, Ahmet G\u00f6kcen, \u00d6mer Y\u0131lmaz, Ahmet Efe, Selman S\u00fcleyman Ke\u015fkek\u00e7i, \u0130smail Hakk\u0131 Akg\u00fcn.<\/p>\n","protected":false},"excerpt":{"rendered":"<p>Alihan Kuri\u015f su\u00e7 \u00f6rg\u00fct\u00fcne y\u00f6nelik operasyonda 32 \u015f\u00fcpheli tutukland\u0131. Kuri\u015f operasyonu hakk\u0131nda bug\u00fcne kadar neler&#8230;<\/p>\n","protected":false},"author":1,"featured_media":1252,"comment_status":"open","ping_status":"open","sticky":false,"template":"","format":"standard","meta":{"footnotes":""},"categories":[14],"tags":[],"class_list":["post-1277","post","type-post","status-publish","format-standard","has-post-thumbnail","hentry","category-son-dakika"],"_links":{"self":[{"href":"https:\/\/gundem44.com.tr\/index.php?rest_route=\/wp\/v2\/posts\/1277","targetHints":{"allow":["GET"]}}],"collection":[{"href":"https:\/\/gundem44.com.tr\/index.php?rest_route=\/wp\/v2\/posts"}],"about":[{"href":"https:\/\/gundem44.com.tr\/index.php?rest_route=\/wp\/v2\/types\/post"}],"author":[{"embeddable":true,"href":"https:\/\/gundem44.com.tr\/index.php?rest_route=\/wp\/v2\/users\/1"}],"replies":[{"embeddable":true,"href":"https:\/\/gundem44.com.tr\/index.php?rest_route=%2Fwp%2Fv2%2Fcomments&post=1277"}],"version-history":[{"count":0,"href":"https:\/\/gundem44.com.tr\/index.php?rest_route=\/wp\/v2\/posts\/1277\/revisions"}],"wp:featuredmedia":[{"embeddable":true,"href":"https:\/\/gundem44.com.tr\/index.php?rest_route=\/wp\/v2\/media\/1252"}],"wp:attachment":[{"href":"https:\/\/gundem44.com.tr\/index.php?rest_route=%2Fwp%2Fv2%2Fmedia&parent=1277"}],"wp:term":[{"taxonomy":"category","embeddable":true,"href":"https:\/\/gundem44.com.tr\/index.php?rest_route=%2Fwp%2Fv2%2Fcategories&post=1277"},{"taxonomy":"post_tag","embeddable":true,"href":"https:\/\/gundem44.com.tr\/index.php?rest_route=%2Fwp%2Fv2%2Ftags&post=1277"}],"curies":[{"name":"wp","href":"https:\/\/api.w.org\/{rel}","templated":true}]}}