{"id":1269,"date":"2026-08-16T09:58:05","date_gmt":"2026-08-16T09:58:05","guid":{"rendered":"https:\/\/gundem44.com.tr\/?p=1269"},"modified":"2026-08-16T09:58:05","modified_gmt":"2026-08-16T09:58:05","slug":"depremin-izleri-ilk-gunku-gibi-duruyor-dalgiclar-goruntuledi","status":"publish","type":"post","link":"https:\/\/gundem44.com.tr\/?p=1269","title":{"rendered":"Depremin izleri ilk g\u00fcnk\u00fc gibi duruyor. Dalg\u0131\u00e7lar g\u00f6r\u00fcnt\u00fcledi"},"content":{"rendered":"<p><img decoding=\"async\" src=\"https:\/\/images.ntv.com.tr\/images\/DEPREMIN-IZLERI-DENIZIN-ALTINDA-ILK-GUN_1460251_434494-913704.jpg?width=930&amp;format=webp\" class=\"type:primaryImage\" alt=\"Depremin izleri ilk g\u00fcnk\u00fc gibi duruyor. Dalg\u0131\u00e7lar g\u00f6r\u00fcnt\u00fcledi\" \/><\/p>\n<p>17 A\u011fustos 1999 Marmara Depremi&#8217;nde Kocaeli&#8217;nin G\u00f6lc\u00fck il\u00e7esinde sulara g\u00f6m\u00fclen yap\u0131 ve e\u015fyalar, dalg\u0131\u00e7lar taraf\u0131ndan g\u00f6r\u00fcnt\u00fclendi.<\/p>\n<p>Merkez \u00fcss\u00fc Kocaeli&#8217;nin G\u00f6lc\u00fck il\u00e7esi olan 17 A\u011fustos 1999 Marmara Depremi&#8217;nin \u00fczerinden 27 y\u0131l ge\u00e7ti. 7.4 b\u00fcy\u00fckl\u00fc\u011f\u00fcndeki depremde G\u00f6lc\u00fck&#8217;e ba\u011fl\u0131 De\u011firmendere&#8217;de k\u0131y\u0131da bulunan otel, vapur iskelesi, \u00e7ay bah\u00e7esi ve baz\u0131 evlerin sular alt\u0131nda kalmas\u0131yla olu\u015fan bat\u0131k b\u00f6lge, bug\u00fcn ise dal\u0131\u015f yap\u0131lan alanlardan biri olarak kullan\u0131l\u0131yor.<\/p>\n<p>De\u011firmendere Sahili&#8217;nin yakla\u015f\u0131k 180 metre a\u00e7\u0131\u011f\u0131nda bulunan ve 18 ila 55 metre derinli\u011fe uzanan b\u00f6lgede, deprem s\u0131ras\u0131nda k\u00f6k\u00fcnden s\u00f6k\u00fclen \u00e7\u0131nar a\u011fa\u00e7lar\u0131 ile \u00e7ay bah\u00e7esine ait \u015femsiyeler, sokak lambalar\u0131 ve seyyar sat\u0131c\u0131 tezgahlar\u0131n\u0131n kal\u0131nt\u0131lar\u0131 bulunuyor.<\/p>\n<p>Kocaeli B\u00fcy\u00fck\u015fehir Belediyesi \u0130tfaiye Dairesi Ba\u015fkanl\u0131\u011f\u0131\u2019na ba\u011fl\u0131 dalg\u0131\u00e7lar ile De\u011firmendere Sualt\u0131 Toplulu\u011fu (DESSAT) ekipleri, b\u00f6lgede dal\u0131\u015f yap\u0131p depremden y\u0131llar sonra su alt\u0131nda kalan yap\u0131 kal\u0131nt\u0131lar\u0131n\u0131 g\u00f6r\u00fcnt\u00fcledi.&nbsp;<\/p>\n","protected":false},"excerpt":{"rendered":"<p>17 A\u011fustos 1999 Marmara Depremi&#8217;nde Kocaeli&#8217;nin G\u00f6lc\u00fck il\u00e7esinde sulara g\u00f6m\u00fclen yap\u0131 ve e\u015fyalar, dalg\u0131\u00e7lar taraf\u0131ndan&#8230;<\/p>\n","protected":false},"author":1,"featured_media":1252,"comment_status":"open","ping_status":"open","sticky":false,"template":"","format":"standard","meta":{"footnotes":""},"categories":[14],"tags":[],"class_list":["post-1269","post","type-post","status-publish","format-standard","has-post-thumbnail","hentry","category-son-dakika"],"_links":{"self":[{"href":"https:\/\/gundem44.com.tr\/index.php?rest_route=\/wp\/v2\/posts\/1269","targetHints":{"allow":["GET"]}}],"collection":[{"href":"https:\/\/gundem44.com.tr\/index.php?rest_route=\/wp\/v2\/posts"}],"about":[{"href":"https:\/\/gundem44.com.tr\/index.php?rest_route=\/wp\/v2\/types\/post"}],"author":[{"embeddable":true,"href":"https:\/\/gundem44.com.tr\/index.php?rest_route=\/wp\/v2\/users\/1"}],"replies":[{"embeddable":true,"href":"https:\/\/gundem44.com.tr\/index.php?rest_route=%2Fwp%2Fv2%2Fcomments&post=1269"}],"version-history":[{"count":0,"href":"https:\/\/gundem44.com.tr\/index.php?rest_route=\/wp\/v2\/posts\/1269\/revisions"}],"wp:featuredmedia":[{"embeddable":true,"href":"https:\/\/gundem44.com.tr\/index.php?rest_route=\/wp\/v2\/media\/1252"}],"wp:attachment":[{"href":"https:\/\/gundem44.com.tr\/index.php?rest_route=%2Fwp%2Fv2%2Fmedia&parent=1269"}],"wp:term":[{"taxonomy":"category","embeddable":true,"href":"https:\/\/gundem44.com.tr\/index.php?rest_route=%2Fwp%2Fv2%2Fcategories&post=1269"},{"taxonomy":"post_tag","embeddable":true,"href":"https:\/\/gundem44.com.tr\/index.php?rest_route=%2Fwp%2Fv2%2Ftags&post=1269"}],"curies":[{"name":"wp","href":"https:\/\/api.w.org\/{rel}","templated":true}]}}