{"id":1268,"date":"2026-08-16T09:58:05","date_gmt":"2026-08-16T09:58:05","guid":{"rendered":"https:\/\/gundem44.com.tr\/?p=1268"},"modified":"2026-08-16T09:58:05","modified_gmt":"2026-08-16T09:58:05","slug":"bakan-ciftci-gocmen-kacakcilarina-yonelik-bugune-kadar-4-bin-94-operasyon-gerceklestirdik","status":"publish","type":"post","link":"https:\/\/gundem44.com.tr\/?p=1268","title":{"rendered":"Bakan \u00c7ift\u00e7i: G\u00f6\u00e7men ka\u00e7ak\u00e7\u0131lar\u0131na y\u00f6nelik bug\u00fcne kadar 4 bin 94 operasyon ger\u00e7ekle\u015ftirdik"},"content":{"rendered":"<p><img decoding=\"async\" src=\"https:\/\/images.ntv.com.tr\/images\/mustafa\u00e7ift\u00e7i-910251(2)?width=930&amp;format=webp\" class=\"type:primaryImage\" alt=\"Bakan \u00c7ift\u00e7i: G\u00f6\u00e7men ka\u00e7ak\u00e7\u0131lar\u0131na y\u00f6nelik bug\u00fcne kadar 4 bin 94 operasyon ger\u00e7ekle\u015ftirdik\" \/><\/p>\n<p>D\u00fczensiz g\u00f6\u00e7le m\u00fccadeleye ili\u015fkin bilgi veren \u0130\u00e7i\u015fleri Bakan\u0131 Mustafa \u00c7ift\u00e7i, T\u00fcrkiye&#8217;de koruma alt\u0131nda bulunan Suriyeli say\u0131s\u0131n\u0131 a\u00e7\u0131klad\u0131. <\/p>\n<p>\u0130\u00e7i\u015fleri Bakan\u0131 Mustafa \u00c7ift\u00e7i, d\u00fczensiz g\u00f6\u00e7le m\u00fccadeleden s\u0131n\u0131r g\u00fcvenli\u011fine, ge\u00e7ici koruma stat\u00fcs\u00fcn\u00fcn gelece\u011finden g\u00f6n\u00fcll\u00fc geri d\u00f6n\u00fc\u015flere kadar kapsaml\u0131 mesajlar verdi.<\/p>\n<p>&nbsp;<\/p>\n<p>\u0130\u00e7i\u015fleri Bakan\u0131 \u00c7ift\u00e7i, g\u00f6\u00e7\u00fcn yaln\u0131zca T\u00fcrkiye s\u0131n\u0131rlar\u0131 i\u00e7inde ortaya \u00e7\u0131kan bir sonu\u00e7 olarak g\u00f6r\u00fclmedi\u011fini belirterek kayna\u011f\u0131ndan geri d\u00f6n\u00fc\u015fe kadar t\u00fcm s\u00fcrecin birlikte y\u00f6netilece\u011fini s\u00f6yledi.<\/p>\n<p>&nbsp;<\/p>\n<p>D\u00fczensiz g\u00f6\u00e7le m\u00fccadelede hedefin g\u00f6\u00e7menler de\u011fil, insanlar\u0131n \u00e7aresizli\u011fini kazanca \u00e7eviren ka\u00e7ak\u00e7\u0131l\u0131k a\u011flar\u0131 oldu\u011funu vurgulayan \u00c7ift\u00e7i, s\u0131n\u0131r g\u00fcvenli\u011finde teknolojik kapasitenin art\u0131r\u0131ld\u0131\u011f\u0131n\u0131 a\u00e7\u0131klayarak g\u00f6\u00e7 y\u00f6netiminde yeni d\u00f6nemin hedeflerini, d\u00fczensiz g\u00f6\u00e7le m\u00fccadelede at\u0131lacak ad\u0131mlar\u0131, ge\u00e7ici koruma stat\u00fcs\u00fcn\u00fcn gelece\u011fini ve Suriyelilerin g\u00f6n\u00fcll\u00fc d\u00f6n\u00fc\u015f s\u00fcrecini Yeni \u015eafak&#8217;a anlatt\u0131.<\/p>\n<p>&nbsp;<\/p>\n<p><strong>\u201cSINIRLARIMIZ \u0130\u00c7\u0130NDE KAR\u015eILA\u015eTI\u011eIMIZ B\u0130R SONU\u00c7 OLARAK ELE ALMIYORUZ\u201d<\/strong><\/p>\n<p>&nbsp;<\/p>\n<p>&#8220;D\u00fczensiz g\u00f6\u00e7\u00fcn kayna\u011f\u0131nda engellenmesinden g\u00f6n\u00fcll\u00fc geri d\u00f6n\u00fc\u015flerin te\u015fvik edilmesine kadar uygulamada ne gibi kararlar al\u0131nacak?&#8221; sorusuna yan\u0131t veren Bakan \u00c7ift\u00e7i, &#8220;G\u00f6\u00e7 \u0130daresi Ba\u015fkanl\u0131\u011f\u0131m\u0131zda da yeni bir y\u00f6netim g\u00f6reve gelmi\u015f olup, s\u00fcreci bu vizyonla y\u00fcr\u00fctecektir. Yeni d\u00f6nemde g\u00f6\u00e7\u00fc, yaln\u0131zca s\u0131n\u0131rlar\u0131m\u0131z i\u00e7inde kar\u015f\u0131la\u015ft\u0131\u011f\u0131m\u0131z bir sonu\u00e7 olarak ele alm\u0131yoruz.&#8221; diyerek \u015funlar\u0131 s\u00f6yledi:<\/p>\n<p>&nbsp;<\/p>\n<p>&#8220;Kaynak \u00fclkeden geri d\u00f6n\u00fc\u015f a\u015famas\u0131na kadar uzanan b\u00fct\u00fcnc\u00fcl bir s\u00fcre\u00e7 olarak y\u00f6netiyoruz. Bu anlay\u0131\u015fla stratejimizi be\u015f ayak \u00fczerine kurduk. G\u00f6\u00e7\u00fc kayna\u011f\u0131nda \u00f6nlemek, s\u0131n\u0131rlar\u0131m\u0131z\u0131 etkin bi\u00e7imde korumak, \u00fclke i\u00e7indeki d\u00fczensiz g\u00f6\u00e7\u00fc tespit etmek, kay\u0131t d\u0131\u015f\u0131 istihdam ve g\u00f6\u00e7men ka\u00e7ak\u00e7\u0131l\u0131\u011f\u0131yla m\u00fccadele etmek ve g\u00f6n\u00fcll\u00fc geri d\u00f6n\u00fc\u015fleri g\u00fcvenli, onurlu ve d\u00fczenli bi\u00e7imde y\u00f6netmek. Kayna\u011f\u0131nda \u00f6nle, s\u0131n\u0131rda engelle, i\u00e7eride tespit et, organizat\u00f6r\u00fc etkisiz h\u00e2le getir, geri d\u00f6n\u00fc\u015f\u00fc y\u00f6net.&#8221;<\/p>\n<p>&nbsp;<\/p>\n<p><strong>&#8220;M\u00dcCADELEN\u0130N HEDEF\u0130NDE G\u00d6\u00c7MENLER DE\u011e\u0130L, KA\u00c7AK\u00c7ILAR VAR&#8221;<\/strong><\/p>\n<p>&nbsp;<\/p>\n<p>D\u00fczensiz g\u00f6\u00e7 ve g\u00f6\u00e7men ka\u00e7ak\u00e7\u0131l\u0131\u011f\u0131yla m\u00fccadelede, ayr\u0131ca s\u0131n\u0131r g\u00fcvenli\u011finde at\u0131lan ad\u0131mlara ili\u015fkin de bilgi veren \u00c7ift\u00e7i, bu m\u00fccadelenin hedefinde g\u00f6\u00e7menlerin de\u011fil g\u00f6\u00e7men ka\u00e7ak\u00e7\u0131l\u0131\u011f\u0131 organizasyonlar\u0131n\u0131n oldu\u011funu ifade etti.<\/p>\n<p>&nbsp;<\/p>\n<p>&#8220;G\u00f6\u00e7meni de\u011fil, insan hayat\u0131n\u0131 satan ka\u00e7ak\u00e7\u0131l\u0131k a\u011f\u0131n\u0131 hedef al\u0131yoruz.&#8221; vurgusunda bulunan \u00c7ift\u00e7i a\u00e7\u0131klamas\u0131na \u015f\u00f6yle devam etti:<\/p>\n<p>&nbsp;<\/p>\n<p>&#8220;S\u0131n\u0131rlar\u0131m\u0131z\u0131 en ileri teknolojiyle koruyoruz. Bug\u00fcn s\u0131n\u0131r hatt\u0131m\u0131zda 1.349 kilometre g\u00fcvenlik duvar\u0131, 362 elektro-optik kule, drone&#8217;lar ve di\u011fer teknolojik sistemler bulunuyor. G\u00f6\u00e7men ka\u00e7ak\u00e7\u0131lar\u0131na y\u00f6nelik bug\u00fcne kadar 4 bin 94 operasyon ger\u00e7ekle\u015ftirdik. \u00dclkemizde yasal kal\u0131\u015f hakk\u0131 bulunan yabanc\u0131 say\u0131s\u0131 ise 3 milyon 623 bin 608\u2019dir. D\u00fczensiz g\u00f6\u00e7\u00fc s\u0131n\u0131r kap\u0131s\u0131nda de\u011fil, g\u00f6\u00e7 rotas\u0131 daha olu\u015fmadan durduraca\u011f\u0131z.&#8221;<\/p>\n<p>&nbsp;<\/p>\n<p>Bakan \u00c7ift\u00e7i&#8217;ye &#8220;Ge\u00e7ici koruman\u0131n gelece\u011fi ve Suriye\u2019ye g\u00f6n\u00fcll\u00fc d\u00f6n\u00fc\u015fler konusunda tabloyu nas\u0131l de\u011ferlendiriyorsunuz?&#8221; sorusu da soruldu.<\/p>\n<p>&nbsp;<\/p>\n<p>\u0130\u00e7i\u015fleri Bakan\u0131, Suriye\u2019de g\u00fcvenlik, kamu d\u00fczeni ve devlet kurumlar\u0131 yeniden tesis edilirken ge\u00e7ici koruma uygulamas\u0131n\u0131n gelece\u011fine ili\u015fkin hukuki ve idari \u00e7al\u0131\u015fmalar\u0131n y\u00fcr\u00fct\u00fcld\u00fc\u011f\u00fcn\u00fc belirtti.<\/p>\n<p>&nbsp;<\/p>\n<p><strong>\u201cH\u0130\u00c7 K\u0130MSEY\u0130 \u00d6L\u00dcM VE ZUL\u00dcM ORTAMINA ZORLA G\u00d6NDERMEYECE\u011e\u0130Z\u201d<\/strong><\/p>\n<p>&nbsp;<\/p>\n<p>&#8220;\u00c7\u00fcnk\u00fc ge\u00e7ici koruma; sava\u015f ve kitlesel tehdit \u015fartlar\u0131na ba\u011fl\u0131 istisnai bir mekanizmad\u0131r. \u015eartlar\u0131n de\u011fi\u015fmesiyle bu stat\u00fcn\u00fcn de hukuk i\u00e7inde yeniden de\u011ferlendirilmesi gerekir. Ge\u00e7ici koruma, kal\u0131c\u0131 ikametin ba\u015fka bir ad\u0131 de\u011fildir. Bu s\u00fcreci ani ve keyf\u00ee kararlarla y\u00fcr\u00fctmeyece\u011fiz.&#8221; diye konu\u015fan \u00c7ift\u00e7i, &#8220;\u0130nsan onurunu, hukuki g\u00fcvenli\u011fi, kamu d\u00fczenini ve T\u00fcrkiye\u2019nin mill\u00ee menfaatlerini birlikte g\u00f6zetece\u011fiz. Hi\u00e7 kimseyi \u00f6l\u00fcm, zul\u00fcm veya g\u00fcvensizlik ortam\u0131na zorla g\u00f6ndermeyece\u011fiz. Bununla birlikte ge\u00e7ici koruma mekanizmas\u0131n\u0131n s\u00fcresiz bir belirsizli\u011fe d\u00f6n\u00fc\u015fmesine de izin vermeyece\u011fiz. \u015eartlar de\u011fi\u015fiyorsa stat\u00fc de de\u011fi\u015fir; ancak her ad\u0131m hukukla ve insan onuruyla at\u0131l\u0131r. Zorla g\u00f6nderme yok, s\u00fcresiz belirsizlik de yok.&#8221; dedi ve \u015fu bilgileri payla\u015ft\u0131:<\/p>\n<p>&nbsp;<\/p>\n<p><strong>T\u00dcRK\u0130YE&#8217;DE KORUMA ALTINDAK\u0130 SUR\u0130YEL\u0130 SAYISI KA\u00c7?<\/strong><\/p>\n<p>&nbsp;<\/p>\n<p>&#8220;Bug\u00fcn \u00fclkemizde ge\u00e7ici koruma alt\u0131ndaki Suriyeli say\u0131s\u0131 2 milyon 235 bin 988\u2019dir. 2016 ile 31 Temmuz 2026 aras\u0131nda 1 milyon 462 bin 947 Suriyeli; 8 Aral\u0131k 2024\u2019ten bu yana ise 722 bin 944 Suriyeli, g\u00f6n\u00fcll\u00fc, g\u00fcvenli ve onurlu bi\u00e7imde \u00fclkesine d\u00f6nm\u00fc\u015ft\u00fcr. Bu d\u00f6n\u00fc\u015fleri, Suriye makamlar\u0131yla y\u00fcr\u00fctt\u00fc\u011f\u00fcm\u00fcz \u00e7al\u0131\u015fmalarla g\u00fcvenlik, bar\u0131nma, kimlik, tapu ve resm\u00ee belge sorunlar\u0131n\u0131 \u00e7\u00f6zerek; geri d\u00f6nenlerin kendi \u00fclkelerinde yeniden hayat kurabilmesini sa\u011flayarak ger\u00e7ekle\u015ftiriyoruz. \u0130nanc\u0131m\u0131z merhameti, devlet sorumlulu\u011fumuz g\u00fcvenli\u011fi, hukukumuz adaleti emreder.&#8221;<\/p>\n<p>&nbsp;<\/p>\n<p><strong>SUR\u0130YEL\u0130LER KALICI OLACAK MI?<\/strong><\/p>\n<p>&nbsp;<\/p>\n<p>\u00c7ift\u00e7i, &#8220;Kamuoyunda zaman zaman \u201cSuriyeliler kal\u0131c\u0131 m\u0131 olacak?\u201d kayg\u0131s\u0131 dile getiriliyor. Toplumsal uyum ve kamu d\u00fczeni a\u00e7\u0131s\u0131ndan bu meseleyi nas\u0131l ele al\u0131yorsunuz?&#8221; sorusuna da \u015f\u00f6yle yan\u0131t verdi:<\/p>\n<p>&nbsp;<\/p>\n<p>\u201cPolitikam\u0131z\u0131, kamu d\u00fczenini korumak ile insani sorumlulu\u011fumuzu yerine getirmek aras\u0131nda sa\u011flam bir denge \u00fczerine kuruyoruz. Vatanda\u015f\u0131m\u0131z\u0131n huzurundan da insan onurundan da taviz vermeyiz. Kamu d\u00fczenini de koruyaca\u011f\u0131z, insani sorumlulu\u011fumuzu da yerine getirece\u011fiz; bu ikisi birbirinin kar\u015f\u0131t\u0131 de\u011fildir. S\u00f6z\u00fcm\u00fc \u015f\u00f6yle tamamlayay\u0131m: G\u00f6\u00e7 politikam\u0131z\u0131n pusulas\u0131 bellidir. S\u0131n\u0131r\u0131m\u0131z\u0131 koruyacak, ka\u00e7ak\u00e7\u0131y\u0131 \u00e7\u00f6kertecek, kay\u0131t d\u0131\u015f\u0131l\u0131\u011f\u0131 \u00f6nleyecek, g\u00f6n\u00fcll\u00fc d\u00f6n\u00fc\u015f\u00fc destekleyecek ve att\u0131\u011f\u0131m\u0131z her ad\u0131m\u0131 hukukla, ak\u0131lla ve vicdanla ataca\u011f\u0131z. S\u0131n\u0131r\u0131 koru, ka\u00e7ak\u00e7\u0131y\u0131 \u00e7\u00f6kert, kayd\u0131 tut, d\u00f6n\u00fc\u015f\u00fc destekle; her ad\u0131m\u0131 hukukla ve vicdanla at.\u201d<\/p>\n","protected":false},"excerpt":{"rendered":"<p>D\u00fczensiz g\u00f6\u00e7le m\u00fccadeleye ili\u015fkin bilgi veren \u0130\u00e7i\u015fleri Bakan\u0131 Mustafa \u00c7ift\u00e7i, T\u00fcrkiye&#8217;de koruma alt\u0131nda bulunan Suriyeli&#8230;<\/p>\n","protected":false},"author":1,"featured_media":1252,"comment_status":"open","ping_status":"open","sticky":false,"template":"","format":"standard","meta":{"footnotes":""},"categories":[14],"tags":[],"class_list":["post-1268","post","type-post","status-publish","format-standard","has-post-thumbnail","hentry","category-son-dakika"],"_links":{"self":[{"href":"https:\/\/gundem44.com.tr\/index.php?rest_route=\/wp\/v2\/posts\/1268","targetHints":{"allow":["GET"]}}],"collection":[{"href":"https:\/\/gundem44.com.tr\/index.php?rest_route=\/wp\/v2\/posts"}],"about":[{"href":"https:\/\/gundem44.com.tr\/index.php?rest_route=\/wp\/v2\/types\/post"}],"author":[{"embeddable":true,"href":"https:\/\/gundem44.com.tr\/index.php?rest_route=\/wp\/v2\/users\/1"}],"replies":[{"embeddable":true,"href":"https:\/\/gundem44.com.tr\/index.php?rest_route=%2Fwp%2Fv2%2Fcomments&post=1268"}],"version-history":[{"count":0,"href":"https:\/\/gundem44.com.tr\/index.php?rest_route=\/wp\/v2\/posts\/1268\/revisions"}],"wp:featuredmedia":[{"embeddable":true,"href":"https:\/\/gundem44.com.tr\/index.php?rest_route=\/wp\/v2\/media\/1252"}],"wp:attachment":[{"href":"https:\/\/gundem44.com.tr\/index.php?rest_route=%2Fwp%2Fv2%2Fmedia&parent=1268"}],"wp:term":[{"taxonomy":"category","embeddable":true,"href":"https:\/\/gundem44.com.tr\/index.php?rest_route=%2Fwp%2Fv2%2Fcategories&post=1268"},{"taxonomy":"post_tag","embeddable":true,"href":"https:\/\/gundem44.com.tr\/index.php?rest_route=%2Fwp%2Fv2%2Ftags&post=1268"}],"curies":[{"name":"wp","href":"https:\/\/api.w.org\/{rel}","templated":true}]}}