{"id":1267,"date":"2026-08-16T09:58:05","date_gmt":"2026-08-16T09:58:05","guid":{"rendered":"https:\/\/gundem44.com.tr\/?p=1267"},"modified":"2026-08-16T09:58:05","modified_gmt":"2026-08-16T09:58:05","slug":"10-orman-yanginina-sorusturma-2-supheli-tutuklandi-3-supheli-gozaltinda","status":"publish","type":"post","link":"https:\/\/gundem44.com.tr\/?p=1267","title":{"rendered":"10 orman yang\u0131n\u0131na soru\u015fturma. 2 \u015f\u00fcpheli tutukland\u0131, 3 \u015f\u00fcpheli g\u00f6zalt\u0131nda"},"content":{"rendered":"<p><img decoding=\"async\" src=\"https:\/\/images.ntv.com.tr\/images\/Ormanyang\u0131n\u0131-318842.png?width=930&amp;format=webp\" class=\"type:primaryImage\" alt=\"10 orman yang\u0131n\u0131na soru\u015fturma. 2 \u015f\u00fcpheli tutukland\u0131, 3 \u015f\u00fcpheli g\u00f6zalt\u0131nda\" \/><\/p>\n<p>Adalet Bakan\u0131 G\u00fcrlek, son bir haftadaki 10 orman yang\u0131n\u0131yla ilgili y\u00fcr\u00fct\u00fclen soru\u015fturma kapsam\u0131nda tespit edilen 2 \u015f\u00fcpheli tutukland\u0131\u011f\u0131n\u0131, 3 \u015f\u00fcphelinin de g\u00f6zalt\u0131na oldu\u011funu a\u00e7\u0131klad\u0131. <\/p>\n<p>Adalet Bakan\u0131 Ak\u0131n G\u00fcrlek, 10 ildeki orman yang\u0131n\u0131 soru\u015fturmalar\u0131na ili\u015fkin a\u00e7\u0131klama yapt\u0131.<\/p>\n<p>&nbsp;<\/p>\n<p>Adalet Bakan\u0131 Ak\u0131n G\u00fcrlek, 1 Haziran&#8217;dan bu yana adli i\u015flem yap\u0131lan 64 orman yang\u0131n\u0131na ili\u015fkin 43 \u015f\u00fcphelinin tespit edildi\u011fini, bunlardan 11&#8217;inin tutukland\u0131\u011f\u0131n\u0131, 18 \u015f\u00fcpheli hakk\u0131nda ise adli kontrol tedbiri uyguland\u0131\u011f\u0131n\u0131 bildirdi.<\/p>\n<p>&nbsp;<\/p>\n<p>G\u00fcrlek, NSosyal hesab\u0131ndan yapt\u0131\u011f\u0131 a\u00e7\u0131klamada, ye\u015fil vatana kastedenlerin adalet \u00f6n\u00fcnde hesap verece\u011fini belirterek, &#8220;Nefesimiz, gelece\u011fimiz ve gelecek nesillere b\u0131rakaca\u011f\u0131m\u0131z en k\u0131ymetli miraslardan biri olan ye\u015fil vatan\u0131m\u0131z\u0131 tehdit eden orman yang\u0131nlar\u0131na ili\u015fkin adli s\u00fcre\u00e7leri kararl\u0131l\u0131kla takip ediyoruz.&#8221; ifadesini kulland\u0131.<\/p>\n<p>&nbsp;<\/p>\n<p>Do\u011fal Afet ve Kazalar Daire Ba\u015fkanl\u0131\u011f\u0131n\u0131n yak\u0131n takibinde, Cumhuriyet ba\u015fsavc\u0131l\u0131klar\u0131n\u0131n yang\u0131nlar\u0131n \u00e7\u0131k\u0131\u015f nedenlerini ve sorumlular\u0131n\u0131 t\u00fcm y\u00f6nleriyle ara\u015ft\u0131rd\u0131\u011f\u0131n\u0131 aktaran G\u00fcrlek, \u015funlar\u0131 kaydetti:<\/p>\n<p>&nbsp;<\/p>\n<p>&#8220;Son bir haftada Ad\u0131yaman, Antalya, Ayd\u0131n, Bal\u0131kesir, Bilecik, K\u0131rklareli, Kocaeli ve Sinop&#8217;ta meydana gelen 10 orman yang\u0131n\u0131na ili\u015fkin soru\u015fturmalarda 6 \u015f\u00fcpheli hakk\u0131nda i\u015flem yap\u0131lm\u0131\u015f, 2 \u015f\u00fcpheli tutuklanm\u0131\u015f, 1 \u015f\u00fcpheli hakk\u0131nda adli kontrol karar\u0131 verilmi\u015f, 3 \u015f\u00fcphelinin g\u00f6zalt\u0131 i\u015flemleri devam etmektedir. 1 Haziran 2026&#8217;dan bug\u00fcne ise 22 ilimizde adli i\u015flem yap\u0131lan 64 orman yang\u0131n\u0131na ili\u015fkin toplam 43 \u015f\u00fcpheli tespit edilmi\u015ftir.&nbsp;<\/p>\n<p>&nbsp;<\/p>\n<p>\u015e\u00fcphelilerden 11&#8217;i tutuklanm\u0131\u015f, 18 \u015f\u00fcpheli hakk\u0131nda adli kontrol tedbiri uygulanm\u0131\u015ft\u0131r. 3 \u015f\u00fcphelinin g\u00f6zalt\u0131 i\u015flemleri s\u00fcrmektedir. Milletimiz m\u00fcsterih olsun, ormanlar\u0131m\u0131z\u0131 kasten yakanlar da ihmal veya tedbirsizlikleriyle yang\u0131na sebebiyet verenler de adalet \u00f6n\u00fcnde hesap vermektedir. Su\u00e7 \u015f\u00fcphesi bulunan hi\u00e7bir orman yang\u0131n\u0131n\u0131n faili me\u00e7hul kalmas\u0131na m\u00fcsaade edilmeyecektir.&#8221;<\/p>\n","protected":false},"excerpt":{"rendered":"<p>Adalet Bakan\u0131 G\u00fcrlek, son bir haftadaki 10 orman yang\u0131n\u0131yla ilgili y\u00fcr\u00fct\u00fclen soru\u015fturma kapsam\u0131nda tespit edilen&#8230;<\/p>\n","protected":false},"author":1,"featured_media":1252,"comment_status":"open","ping_status":"open","sticky":false,"template":"","format":"standard","meta":{"footnotes":""},"categories":[14],"tags":[],"class_list":["post-1267","post","type-post","status-publish","format-standard","has-post-thumbnail","hentry","category-son-dakika"],"_links":{"self":[{"href":"https:\/\/gundem44.com.tr\/index.php?rest_route=\/wp\/v2\/posts\/1267","targetHints":{"allow":["GET"]}}],"collection":[{"href":"https:\/\/gundem44.com.tr\/index.php?rest_route=\/wp\/v2\/posts"}],"about":[{"href":"https:\/\/gundem44.com.tr\/index.php?rest_route=\/wp\/v2\/types\/post"}],"author":[{"embeddable":true,"href":"https:\/\/gundem44.com.tr\/index.php?rest_route=\/wp\/v2\/users\/1"}],"replies":[{"embeddable":true,"href":"https:\/\/gundem44.com.tr\/index.php?rest_route=%2Fwp%2Fv2%2Fcomments&post=1267"}],"version-history":[{"count":0,"href":"https:\/\/gundem44.com.tr\/index.php?rest_route=\/wp\/v2\/posts\/1267\/revisions"}],"wp:featuredmedia":[{"embeddable":true,"href":"https:\/\/gundem44.com.tr\/index.php?rest_route=\/wp\/v2\/media\/1252"}],"wp:attachment":[{"href":"https:\/\/gundem44.com.tr\/index.php?rest_route=%2Fwp%2Fv2%2Fmedia&parent=1267"}],"wp:term":[{"taxonomy":"category","embeddable":true,"href":"https:\/\/gundem44.com.tr\/index.php?rest_route=%2Fwp%2Fv2%2Fcategories&post=1267"},{"taxonomy":"post_tag","embeddable":true,"href":"https:\/\/gundem44.com.tr\/index.php?rest_route=%2Fwp%2Fv2%2Ftags&post=1267"}],"curies":[{"name":"wp","href":"https:\/\/api.w.org\/{rel}","templated":true}]}}