{"id":1259,"date":"2026-08-15T21:01:34","date_gmt":"2026-08-15T21:01:34","guid":{"rendered":"https:\/\/gundem44.com.tr\/?p=1259"},"modified":"2026-08-15T21:01:34","modified_gmt":"2026-08-15T21:01:34","slug":"muglanin-marmaris-ilcesinde-cikan-orman-yanginina-mudahale-ediliyor","status":"publish","type":"post","link":"https:\/\/gundem44.com.tr\/?p=1259","title":{"rendered":"Mu\u011fla&#8217;n\u0131n Marmaris il\u00e7esinde \u00e7\u0131kan orman yang\u0131n\u0131na m\u00fcdahale ediliyor."},"content":{"rendered":"<p><img decoding=\"async\" src=\"https:\/\/images.ntv.com.tr\/images\/AA-20260815-42223116-42223115-MARMARISTE_CIKAN_ORMAN_YANGININA_MUDAHALE_EDILIYOR-418464.jpg?width=930&amp;format=webp\" class=\"type:primaryImage\" alt=\"Mu\u011fla&apos;n\u0131n Marmaris il\u00e7esinde \u00e7\u0131kan orman yang\u0131n\u0131na m\u00fcdahale ediliyor.\" \/><\/p>\n<p>Mu\u011fla&#8217;n\u0131n Marmaris il\u00e7esinde \u00e7\u0131kan orman yang\u0131n\u0131na m\u00fcdahale ediliyor.<\/p>\n<p>Yalanc\u0131bo\u011faz mevkisinde sahil kesiminde karadan ula\u015f\u0131m\u0131n olmad\u0131\u011f\u0131 bir noktada \u00e7\u0131kan yang\u0131n ormanl\u0131k alana yay\u0131ld\u0131.<\/p>\n<p>&nbsp;<\/p>\n<p>\u0130hbar \u00fczerine b\u00f6lgeye Mu\u011fla Orman B\u00f6lge M\u00fcd\u00fcrl\u00fc\u011f\u00fcne ait hava ve kara ara\u00e7lar\u0131 sevk edildi.<\/p>\n<p>&nbsp;<\/p>\n<p>Ekipler, alevleri kontrol alt\u0131na almaya \u00e7al\u0131\u015f\u0131yor.<\/p>\n<p>&nbsp;<\/p>\n<p>Mu\u011fla Valisi \u0130dris Akb\u0131y\u0131k, Marmaris Kaymakam\u0131 Nurullah Kaya ile Mu\u011fla Orman B\u00f6lge M\u00fcd\u00fcr\u00fc Mustafa \u00dclk\u00fcd\u00fcr, yang\u0131n b\u00f6lgesinde inceleme yapt\u0131.<\/p>\n<p>&nbsp;<\/p>\n<p>Akb\u0131y\u0131k, gazetecilere yapt\u0131\u011f\u0131 a\u00e7\u0131klamada yang\u0131n ihbar\u0131n\u0131n ard\u0131ndan 10 dakika i\u00e7erisinde Mu\u011fla Orman B\u00f6lge M\u00fcd\u00fcrl\u00fc\u011f\u00fcn\u00fcn hava ara\u00e7lar\u0131yla m\u00fcdahaleye ba\u015fland\u0131\u011f\u0131n\u0131 s\u00f6yledi.<\/p>\n<p>&nbsp;<\/p>\n<p>Yang\u0131n \u00e7\u0131kan arazinin \u00e7ok dik olmas\u0131 nedeniyle karadan m\u00fcdahalenin yap\u0131lamad\u0131\u011f\u0131n\u0131 dile getiren Akb\u0131y\u0131k, \u015funlar\u0131 kaydetti:<\/p>\n<p>&nbsp;<\/p>\n<p>&#8220;Dolay\u0131s\u0131yla alevlere a\u011f\u0131rl\u0131kla havadan ve denizden m\u00fcdahale edildi. Ancak karadan da yol a\u00e7ma \u00e7al\u0131\u015fmalar\u0131 devam ediyor. Toplam 217 personel, 7 u\u00e7ak, 16 helikopter, toplam 82 kara unsuruyla m\u00fcdahale edildi. M\u00fcdahale s\u0131ras\u0131nda Milli Savunma Bakanl\u0131\u011f\u0131m\u0131z, Aksaz Deniz \u00dcs Komutanl\u0131\u011f\u0131m\u0131zdan da \u00e7\u0131karma gemileri ve helikopterlerden faydaland\u0131k. \u00c7\u0131karma gemilerimiz araz\u00f6zlerimiz ve yang\u0131n s\u00f6nd\u00fcrme personelimizi yang\u0131n alan\u0131na intikal ettirdiler. Ayr\u0131ca sahil g\u00fcvenlik botlar\u0131 personellerimizi yang\u0131n alan\u0131na intikal ettiriyor ve b\u00fcy\u00fck su topu atan gemilerle de m\u00fcdahale etmeye gayret ediyorlar.&#8221;<\/p>\n<p>&nbsp;<\/p>\n<p>Akb\u0131y\u0131k, afet plan\u0131 \u00e7er\u00e7evesinde Mu\u011fla&#8217;da ilgili kurumlar\u0131n da koordineli \u015fekilde s\u00f6nd\u00fcrme \u00e7al\u0131\u015fmas\u0131na destek verdi\u011fini anlatt\u0131.<\/p>\n<p>&nbsp;<\/p>\n<p>Yang\u0131n\u0131n \u00fc\u00e7 k\u0131sm\u0131nda enerjisinin d\u00fc\u015ft\u00fc\u011f\u00fcn\u00fc, bir k\u0131sm\u0131nda devam etti\u011fini belirten Akb\u0131y\u0131k, &#8220;\u015eu anda gece g\u00f6r\u00fc\u015fl\u00fc 3 helikopterimiz \u00e7al\u0131\u015f\u0131yor. Bu noktay\u0131 da in\u015fallah hava ara\u00e7lar\u0131m\u0131zla kontrol alt\u0131na almay\u0131 hedefliyoruz. Bir miktar r\u00fczgar var. Arazi \u00e7ok dik, bu biraz i\u015fimizi zorla\u015ft\u0131r\u0131yor. T\u00fcm kurumlar\u0131m\u0131z\u0131n unsurlar\u0131n\u0131 kullanarak in\u015fallah yang\u0131n\u0131 en k\u0131sa s\u00fcrede kontrol alt\u0131na almaya \u00e7al\u0131\u015f\u0131yoruz.&#8221; diye konu\u015ftu.<\/p>\n","protected":false},"excerpt":{"rendered":"<p>Mu\u011fla&#8217;n\u0131n Marmaris il\u00e7esinde \u00e7\u0131kan orman yang\u0131n\u0131na m\u00fcdahale ediliyor. Yalanc\u0131bo\u011faz mevkisinde sahil kesiminde karadan ula\u015f\u0131m\u0131n olmad\u0131\u011f\u0131&#8230;<\/p>\n","protected":false},"author":1,"featured_media":1252,"comment_status":"open","ping_status":"open","sticky":false,"template":"","format":"standard","meta":{"footnotes":""},"categories":[14],"tags":[],"class_list":["post-1259","post","type-post","status-publish","format-standard","has-post-thumbnail","hentry","category-son-dakika"],"_links":{"self":[{"href":"https:\/\/gundem44.com.tr\/index.php?rest_route=\/wp\/v2\/posts\/1259","targetHints":{"allow":["GET"]}}],"collection":[{"href":"https:\/\/gundem44.com.tr\/index.php?rest_route=\/wp\/v2\/posts"}],"about":[{"href":"https:\/\/gundem44.com.tr\/index.php?rest_route=\/wp\/v2\/types\/post"}],"author":[{"embeddable":true,"href":"https:\/\/gundem44.com.tr\/index.php?rest_route=\/wp\/v2\/users\/1"}],"replies":[{"embeddable":true,"href":"https:\/\/gundem44.com.tr\/index.php?rest_route=%2Fwp%2Fv2%2Fcomments&post=1259"}],"version-history":[{"count":0,"href":"https:\/\/gundem44.com.tr\/index.php?rest_route=\/wp\/v2\/posts\/1259\/revisions"}],"wp:featuredmedia":[{"embeddable":true,"href":"https:\/\/gundem44.com.tr\/index.php?rest_route=\/wp\/v2\/media\/1252"}],"wp:attachment":[{"href":"https:\/\/gundem44.com.tr\/index.php?rest_route=%2Fwp%2Fv2%2Fmedia&parent=1259"}],"wp:term":[{"taxonomy":"category","embeddable":true,"href":"https:\/\/gundem44.com.tr\/index.php?rest_route=%2Fwp%2Fv2%2Fcategories&post=1259"},{"taxonomy":"post_tag","embeddable":true,"href":"https:\/\/gundem44.com.tr\/index.php?rest_route=%2Fwp%2Fv2%2Ftags&post=1259"}],"curies":[{"name":"wp","href":"https:\/\/api.w.org\/{rel}","templated":true}]}}