{"id":1258,"date":"2026-08-15T21:01:34","date_gmt":"2026-08-15T21:01:34","guid":{"rendered":"https:\/\/gundem44.com.tr\/?p=1258"},"modified":"2026-08-15T21:01:34","modified_gmt":"2026-08-15T21:01:34","slug":"geminbeli-tunelinin-kis-gelmeden-hizmete-acilmasi-planlaniyor","status":"publish","type":"post","link":"https:\/\/gundem44.com.tr\/?p=1258","title":{"rendered":"Geminbeli T\u00fcneli&#8217;nin k\u0131\u015f gelmeden hizmete a\u00e7\u0131lmas\u0131 planlan\u0131yor"},"content":{"rendered":"<p><img decoding=\"async\" src=\"https:\/\/images.ntv.com.tr\/images\/AA-20260815-42222061-42222047-GEMINBELI_TUNELININ_KIS_GELMEDEN_HIZMETE_ACILMASI_PLANLANIYOR-221320.jpg?width=930&amp;format=webp\" class=\"type:primaryImage\" alt=\"Geminbeli T\u00fcneli&apos;nin k\u0131\u015f gelmeden hizmete a\u00e7\u0131lmas\u0131 planlan\u0131yor\" \/><\/p>\n<p>Sivas Valisi Y\u0131lmaz \u015eim\u015fek, Su\u015fehri ve Zara il\u00e7eleri aras\u0131nda yap\u0131m\u0131 devam eden Geminbeli T\u00fcneli&#8217;ndeki \u00e7al\u0131\u015fmalar\u0131 inceledi.<\/p>\n<p>Valilikten yap\u0131lan yaz\u0131l\u0131 a\u00e7\u0131klamaya g\u00f6re, Vali \u015eim\u015fek, ilk olarak t\u00fcnelin ba\u011flant\u0131 yollar\u0131nda y\u00fcr\u00fct\u00fclen \u00e7al\u0131\u015fmalar\u0131, ard\u0131ndan toplam uzunlu\u011fu 9 bin metre olan \u00e7ift t\u00fcp t\u00fcnelden ara\u00e7la ge\u00e7erek tamamlanan b\u00f6l\u00fcmlerini inceledi.<\/p>\n<p>&nbsp;<\/p>\n<p>A\u00e7\u0131klamada g\u00f6r\u00fc\u015flerine yer verilen \u015eim\u015fek, Geminbeli T\u00fcneli in\u015faat\u0131n\u0131n bitti\u011fini, sadece asfalt kaplamas\u0131n\u0131n kald\u0131\u011f\u0131n\u0131 ifade etti.<\/p>\n<p>&nbsp;<\/p>\n<p>Ancak ba\u011flant\u0131 yollar\u0131ndaki \u00e7al\u0131\u015fmalar\u0131n devam etti\u011fini belirten \u015eim\u015fek, \u015funlar\u0131 kaydetti:<\/p>\n<p>&nbsp;<\/p>\n<p>&#8220;\u00d6zellikle Zara taraf\u0131ndaki 4,4 kilometrelik g\u00fczergahta yo\u011fun bir \u00e7al\u0131\u015fma s\u00f6z konusu. Projenin ba\u011flant\u0131 yollar\u0131ndaki \u00e7al\u0131\u015fmalar, b\u00f6lgenin zorlu co\u011frafi \u015fartlar\u0131 nedeniyle zaman zaman g\u00fc\u00e7l\u00fckle y\u00fcr\u00fct\u00fcl\u00fcyor. \u00c7\u00fcnk\u00fc bu g\u00fczergah, \u00e7etin co\u011frafyas\u0131 olan bir g\u00fczergah ve zaman zaman da heyelanlar oluyor. \u0130n\u015faatlar\u0131n yap\u0131m\u0131n\u0131 gerektiriyor. \u00d6zellikle fore kaz\u0131k gibi, plastik kaz\u0131k gibi, yine ta\u015f duvar gibi in\u015faatlar gerektiriyor. Bu da t\u00fcnelin gecikmesine sebebiyet veriyor. \u015eu anda ba\u011flant\u0131 yollar\u0131nda yo\u011fun bir \u00e7al\u0131\u015fma y\u00fcr\u00fct\u00fcl\u00fcyor. Bu h\u0131zla giderse \u00fcmit ediyorum ki bu t\u00fcnel, in\u015fallah k\u0131\u015f \u015fartlar\u0131 ba\u015flamadan bitmi\u015f olacak. Vatanda\u015f\u0131m\u0131z\u0131n hizmetine sunulmu\u015f olacak. Eme\u011fi ge\u00e7en t\u00fcm kurum ve kurulu\u015flara, karayollar\u0131m\u0131za, m\u00fcteahhit firmaya, m\u00fchendisinden i\u015f\u00e7isine herkese te\u015fekk\u00fcrlerimi sunuyorum.&#8221;<\/p>\n<p>&nbsp;<\/p>\n<p>\u0130ncelemeye, \u0130l \u00d6zel \u0130daresi Genel Sekreteri Halil \u0130brahim Ye\u015filyurt ve Karayollar\u0131 16. B\u00f6lge M\u00fcd\u00fcr\u00fc Yard\u0131mc\u0131s\u0131 Celil G\u00fcm\u00fc\u015fer de kat\u0131ld\u0131.<\/p>\n","protected":false},"excerpt":{"rendered":"<p>Sivas Valisi Y\u0131lmaz \u015eim\u015fek, Su\u015fehri ve Zara il\u00e7eleri aras\u0131nda yap\u0131m\u0131 devam eden Geminbeli T\u00fcneli&#8217;ndeki \u00e7al\u0131\u015fmalar\u0131&#8230;<\/p>\n","protected":false},"author":1,"featured_media":1252,"comment_status":"open","ping_status":"open","sticky":false,"template":"","format":"standard","meta":{"footnotes":""},"categories":[14],"tags":[],"class_list":["post-1258","post","type-post","status-publish","format-standard","has-post-thumbnail","hentry","category-son-dakika"],"_links":{"self":[{"href":"https:\/\/gundem44.com.tr\/index.php?rest_route=\/wp\/v2\/posts\/1258","targetHints":{"allow":["GET"]}}],"collection":[{"href":"https:\/\/gundem44.com.tr\/index.php?rest_route=\/wp\/v2\/posts"}],"about":[{"href":"https:\/\/gundem44.com.tr\/index.php?rest_route=\/wp\/v2\/types\/post"}],"author":[{"embeddable":true,"href":"https:\/\/gundem44.com.tr\/index.php?rest_route=\/wp\/v2\/users\/1"}],"replies":[{"embeddable":true,"href":"https:\/\/gundem44.com.tr\/index.php?rest_route=%2Fwp%2Fv2%2Fcomments&post=1258"}],"version-history":[{"count":0,"href":"https:\/\/gundem44.com.tr\/index.php?rest_route=\/wp\/v2\/posts\/1258\/revisions"}],"wp:featuredmedia":[{"embeddable":true,"href":"https:\/\/gundem44.com.tr\/index.php?rest_route=\/wp\/v2\/media\/1252"}],"wp:attachment":[{"href":"https:\/\/gundem44.com.tr\/index.php?rest_route=%2Fwp%2Fv2%2Fmedia&parent=1258"}],"wp:term":[{"taxonomy":"category","embeddable":true,"href":"https:\/\/gundem44.com.tr\/index.php?rest_route=%2Fwp%2Fv2%2Fcategories&post=1258"},{"taxonomy":"post_tag","embeddable":true,"href":"https:\/\/gundem44.com.tr\/index.php?rest_route=%2Fwp%2Fv2%2Ftags&post=1258"}],"curies":[{"name":"wp","href":"https:\/\/api.w.org\/{rel}","templated":true}]}}