{"id":1247,"date":"2026-08-13T13:27:14","date_gmt":"2026-08-13T13:27:14","guid":{"rendered":"https:\/\/gundem44.com.tr\/?p=1247"},"modified":"2026-08-13T13:27:15","modified_gmt":"2026-08-13T13:27:15","slug":"malatyanin-kayisi-agaclari-ekonomiye-ve-ekolojiye-katki-sagliyor","status":"publish","type":"post","link":"https:\/\/gundem44.com.tr\/?p=1247","title":{"rendered":"Malatya&#8217;n\u0131n Kay\u0131s\u0131 A\u011fa\u00e7lar\u0131 Ekonomiye ve Ekolojiye Katk\u0131 Sa\u011fl\u0131yor"},"content":{"rendered":"\n<p class=\"wp-block-paragraph\">T\u00fcrkiye&#8217;deki yakla\u015f\u0131k 17 milyon kay\u0131s\u0131 a\u011fac\u0131n\u0131n 9 milyona yak\u0131n\u0131n\u0131n bulundu\u011fu Malatya&#8217;da kay\u0131s\u0131 a\u011fa\u00e7lar\u0131, ekonomik de\u011ferinin yan\u0131 s\u0131ra kentin ye\u015fil varl\u0131\u011f\u0131na ve ekolojik dengeye de katk\u0131 sa\u011fl\u0131yor.<\/p>\n\n\n\n<p class=\"wp-block-paragraph\">Malatya&#8217;n\u0131n 13 il\u00e7esinde geni\u015f alanlarda yeti\u015ftirilen kay\u0131s\u0131, kent ekonomisinin \u00f6nemli ge\u00e7im kaynaklar\u0131 aras\u0131nda yer al\u0131yor. Meyvesiyle ekonomik de\u011fer olu\u015fturan a\u011fa\u00e7lar, ayn\u0131 zamanda b\u00f6lgenin ye\u015fil dokusunun \u00f6nemli unsurlar\u0131ndan biri olarak \u00f6ne \u00e7\u0131k\u0131yor.<\/p>\n\n\n\n<h2 class=\"wp-block-heading\">9 M\u0130LYONA YAKIN KAYISI A\u011eACI BULUNUYOR<\/h2>\n\n\n\n<p class=\"wp-block-paragraph\">Kentteki yakla\u015f\u0131k 16 milyon a\u011fa\u00e7 varl\u0131\u011f\u0131n\u0131n 9 milyona yak\u0131n\u0131 kay\u0131s\u0131 a\u011fa\u00e7lar\u0131ndan olu\u015fuyor.<\/p>\n\n\n\n<p class=\"wp-block-paragraph\">Verilen bilgilere g\u00f6re bir kay\u0131s\u0131 a\u011fac\u0131 y\u0131lda <strong>40 ila 60 kilogram karbon tutulumu<\/strong> sa\u011flayarak ekolojik dengeye katk\u0131da bulunuyor.<\/p>\n\n\n\n<p class=\"wp-block-paragraph\">Kay\u0131s\u0131 bah\u00e7elerinin kaplad\u0131\u011f\u0131 alan da y\u0131llar i\u00e7erisinde \u00f6nemli \u00f6l\u00e7\u00fcde geni\u015fledi. Uydu kay\u0131tlar\u0131n\u0131n al\u0131nmaya ba\u015fland\u0131\u011f\u0131 1984 y\u0131l\u0131nda yakla\u015f\u0131k <strong>350 kilometrekare<\/strong> olan kay\u0131s\u0131 alanlar\u0131, bug\u00fcn <strong>760 kilometrekareye<\/strong> ula\u015ft\u0131.<\/p>\n\n\n\n<h2 class=\"wp-block-heading\">KAYISI BAH\u00c7ELER\u0130 MALATYA&#8217;NIN YE\u015e\u0130L VARLI\u011eINI G\u00dc\u00c7LEND\u0130R\u0130YOR<\/h2>\n\n\n\n<p class=\"wp-block-paragraph\">\u0130n\u00f6n\u00fc \u00dcniversitesi Peyzaj Mimarl\u0131\u011f\u0131 B\u00f6l\u00fcm\u00fc \u00d6\u011fretim \u00dcyesi Prof. Dr. B\u00fclent Y\u0131lmaz, kentlerdeki a\u011fa\u00e7lar\u0131n karbon tutulumu a\u00e7\u0131s\u0131ndan \u00f6nemli oldu\u011funu belirtti.<\/p>\n\n\n\n<p class=\"wp-block-paragraph\">Kay\u0131s\u0131 a\u011fa\u00e7lar\u0131n\u0131n yaln\u0131zca meyve \u00fcretimi a\u00e7\u0131s\u0131ndan de\u011ferlendirilmemesi gerekti\u011fini ifade eden Y\u0131lmaz, a\u011fa\u00e7lar\u0131n Malatya&#8217;n\u0131n ye\u015fil varl\u0131\u011f\u0131na \u00f6nemli katk\u0131 sundu\u011funu s\u00f6yledi.<\/p>\n\n\n\n<p class=\"wp-block-paragraph\">Y\u0131lmaz, Do\u011fu Anadolu B\u00f6lgesi&#8217;nin orman varl\u0131\u011f\u0131 bak\u0131m\u0131ndan T\u00fcrkiye&#8217;nin daha zay\u0131f b\u00f6lgelerinden biri oldu\u011funu belirterek, kay\u0131s\u0131 a\u011fa\u00e7lar\u0131n\u0131n orman a\u011fac\u0131 olarak de\u011ferlendirilmesinin do\u011fru olmayaca\u011f\u0131n\u0131, ancak kentin ye\u015fil varl\u0131\u011f\u0131 a\u00e7\u0131s\u0131ndan \u00f6nemli bir de\u011fer olu\u015fturdu\u011funu ifade etti.<\/p>\n\n\n\n<h2 class=\"wp-block-heading\">KAYISI ALANLARI ORMAN ALANLARINA YAKLA\u015eTI<\/h2>\n\n\n\n<p class=\"wp-block-paragraph\">Uydu g\u00f6r\u00fcnt\u00fcleri \u00fczerinden 1984 y\u0131l\u0131ndan bu yana b\u00f6lgedeki ye\u015fil alanlar\u0131n incelendi\u011fini belirten Y\u0131lmaz, kay\u0131s\u0131 alanlar\u0131n\u0131n zaman i\u00e7erisinde ciddi \u015fekilde artt\u0131\u011f\u0131na dikkat \u00e7ekti.<\/p>\n\n\n\n<p class=\"wp-block-paragraph\">1984 y\u0131l\u0131nda kay\u0131s\u0131 a\u011fa\u00e7lar\u0131n\u0131n yakla\u015f\u0131k 350 kilometrekarelik alan kaplad\u0131\u011f\u0131n\u0131 belirten Y\u0131lmaz, ayn\u0131 d\u00f6nemde orman alanlar\u0131n\u0131n yakla\u015f\u0131k 470 kilometrekare oldu\u011funu s\u00f6yledi.<\/p>\n\n\n\n<p class=\"wp-block-paragraph\">Bug\u00fcn ise kay\u0131s\u0131 alanlar\u0131n\u0131n <strong>760 kilometrekareye<\/strong>, orman alanlar\u0131n\u0131n ise yakla\u015f\u0131k <strong>720 kilometrekareye<\/strong> ula\u015ft\u0131\u011f\u0131n\u0131 aktard\u0131.<\/p>\n\n\n\n<h2 class=\"wp-block-heading\">KENT\u0130N \u00c7EVRES\u0130NDE YE\u015e\u0130L KU\u015eAK OLU\u015eTURUYOR<\/h2>\n\n\n\n<p class=\"wp-block-paragraph\">Y\u0131lmaz, Malatya&#8217;n\u0131n farkl\u0131 b\u00f6lgelerinde bulunan kay\u0131s\u0131 bah\u00e7elerinin \u00f6nemli \u00f6l\u00e7\u00fcde ye\u015fil alan olu\u015fturdu\u011funu belirtti.<\/p>\n\n\n\n<p class=\"wp-block-paragraph\">Kent i\u00e7erisindeki geni\u015f kay\u0131s\u0131 alanlar\u0131n\u0131n, yap\u0131la\u015fm\u0131\u015f b\u00f6lgeler aras\u0131nda bulunmas\u0131 halinde kentin &#8220;akci\u011ferleri&#8221; olarak de\u011ferlendirilebilece\u011fini ifade eden Y\u0131lmaz, kent \u00e7evresindeki kay\u0131s\u0131 bah\u00e7elerinin ise daha \u00e7ok <strong>ye\u015fil ku\u015fak<\/strong> niteli\u011finde oldu\u011funu s\u00f6yledi.<\/p>\n\n\n\n<p class=\"wp-block-paragraph\">Malatya&#8217;n\u0131n tar\u0131msal kimli\u011finin \u00f6nemli bir par\u00e7as\u0131 olan kay\u0131s\u0131 bah\u00e7eleri, b\u00f6ylece hem ekonomik \u00fcretime hem de kentin ye\u015fil dokusuna katk\u0131 sa\u011flayan \u00f6nemli alanlar olarak \u00f6ne \u00e7\u0131k\u0131yor.<\/p>\n","protected":false},"excerpt":{"rendered":"<p>T\u00fcrkiye&#8217;deki yakla\u015f\u0131k 17 milyon kay\u0131s\u0131 a\u011fac\u0131n\u0131n 9 milyona yak\u0131n\u0131n\u0131n bulundu\u011fu Malatya&#8217;da kay\u0131s\u0131 a\u011fa\u00e7lar\u0131, ekonomik de\u011ferinin&#8230;<\/p>\n","protected":false},"author":1,"featured_media":1248,"comment_status":"open","ping_status":"open","sticky":false,"template":"","format":"standard","meta":{"footnotes":""},"categories":[18],"tags":[],"class_list":["post-1247","post","type-post","status-publish","format-standard","has-post-thumbnail","hentry","category-guncel"],"_links":{"self":[{"href":"https:\/\/gundem44.com.tr\/index.php?rest_route=\/wp\/v2\/posts\/1247","targetHints":{"allow":["GET"]}}],"collection":[{"href":"https:\/\/gundem44.com.tr\/index.php?rest_route=\/wp\/v2\/posts"}],"about":[{"href":"https:\/\/gundem44.com.tr\/index.php?rest_route=\/wp\/v2\/types\/post"}],"author":[{"embeddable":true,"href":"https:\/\/gundem44.com.tr\/index.php?rest_route=\/wp\/v2\/users\/1"}],"replies":[{"embeddable":true,"href":"https:\/\/gundem44.com.tr\/index.php?rest_route=%2Fwp%2Fv2%2Fcomments&post=1247"}],"version-history":[{"count":1,"href":"https:\/\/gundem44.com.tr\/index.php?rest_route=\/wp\/v2\/posts\/1247\/revisions"}],"predecessor-version":[{"id":1249,"href":"https:\/\/gundem44.com.tr\/index.php?rest_route=\/wp\/v2\/posts\/1247\/revisions\/1249"}],"wp:featuredmedia":[{"embeddable":true,"href":"https:\/\/gundem44.com.tr\/index.php?rest_route=\/wp\/v2\/media\/1248"}],"wp:attachment":[{"href":"https:\/\/gundem44.com.tr\/index.php?rest_route=%2Fwp%2Fv2%2Fmedia&parent=1247"}],"wp:term":[{"taxonomy":"category","embeddable":true,"href":"https:\/\/gundem44.com.tr\/index.php?rest_route=%2Fwp%2Fv2%2Fcategories&post=1247"},{"taxonomy":"post_tag","embeddable":true,"href":"https:\/\/gundem44.com.tr\/index.php?rest_route=%2Fwp%2Fv2%2Ftags&post=1247"}],"curies":[{"name":"wp","href":"https:\/\/api.w.org\/{rel}","templated":true}]}}