{"id":1243,"date":"2026-08-13T13:24:13","date_gmt":"2026-08-13T13:24:13","guid":{"rendered":"https:\/\/gundem44.com.tr\/?p=1243"},"modified":"2026-08-13T13:24:13","modified_gmt":"2026-08-13T13:24:13","slug":"malatya-hokey-takimi-turkiye-4uncusu-oldu","status":"publish","type":"post","link":"https:\/\/gundem44.com.tr\/?p=1243","title":{"rendered":"Malatya Hokey Tak\u0131m\u0131 T\u00fcrkiye 4\u2019\u00fcnc\u00fcs\u00fc Oldu"},"content":{"rendered":"\n<p class=\"wp-block-paragraph\">Malatya \u0130l Karmas\u0131 Erkek Hokey Tak\u0131m\u0131, U17 T\u00fcrkiye \u015eampiyonas\u0131&#8217;n\u0131 <strong>T\u00fcrkiye 4\u2019\u00fcnc\u00fcs\u00fc<\/strong> olarak tamamlayarak \u00f6nemli bir ba\u015far\u0131ya imza att\u0131. Turnuvada ba\u015far\u0131l\u0131 performans sergileyen 4 Malatyal\u0131 sporcu ise <strong>U18 Milli Tak\u0131m kamp\u0131na<\/strong> davet edildi.<\/p>\n\n\n\n<p class=\"wp-block-paragraph\">T\u00fcrkiye Hokey Federasyonu&#8217;nun 2026 y\u0131l\u0131 faaliyet program\u0131nda yer alan \u0130l Karmalar\u0131 U17 T\u00fcrkiye \u015eampiyonas\u0131 ve U18 Milli Tak\u0131m Se\u00e7meleri, <strong>4-10 A\u011fustos tarihleri aras\u0131nda K\u0131rklareli&#8217;nde<\/strong> ger\u00e7ekle\u015ftirildi.<\/p>\n\n\n\n<h2 class=\"wp-block-heading\">MALATYA T\u00dcRK\u0130YE 4\u2019\u00dcNC\u00dcS\u00dc OLDU<\/h2>\n\n\n\n<p class=\"wp-block-paragraph\">\u015eampiyonada m\u00fccadele eden Malatya \u0130l Karmas\u0131 Erkek Tak\u0131m\u0131, kar\u015f\u0131la\u015fmalardaki performans\u0131yla turnuvay\u0131 <strong>T\u00fcrkiye 4\u2019\u00fcnc\u00fcs\u00fc<\/strong> olarak tamamlad\u0131.<\/p>\n\n\n\n<p class=\"wp-block-paragraph\">Malatya ekibinin ba\u015far\u0131s\u0131n\u0131n yan\u0131 s\u0131ra, bireysel performanslar\u0131yla \u00f6ne \u00e7\u0131kan sporcular da milli tak\u0131m se\u00e7melerinde dikkat \u00e7ekti.<\/p>\n\n\n\n<h2 class=\"wp-block-heading\">4 SPORCU M\u0130LL\u0130 TAKIM KAMPINA DAVET ED\u0130LD\u0130<\/h2>\n\n\n\n<p class=\"wp-block-paragraph\">Turnuvada g\u00f6sterdikleri ba\u015far\u0131l\u0131 performans\u0131n ard\u0131ndan <strong>Sertan Ko\u00e7ak, Ege Zengi ve Eray U\u00e7ar<\/strong>, U18 Milli Tak\u0131m kamp\u0131na davet edildi.<\/p>\n\n\n\n<p class=\"wp-block-paragraph\">Kad\u0131n sporculardan <strong>Hayat Pekcan<\/strong> da U18 Milli Tak\u0131m se\u00e7melerindeki ba\u015far\u0131l\u0131 performans\u0131n\u0131n ard\u0131ndan milli tak\u0131m kamp\u0131na se\u00e7ildi.<\/p>\n\n\n\n<p class=\"wp-block-paragraph\">B\u00f6ylece Malatya&#8217;dan toplam <strong>4 sporcu<\/strong>, U18 Milli Tak\u0131m kamp\u0131nda yer alma hakk\u0131 kazand\u0131.<\/p>\n\n\n\n<p class=\"wp-block-paragraph\">Malatya Gen\u00e7lik ve Spor \u0130l M\u00fcd\u00fcrl\u00fc\u011f\u00fc, \u015fampiyonada kenti ba\u015far\u0131yla temsil eden sporcular\u0131 ve teknik ekibi tebrik ederek, milli tak\u0131m kamp\u0131na davet edilen sporculara ba\u015far\u0131lar diledi.<\/p>\n","protected":false},"excerpt":{"rendered":"<p>Malatya \u0130l Karmas\u0131 Erkek Hokey Tak\u0131m\u0131, U17 T\u00fcrkiye \u015eampiyonas\u0131&#8217;n\u0131 T\u00fcrkiye 4\u2019\u00fcnc\u00fcs\u00fc olarak tamamlayarak \u00f6nemli bir&#8230;<\/p>\n","protected":false},"author":1,"featured_media":1244,"comment_status":"open","ping_status":"open","sticky":false,"template":"","format":"standard","meta":{"footnotes":""},"categories":[15],"tags":[],"class_list":["post-1243","post","type-post","status-publish","format-standard","has-post-thumbnail","hentry","category-spor"],"_links":{"self":[{"href":"https:\/\/gundem44.com.tr\/index.php?rest_route=\/wp\/v2\/posts\/1243","targetHints":{"allow":["GET"]}}],"collection":[{"href":"https:\/\/gundem44.com.tr\/index.php?rest_route=\/wp\/v2\/posts"}],"about":[{"href":"https:\/\/gundem44.com.tr\/index.php?rest_route=\/wp\/v2\/types\/post"}],"author":[{"embeddable":true,"href":"https:\/\/gundem44.com.tr\/index.php?rest_route=\/wp\/v2\/users\/1"}],"replies":[{"embeddable":true,"href":"https:\/\/gundem44.com.tr\/index.php?rest_route=%2Fwp%2Fv2%2Fcomments&post=1243"}],"version-history":[{"count":1,"href":"https:\/\/gundem44.com.tr\/index.php?rest_route=\/wp\/v2\/posts\/1243\/revisions"}],"predecessor-version":[{"id":1245,"href":"https:\/\/gundem44.com.tr\/index.php?rest_route=\/wp\/v2\/posts\/1243\/revisions\/1245"}],"wp:featuredmedia":[{"embeddable":true,"href":"https:\/\/gundem44.com.tr\/index.php?rest_route=\/wp\/v2\/media\/1244"}],"wp:attachment":[{"href":"https:\/\/gundem44.com.tr\/index.php?rest_route=%2Fwp%2Fv2%2Fmedia&parent=1243"}],"wp:term":[{"taxonomy":"category","embeddable":true,"href":"https:\/\/gundem44.com.tr\/index.php?rest_route=%2Fwp%2Fv2%2Fcategories&post=1243"},{"taxonomy":"post_tag","embeddable":true,"href":"https:\/\/gundem44.com.tr\/index.php?rest_route=%2Fwp%2Fv2%2Ftags&post=1243"}],"curies":[{"name":"wp","href":"https:\/\/api.w.org\/{rel}","templated":true}]}}