{"id":1234,"date":"2026-08-13T13:04:42","date_gmt":"2026-08-13T13:04:42","guid":{"rendered":"https:\/\/gundem44.com.tr\/?p=1234"},"modified":"2026-08-13T13:04:43","modified_gmt":"2026-08-13T13:04:43","slug":"demirtas-eylulde-tahliye-mi-olacak-dem-partiden-aciklama","status":"publish","type":"post","link":"https:\/\/gundem44.com.tr\/?p=1234","title":{"rendered":"Demirta\u015f Eyl\u00fcl\u2019de Tahliye Mi Olacak? DEM Parti\u2019den A\u00e7\u0131klama"},"content":{"rendered":"\n<p class=\"wp-block-paragraph\">Meclis\u2019te kabul edilen \u00e7er\u00e7eve yasan\u0131n ard\u0131ndan eski HDP E\u015f Genel Ba\u015fkan\u0131 Selahattin Demirta\u015f\u2019\u0131n eyl\u00fcl ay\u0131nda tahliye edilece\u011fine y\u00f6nelik iddialar kamuoyunda geni\u015f yank\u0131 uyand\u0131rd\u0131. Konuyla ilgili a\u00e7\u0131klama yapan DEM Parti S\u00f6zc\u00fcs\u00fc Ay\u015feg\u00fcl Do\u011fan, kulis bilgileri yerine yasan\u0131n uygulanma takviminin takip edilmesi gerekti\u011fini s\u00f6yledi.<\/p>\n\n\n\n<h2 class=\"wp-block-heading\">\u201cUygulama Takvimi G\u00f6r\u00fclmeli\u201d<\/h2>\n\n\n\n<p class=\"wp-block-paragraph\">Ay\u015feg\u00fcl Do\u011fan, tahliye iddialar\u0131na ili\u015fkin de\u011ferlendirmesinde, yeni yasal d\u00fczenlemelerin nas\u0131l uygulanaca\u011f\u0131n\u0131n \u00f6nem ta\u015f\u0131d\u0131\u011f\u0131n\u0131 belirterek, ilgili kurullar\u0131n olu\u015fum s\u00fcreci ve \u00e7al\u0131\u015fma takviminin kamuoyuyla payla\u015f\u0131lmas\u0131 gerekti\u011fini ifade etti.<\/p>\n\n\n\n<p class=\"wp-block-paragraph\">Do\u011fan, Meclis\u2019ten ge\u00e7en d\u00fczenlemenin ard\u0131ndan uygulamaya y\u00f6nelik \u00e7al\u0131\u015fmalar\u0131n h\u0131zla ba\u015flayaca\u011f\u0131n\u0131 s\u00f6yledi.<\/p>\n\n\n\n<h2 class=\"wp-block-heading\">\u201cYeni Yasal D\u00fczenlemeye Gerek Yok\u201d<\/h2>\n\n\n\n<p class=\"wp-block-paragraph\">DEM Parti, Selahattin Demirta\u015f ve Figen Y\u00fcksekda\u011f\u2019\u0131n tutukluluklar\u0131n\u0131n devam\u0131 i\u00e7in hukuki gerek\u00e7e bulunmad\u0131\u011f\u0131n\u0131 savundu.<\/p>\n\n\n\n<p class=\"wp-block-paragraph\">Parti S\u00f6zc\u00fcs\u00fc Do\u011fan, Avrupa \u0130nsan Haklar\u0131 Mahkemesi kararlar\u0131n\u0131n ba\u011flay\u0131c\u0131 oldu\u011funu belirterek, bu kapsamda yeni bir yasal d\u00fczenleme yap\u0131lmas\u0131na ihtiya\u00e7 olmad\u0131\u011f\u0131n\u0131 ifade etti.<\/p>\n\n\n\n<h2 class=\"wp-block-heading\">A\u0130HM Kararlar\u0131na Vurgu<\/h2>\n\n\n\n<p class=\"wp-block-paragraph\">A\u00e7\u0131klamada, Avrupa \u0130nsan Haklar\u0131 Mahkemesi kararlar\u0131 do\u011frultusunda Demirta\u015f ve Y\u00fcksekda\u011f\u2019\u0131n \u00f6zg\u00fcrl\u00fcklerine kavu\u015fmalar\u0131 gerekti\u011fi y\u00f6n\u00fcndeki g\u00f6r\u00fc\u015f dile getirildi.<\/p>\n\n\n\n<p class=\"wp-block-paragraph\">Do\u011fan, yaln\u0131zca d\u00fc\u015f\u00fcncelerini ifade ettikleri ve siyaset yapt\u0131klar\u0131 gerek\u00e7esiyle cezaevinde bulunan ki\u015filerin tahliye edilmesi gerekti\u011fini belirterek, hakk\u0131nda A\u0130HM karar\u0131 bulunan isimlerin daha fazla tutuklu kalmamas\u0131 gerekti\u011fini s\u00f6yledi.<\/p>\n\n\n\n<h2 class=\"wp-block-heading\">Tahliye \u0130ddialar\u0131 G\u00fcndemde<\/h2>\n\n\n\n<p class=\"wp-block-paragraph\">Kamuoyunda Selahattin Demirta\u015f\u2019\u0131n eyl\u00fcl ay\u0131nda tahliye edilebilece\u011fine ili\u015fkin iddialar konu\u015fulurken, s\u00fcrecin nas\u0131l ilerleyece\u011fi ve yeni yasal d\u00fczenlemelerin nas\u0131l uygulanaca\u011f\u0131 \u00f6n\u00fcm\u00fczdeki d\u00f6nemde netlik kazanacak.<\/p>\n","protected":false},"excerpt":{"rendered":"<p>Meclis\u2019te kabul edilen \u00e7er\u00e7eve yasan\u0131n ard\u0131ndan eski HDP E\u015f Genel Ba\u015fkan\u0131 Selahattin Demirta\u015f\u2019\u0131n eyl\u00fcl ay\u0131nda&#8230;<\/p>\n","protected":false},"author":1,"featured_media":1235,"comment_status":"open","ping_status":"open","sticky":false,"template":"","format":"standard","meta":{"footnotes":""},"categories":[16],"tags":[],"class_list":["post-1234","post","type-post","status-publish","format-standard","has-post-thumbnail","hentry","category-politika"],"_links":{"self":[{"href":"https:\/\/gundem44.com.tr\/index.php?rest_route=\/wp\/v2\/posts\/1234","targetHints":{"allow":["GET"]}}],"collection":[{"href":"https:\/\/gundem44.com.tr\/index.php?rest_route=\/wp\/v2\/posts"}],"about":[{"href":"https:\/\/gundem44.com.tr\/index.php?rest_route=\/wp\/v2\/types\/post"}],"author":[{"embeddable":true,"href":"https:\/\/gundem44.com.tr\/index.php?rest_route=\/wp\/v2\/users\/1"}],"replies":[{"embeddable":true,"href":"https:\/\/gundem44.com.tr\/index.php?rest_route=%2Fwp%2Fv2%2Fcomments&post=1234"}],"version-history":[{"count":1,"href":"https:\/\/gundem44.com.tr\/index.php?rest_route=\/wp\/v2\/posts\/1234\/revisions"}],"predecessor-version":[{"id":1236,"href":"https:\/\/gundem44.com.tr\/index.php?rest_route=\/wp\/v2\/posts\/1234\/revisions\/1236"}],"wp:featuredmedia":[{"embeddable":true,"href":"https:\/\/gundem44.com.tr\/index.php?rest_route=\/wp\/v2\/media\/1235"}],"wp:attachment":[{"href":"https:\/\/gundem44.com.tr\/index.php?rest_route=%2Fwp%2Fv2%2Fmedia&parent=1234"}],"wp:term":[{"taxonomy":"category","embeddable":true,"href":"https:\/\/gundem44.com.tr\/index.php?rest_route=%2Fwp%2Fv2%2Fcategories&post=1234"},{"taxonomy":"post_tag","embeddable":true,"href":"https:\/\/gundem44.com.tr\/index.php?rest_route=%2Fwp%2Fv2%2Ftags&post=1234"}],"curies":[{"name":"wp","href":"https:\/\/api.w.org\/{rel}","templated":true}]}}