{"id":1212,"date":"2026-08-13T02:46:26","date_gmt":"2026-08-13T02:46:26","guid":{"rendered":"https:\/\/gundem44.com.tr\/?p=1212"},"modified":"2026-08-13T02:46:26","modified_gmt":"2026-08-13T02:46:26","slug":"bahceliden-terorsuz-turkiye-mesaji-hukuki-ve-idari-surecler-hizla-hayata-gecirilmeli","status":"publish","type":"post","link":"https:\/\/gundem44.com.tr\/?p=1212","title":{"rendered":"Bah\u00e7eli\u2019den \u201cTer\u00f6rs\u00fcz T\u00fcrkiye\u201d Mesaj\u0131: Hukuki ve \u0130dari S\u00fcre\u00e7ler H\u0131zla Hayata Ge\u00e7irilmeli"},"content":{"rendered":"\n<p class=\"wp-block-paragraph\"><strong>MHP Genel Ba\u015fkan\u0131 Devlet Bah\u00e7eli, TBMM Genel Kurulu\u2019nda 467 oyla kabul edilen \u00e7er\u00e7eve yasan\u0131n ard\u0131ndan yapt\u0131\u011f\u0131 a\u00e7\u0131klamada, \u201cTer\u00f6rs\u00fcz T\u00fcrkiye\u201d hedefinin hukuki zemine kavu\u015ftu\u011funu belirtti. Bah\u00e7eli, PKK\u2019n\u0131n feshi ve silahlar\u0131n teslim edilmesinin ard\u0131ndan \u00f6ng\u00f6r\u00fclen hukuki ve idari s\u00fcre\u00e7lerin vakit kaybedilmeden ba\u015flat\u0131lmas\u0131 \u00e7a\u011fr\u0131s\u0131nda bulundu.<\/strong><\/p>\n\n\n\n<p class=\"wp-block-paragraph\">MHP Genel Ba\u015fkan\u0131 <strong>Devlet Bah\u00e7eli<\/strong>, TBMM Genel Kurulu\u2019nda kabul edilen <strong>Milli Dayan\u0131\u015fma ve Toplumsal B\u00fct\u00fcnle\u015fmenin G\u00fc\u00e7lendirilmesine Dair Kanun<\/strong> sonras\u0131nda yaz\u0131l\u0131 bir a\u00e7\u0131klama yapt\u0131.<\/p>\n\n\n\n<p class=\"wp-block-paragraph\">Bah\u00e7eli, a\u00e7\u0131klamas\u0131nda yasan\u0131n kabul edilmesini \u201cTer\u00f6rs\u00fcz T\u00fcrkiye\u201d hedefi a\u00e7\u0131s\u0131ndan \u00f6nemli bir a\u015fama olarak de\u011ferlendirdi. S\u00fcrecin bundan sonraki b\u00f6l\u00fcm\u00fcnde hukuki ve idari mekanizmalar\u0131n h\u0131zl\u0131 \u015fekilde i\u015fletilmesi gerekti\u011fini vurgulad\u0131.<\/p>\n\n\n\n<h3 class=\"wp-block-heading\">\u201cKAYBEDECEK VAKT\u0130M\u0130Z YOKTUR\u201d<\/h3>\n\n\n\n<p class=\"wp-block-paragraph\">Bah\u00e7eli, kanunun y\u00fcr\u00fcrl\u00fc\u011fe girmesinin ard\u0131ndan \u00f6ng\u00f6r\u00fclen hukuki ve idari s\u00fcre\u00e7lerin <strong>m\u00fcmk\u00fcn olan en k\u0131sa s\u00fcrede hayata ge\u00e7irilmesi gerekti\u011fini<\/strong> belirtti.<\/p>\n\n\n\n<p class=\"wp-block-paragraph\">Kurumlar aras\u0131nda yetki ve koordinasyon bo\u015flu\u011fu olu\u015fmamas\u0131 gerekti\u011fini ifade eden Bah\u00e7eli, ortaya \u00e7\u0131kan f\u0131rsat\u0131n farkl\u0131 siyasi s\u00f6ylemlerin istismar alan\u0131na d\u00f6n\u00fc\u015fmesine izin verilmemesi \u00e7a\u011fr\u0131s\u0131nda bulundu.<\/p>\n\n\n\n<h3 class=\"wp-block-heading\">\u201c\u00dcN\u0130TER YAPI M\u00dcZAKERE KONUSU OLAMAZ\u201d<\/h3>\n\n\n\n<p class=\"wp-block-paragraph\">Bah\u00e7eli a\u00e7\u0131klamas\u0131nda, T\u00fcrkiye Cumhuriyeti Devleti\u2019nin \u00fcniter yap\u0131s\u0131, milli egemenlik ve \u00fclkenin b\u00f6l\u00fcnmez b\u00fct\u00fcnl\u00fc\u011f\u00fcn\u00fcn herhangi bir m\u00fczakerenin konusu yap\u0131lamayaca\u011f\u0131n\u0131 vurgulad\u0131.<\/p>\n\n\n\n<p class=\"wp-block-paragraph\">Kabul edilen d\u00fczenlemenin, ter\u00f6r \u00f6rg\u00fct\u00fcn\u00fcn fiili varl\u0131\u011f\u0131n\u0131n sona ermesi, silah ve m\u00fchimmat\u0131n teslim edilmesi ve \u00f6rg\u00fctsel komuta kapasitesinin ortadan kald\u0131r\u0131lmas\u0131n\u0131n yetkili kurumlarca tespit edilmesinin ard\u0131ndan uygulanacak hukuki mekanizmalar\u0131 i\u00e7erdi\u011fini belirtti.<\/p>\n\n\n\n<h3 class=\"wp-block-heading\">TER\u00d6RS\u00dcZ T\u00dcRK\u0130YE VURGUSU<\/h3>\n\n\n\n<p class=\"wp-block-paragraph\">Bah\u00e7eli, \u201cTer\u00f6rs\u00fcz T\u00fcrkiye\u201d hedefinin yaln\u0131zca g\u00fcvenlik boyutuyla ele al\u0131nmamas\u0131 gerekti\u011fini savundu. Ter\u00f6r\u00fcn yeniden ortaya \u00e7\u0131kabilece\u011fi siyasi, sosyal ve jeopolitik zeminin ortadan kald\u0131r\u0131lmas\u0131n\u0131n da s\u00fcrecin \u00f6nemli unsurlar\u0131ndan oldu\u011funu ifade etti.<\/p>\n\n\n\n<p class=\"wp-block-paragraph\">A\u00e7\u0131klamas\u0131nda ekonomik ve sosyal kalk\u0131nmaya da dikkat \u00e7eken Bah\u00e7eli, ter\u00f6rden etkilenen b\u00f6lgelerin <strong>yat\u0131r\u0131m, \u00fcretim, sanayi, tar\u0131m, turizm, e\u011fitim ve istihdam<\/strong> imkanlar\u0131yla bulu\u015fturulmas\u0131 gerekti\u011fini belirtti.<\/p>\n\n\n\n<h3 class=\"wp-block-heading\">\u201cYEN\u0130 B\u0130R SAFHANIN BA\u015eLANGICI\u201d<\/h3>\n\n\n\n<p class=\"wp-block-paragraph\">Yasan\u0131n kabul edilmesini s\u00fcrecin sonu olarak g\u00f6rmedi\u011fini belirten Bah\u00e7eli, bunun hukuki ve idari a\u00e7\u0131dan yeni bir d\u00f6nemin ba\u015flang\u0131c\u0131 oldu\u011funu ifade etti.<\/p>\n\n\n\n<p class=\"wp-block-paragraph\">Bah\u00e7eli, a\u00e7\u0131klamas\u0131n\u0131n sonunda T\u00fcrkiye\u2019nin ter\u00f6rden tamamen ar\u0131nd\u0131r\u0131lmas\u0131 temennisinde bulunarak, \u015fehitleri rahmet ve minnetle, gazileri ise h\u00fcrmet ve \u015f\u00fckranla and\u0131.<\/p>\n","protected":false},"excerpt":{"rendered":"<p>MHP Genel Ba\u015fkan\u0131 Devlet Bah\u00e7eli, TBMM Genel Kurulu\u2019nda 467 oyla kabul edilen \u00e7er\u00e7eve yasan\u0131n ard\u0131ndan&#8230;<\/p>\n","protected":false},"author":1,"featured_media":1213,"comment_status":"open","ping_status":"open","sticky":false,"template":"","format":"standard","meta":{"footnotes":""},"categories":[16],"tags":[],"class_list":["post-1212","post","type-post","status-publish","format-standard","has-post-thumbnail","hentry","category-politika"],"_links":{"self":[{"href":"https:\/\/gundem44.com.tr\/index.php?rest_route=\/wp\/v2\/posts\/1212","targetHints":{"allow":["GET"]}}],"collection":[{"href":"https:\/\/gundem44.com.tr\/index.php?rest_route=\/wp\/v2\/posts"}],"about":[{"href":"https:\/\/gundem44.com.tr\/index.php?rest_route=\/wp\/v2\/types\/post"}],"author":[{"embeddable":true,"href":"https:\/\/gundem44.com.tr\/index.php?rest_route=\/wp\/v2\/users\/1"}],"replies":[{"embeddable":true,"href":"https:\/\/gundem44.com.tr\/index.php?rest_route=%2Fwp%2Fv2%2Fcomments&post=1212"}],"version-history":[{"count":1,"href":"https:\/\/gundem44.com.tr\/index.php?rest_route=\/wp\/v2\/posts\/1212\/revisions"}],"predecessor-version":[{"id":1214,"href":"https:\/\/gundem44.com.tr\/index.php?rest_route=\/wp\/v2\/posts\/1212\/revisions\/1214"}],"wp:featuredmedia":[{"embeddable":true,"href":"https:\/\/gundem44.com.tr\/index.php?rest_route=\/wp\/v2\/media\/1213"}],"wp:attachment":[{"href":"https:\/\/gundem44.com.tr\/index.php?rest_route=%2Fwp%2Fv2%2Fmedia&parent=1212"}],"wp:term":[{"taxonomy":"category","embeddable":true,"href":"https:\/\/gundem44.com.tr\/index.php?rest_route=%2Fwp%2Fv2%2Fcategories&post=1212"},{"taxonomy":"post_tag","embeddable":true,"href":"https:\/\/gundem44.com.tr\/index.php?rest_route=%2Fwp%2Fv2%2Ftags&post=1212"}],"curies":[{"name":"wp","href":"https:\/\/api.w.org\/{rel}","templated":true}]}}