{"id":1204,"date":"2026-08-13T02:23:57","date_gmt":"2026-08-13T02:23:57","guid":{"rendered":"https:\/\/gundem44.com.tr\/?p=1204"},"modified":"2026-08-13T02:23:57","modified_gmt":"2026-08-13T02:23:57","slug":"motorinde-otv-duzenlemesi-resmi-gazetede-agustos-sonuna-kadar-sifirlandi","status":"publish","type":"post","link":"https:\/\/gundem44.com.tr\/?p=1204","title":{"rendered":"Motorinde \u00d6TV D\u00fczenlemesi Resmi Gazete\u2019de: A\u011fustos Sonuna Kadar S\u0131f\u0131rland\u0131"},"content":{"rendered":"\n<p class=\"wp-block-paragraph\">Motorin t\u00fcr\u00fc akaryak\u0131t \u00fcr\u00fcnlerinde uygulanan \u00d6zel T\u00fcketim Vergisi (\u00d6TV) tutarlar\u0131n\u0131n yeniden belirlenmesine ili\u015fkin <strong>Cumhurba\u015fkan\u0131 Karar\u0131 Resmi Gazete\u2019de yay\u0131mland\u0131.<\/strong> D\u00fczenlemeyle motorinde \u00d6TV a\u011fustos ay\u0131n\u0131n sonuna kadar s\u0131f\u0131rlan\u0131rken, eyl\u00fcl ay\u0131ndan itibaren kademeli olarak art\u0131r\u0131lacak.<\/p>\n\n\n\n<h2 class=\"wp-block-heading\">A\u011fustos Sonuna Kadar \u00d6TV S\u0131f\u0131r<\/h2>\n\n\n\n<p class=\"wp-block-paragraph\">Cumhurba\u015fkan\u0131 Recep Tayyip Erdo\u011fan\u2019\u0131n imzas\u0131yla yay\u0131mlanan karara g\u00f6re, motorin t\u00fcr\u00fc akaryak\u0131t \u00fcr\u00fcnlerinde <strong>13-31 A\u011fustos 2026<\/strong> tarihleri aras\u0131nda litre ba\u015f\u0131na \u00d6TV tutar\u0131 <strong>0 TL<\/strong> olarak uygulanacak.<\/p>\n\n\n\n<h2 class=\"wp-block-heading\">Eyl\u00fcl Ay\u0131ndan \u0130tibaren Kademeli Art\u0131\u015f<\/h2>\n\n\n\n<p class=\"wp-block-paragraph\">Yeni d\u00fczenlemeyle motorinde \u00d6TV tutar\u0131n\u0131n aylara g\u00f6re kademeli \u015fekilde art\u0131r\u0131lmas\u0131 planland\u0131.<\/p>\n\n\n\n<figure class=\"wp-block-table\"><table class=\"has-fixed-layout\"><thead><tr><th>D\u00f6nem<\/th><th>Litre ba\u015f\u0131na \u00d6TV<\/th><\/tr><\/thead><tbody><tr><td>13-31 A\u011fustos 2026<\/td><td><strong>0 TL<\/strong><\/td><\/tr><tr><td>Eyl\u00fcl 2026<\/td><td><strong>3 TL<\/strong><\/td><\/tr><tr><td>Ekim 2026<\/td><td><strong>6 TL<\/strong><\/td><\/tr><tr><td>Kas\u0131m 2026<\/td><td><strong>9 TL<\/strong><\/td><\/tr><tr><td>Aral\u0131k 2026<\/td><td><strong>12 TL<\/strong><\/td><\/tr><tr><td>1 Ocak 2027\u2019den itibaren<\/td><td><strong>13,9006 TL<\/strong><\/td><\/tr><\/tbody><\/table><\/figure>\n\n\n\n<h3 class=\"wp-block-heading\">Motorin Fiyatlar\u0131n\u0131 Etkileyecek<\/h3>\n\n\n\n<p class=\"wp-block-paragraph\">D\u00fczenlemeyle birlikte motorinde \u00d6TV a\u011fustos sonuna kadar s\u0131f\u0131r uygulanacak. Eyl\u00fcl ay\u0131ndan itibaren ise vergi tutar\u0131n\u0131n her ay kademeli olarak y\u00fckselmesiyle birlikte motorin fiyatlar\u0131 \u00fczerindeki vergi y\u00fck\u00fcn\u00fcn de artmas\u0131 bekleniyor.<\/p>\n\n\n\n<p class=\"wp-block-paragraph\"><strong>Kaynak: Resmi Gazete \/ Cumhurba\u015fkan\u0131 Karar\u0131<\/strong><\/p>\n","protected":false},"excerpt":{"rendered":"<p>Motorin t\u00fcr\u00fc akaryak\u0131t \u00fcr\u00fcnlerinde uygulanan \u00d6zel T\u00fcketim Vergisi (\u00d6TV) tutarlar\u0131n\u0131n yeniden belirlenmesine ili\u015fkin Cumhurba\u015fkan\u0131 Karar\u0131&#8230;<\/p>\n","protected":false},"author":1,"featured_media":1205,"comment_status":"open","ping_status":"open","sticky":false,"template":"","format":"standard","meta":{"footnotes":""},"categories":[36],"tags":[],"class_list":["post-1204","post","type-post","status-publish","format-standard","has-post-thumbnail","hentry","category-ekonomi"],"_links":{"self":[{"href":"https:\/\/gundem44.com.tr\/index.php?rest_route=\/wp\/v2\/posts\/1204","targetHints":{"allow":["GET"]}}],"collection":[{"href":"https:\/\/gundem44.com.tr\/index.php?rest_route=\/wp\/v2\/posts"}],"about":[{"href":"https:\/\/gundem44.com.tr\/index.php?rest_route=\/wp\/v2\/types\/post"}],"author":[{"embeddable":true,"href":"https:\/\/gundem44.com.tr\/index.php?rest_route=\/wp\/v2\/users\/1"}],"replies":[{"embeddable":true,"href":"https:\/\/gundem44.com.tr\/index.php?rest_route=%2Fwp%2Fv2%2Fcomments&post=1204"}],"version-history":[{"count":1,"href":"https:\/\/gundem44.com.tr\/index.php?rest_route=\/wp\/v2\/posts\/1204\/revisions"}],"predecessor-version":[{"id":1206,"href":"https:\/\/gundem44.com.tr\/index.php?rest_route=\/wp\/v2\/posts\/1204\/revisions\/1206"}],"wp:featuredmedia":[{"embeddable":true,"href":"https:\/\/gundem44.com.tr\/index.php?rest_route=\/wp\/v2\/media\/1205"}],"wp:attachment":[{"href":"https:\/\/gundem44.com.tr\/index.php?rest_route=%2Fwp%2Fv2%2Fmedia&parent=1204"}],"wp:term":[{"taxonomy":"category","embeddable":true,"href":"https:\/\/gundem44.com.tr\/index.php?rest_route=%2Fwp%2Fv2%2Fcategories&post=1204"},{"taxonomy":"post_tag","embeddable":true,"href":"https:\/\/gundem44.com.tr\/index.php?rest_route=%2Fwp%2Fv2%2Ftags&post=1204"}],"curies":[{"name":"wp","href":"https:\/\/api.w.org\/{rel}","templated":true}]}}