{"id":1196,"date":"2026-08-11T01:23:01","date_gmt":"2026-08-11T01:23:01","guid":{"rendered":"https:\/\/gundem44.com.tr\/?p=1196"},"modified":"2026-08-11T01:23:02","modified_gmt":"2026-08-11T01:23:02","slug":"iste-tbmmde-kabul-edilen-12-maddelik-cerceve-yasa","status":"publish","type":"post","link":"https:\/\/gundem44.com.tr\/?p=1196","title":{"rendered":"\u0130\u015fte TBMM&#8217;de Kabul Edilen 12 Maddelik \u00c7er\u00e7eve Yasa"},"content":{"rendered":"\n<p class=\"wp-block-paragraph\">\u201cTer\u00f6rs\u00fcz T\u00fcrkiye\u201d s\u00fcreci kapsam\u0131nda haz\u0131rlanan <strong>Mill\u00ee Dayan\u0131\u015fma ve Toplumsal B\u00fct\u00fcnle\u015fmenin G\u00fc\u00e7lendirilmesine Dair Kanun Teklifi<\/strong>, TBMM Genel Kurulu&#8217;nda kabul edilerek yasala\u015ft\u0131. Yakla\u015f\u0131k 12 saat s\u00fcren g\u00f6r\u00fc\u015fmelerin ard\u0131ndan d\u00fczenleme <strong>467 kabul, 87 ret ve 7 \u00e7ekimser oyla<\/strong> Meclis&#8217;ten ge\u00e7ti.<\/p>\n\n\n\n<p class=\"wp-block-paragraph\">12 maddelik d\u00fczenleme, PKK\/KCK ter\u00f6r \u00f6rg\u00fct\u00fcn\u00fcn fiili varl\u0131\u011f\u0131na son vermesi ve kontrol\u00fcndeki silah ve m\u00fchimmat\u0131 teslim etmesinin g\u00fcvenlik kurumlar\u0131nca tespit edilmesi ve bu tespitin Milli G\u00fcvenlik Kurulu karar\u0131yla teyit edilmesi \u015fart\u0131na ba\u011fl\u0131 olarak \u00e7e\u015fitli soru\u015fturma, kovu\u015fturma ve infaz s\u00fcre\u00e7lerini d\u00fczenliyor.<\/p>\n\n\n\n<h2 class=\"wp-block-heading\">MADDE 1: KAPSAM VE AMA\u00c7<\/h2>\n\n\n\n<p class=\"wp-block-paragraph\">Yasan\u0131n amac\u0131, PKK\/KCK ter\u00f6r \u00f6rg\u00fct\u00fcn\u00fcn ve ba\u011flant\u0131l\u0131 olu\u015fumlar\u0131n\u0131n fiili varl\u0131\u011f\u0131na son vermesi ve silahlar\u0131n\u0131 teslim etmesinin teyit edilmesinin ard\u0131ndan uygulanacak hukuki s\u00fcre\u00e7leri belirlemek.<\/p>\n\n\n\n<p class=\"wp-block-paragraph\">D\u00fczenleme; \u00f6rg\u00fct\u00fc kurma veya y\u00f6netme, \u00f6rg\u00fcte \u00fcye olma, bilerek ve isteyerek yard\u0131m etme, \u00f6rg\u00fct propagandas\u0131 yapma ve \u00f6rg\u00fct faaliyeti kapsam\u0131nda i\u015flenen belirli su\u00e7lar\u0131 kaps\u0131yor.<\/p>\n\n\n\n<h2 class=\"wp-block-heading\">MADDE 2: TANIMLAR<\/h2>\n\n\n\n<p class=\"wp-block-paragraph\">Kanunda \u201c\u00f6rg\u00fct\u201d ifadesi PKK\/KCK ter\u00f6r \u00f6rg\u00fct\u00fc ve ba\u011fl\u0131 olu\u015fumlar\u0131n\u0131, \u201cKurul\u201d ifadesi ise kanunun 7. maddesinde olu\u015fturulacak kurulu ifade ediyor.<\/p>\n\n\n\n<h2 class=\"wp-block-heading\">MADDE 3: SORU\u015eTURMA VE KOVU\u015eTURMALARIN ERTELENMES\u0130<\/h2>\n\n\n\n<p class=\"wp-block-paragraph\">\u00d6rg\u00fct\u00fcn fiili varl\u0131\u011f\u0131na son verdi\u011finin ve silahlar\u0131n\u0131 teslim etti\u011finin tespit edilmesi ve bu durumun MGK karar\u0131yla teyit edilerek Resmi Gazete&#8217;de yay\u0131mlanmas\u0131 halinde, kapsam dahilindeki baz\u0131 soru\u015fturma ve kovu\u015fturmalar ertelenecek.<\/p>\n\n\n\n<p class=\"wp-block-paragraph\">\u00dcst s\u0131n\u0131r\u0131 15 y\u0131l veya daha az hapis cezas\u0131n\u0131 gerektiren su\u00e7larda soru\u015fturma ve kovu\u015fturmalar <strong>5 y\u0131l<\/strong>, 15 y\u0131ldan fazla hapis cezas\u0131 ile m\u00fcebbet veya a\u011f\u0131rla\u015ft\u0131r\u0131lm\u0131\u015f m\u00fcebbet hapis cezas\u0131n\u0131 gerektiren su\u00e7larda ise <strong>10 y\u0131l<\/strong> s\u00fcreyle ertelenecek.<\/p>\n\n\n\n<p class=\"wp-block-paragraph\">Kasten \u00f6ld\u00fcrme su\u00e7lar\u0131 ile 1 Haziran 2005&#8217;ten \u00f6nce i\u015flenen ve m\u00fcebbet veya a\u011f\u0131rla\u015ft\u0131r\u0131lm\u0131\u015f m\u00fcebbet hapis cezas\u0131 gerektiren su\u00e7lar kapsam d\u0131\u015f\u0131nda tutuluyor.<\/p>\n\n\n\n<p class=\"wp-block-paragraph\">Erteleme s\u00fcresince dava zamana\u015f\u0131m\u0131 i\u015flemeyecek.<\/p>\n\n\n\n<h2 class=\"wp-block-heading\">MADDE 4: KORUMA TEDB\u0130RLER\u0130 VE DOSYALAR<\/h2>\n\n\n\n<p class=\"wp-block-paragraph\">Erteleme kapsam\u0131na giren su\u00e7larla ilgili tutuklama ve adli kontrol tedbirleri, ilgili hakim veya mahkemeler taraf\u0131ndan yeniden de\u011ferlendirilecek.<\/p>\n\n\n\n<p class=\"wp-block-paragraph\">Ko\u015fullar\u0131n olu\u015fmas\u0131 halinde bu tedbirlerin kald\u0131r\u0131lmas\u0131na karar verilebilecek.<\/p>\n\n\n\n<p class=\"wp-block-paragraph\">\u0130stinaf veya temyiz a\u015famas\u0131ndaki dosyalar hakk\u0131nda ise bozma karar\u0131 verilecek.<\/p>\n\n\n\n<h2 class=\"wp-block-heading\">MADDE 5: YEN\u0130DEN SU\u00c7 \u0130\u015eLENMES\u0130<\/h2>\n\n\n\n<p class=\"wp-block-paragraph\">Erteleme s\u00fcresi i\u00e7erisinde ter\u00f6r su\u00e7lar\u0131ndan birinin yeniden i\u015flenmesi halinde erteleme karar\u0131 kald\u0131r\u0131lacak ve soru\u015fturma veya kovu\u015fturmaya devam edilecek.<\/p>\n\n\n\n<p class=\"wp-block-paragraph\">Mahkumiyet halinde cezan\u0131n infaz\u0131 yeniden ertelenmeyecek.<\/p>\n\n\n\n<p class=\"wp-block-paragraph\">Belirlenen s\u00fcre herhangi bir ter\u00f6r su\u00e7u i\u015flenmeden ge\u00e7irilirse kovu\u015fturmaya yer olmad\u0131\u011f\u0131 veya davan\u0131n d\u00fc\u015fmesi karar\u0131 verilecek.<\/p>\n\n\n\n<h2 class=\"wp-block-heading\">MADDE 6: MAHKUM\u0130YET H\u00dcK\u00dcMLER\u0130N\u0130N \u0130NFAZININ ERTELENMES\u0130<\/h2>\n\n\n\n<p class=\"wp-block-paragraph\">Kapsama giren su\u00e7lardan mahkum olanlar i\u00e7in de belirli \u015fartlarla infaz ertelemesi getiriliyor.<\/p>\n\n\n\n<p class=\"wp-block-paragraph\">Toplam <strong>15 y\u0131l veya daha az<\/strong> hapis cezas\u0131na mahkum olanlar\u0131n cezalar\u0131n\u0131n infaz\u0131 <strong>5 y\u0131l<\/strong>, 15 y\u0131ldan fazla hapis cezas\u0131 ile m\u00fcebbet veya a\u011f\u0131rla\u015ft\u0131r\u0131lm\u0131\u015f m\u00fcebbet hapis cezas\u0131na mahkum olanlar\u0131n infaz\u0131 ise <strong>10 y\u0131l<\/strong> s\u00fcreyle ertelenebilecek.<\/p>\n\n\n\n<p class=\"wp-block-paragraph\">\u00d6rg\u00fct faaliyeti \u00e7er\u00e7evesinde i\u015flenen kasten \u00f6ld\u00fcrme su\u00e7lar\u0131ndan mahkum olanlar ile 1 Haziran 2005&#8217;ten \u00f6nce i\u015flenen baz\u0131 su\u00e7lardan m\u00fcebbet veya a\u011f\u0131rla\u015ft\u0131r\u0131lm\u0131\u015f m\u00fcebbet hapis cezas\u0131 alanlar bu d\u00fczenlemenin d\u0131\u015f\u0131nda tutuluyor.<\/p>\n\n\n\n<p class=\"wp-block-paragraph\">Erteleme s\u00fcresi i\u00e7erisinde yeniden ter\u00f6r su\u00e7u i\u015flenmesi halinde infaz ertelemesi kald\u0131r\u0131lacak.<\/p>\n\n\n\n<h2 class=\"wp-block-heading\">MADDE 7: TAK\u0130P VE KOORD\u0130NASYON KURULU<\/h2>\n\n\n\n<p class=\"wp-block-paragraph\">Kanunun uygulanmas\u0131n\u0131 takip etmek ve de\u011ferlendirmek \u00fczere Cumhurba\u015fkan\u0131 Yard\u0131mc\u0131s\u0131n\u0131n ba\u015fkanl\u0131\u011f\u0131nda bir kurul olu\u015fturulacak.<\/p>\n\n\n\n<p class=\"wp-block-paragraph\">Kurulda;<\/p>\n\n\n\n<p class=\"wp-block-paragraph\">Adalet Bakan\u0131,<br>D\u0131\u015fi\u015fleri Bakan\u0131,<br>\u0130\u00e7i\u015fleri Bakan\u0131,<br>Milli Savunma Bakan\u0131,<br>Cumhurba\u015fkanl\u0131\u011f\u0131 Genel Sekreteri,<br>Milli \u0130stihbarat Te\u015fkilat\u0131 Ba\u015fkan\u0131<br>ve Milli G\u00fcvenlik Kurulu Genel Sekreteri<\/p>\n\n\n\n<p class=\"wp-block-paragraph\">yer alacak.<\/p>\n\n\n\n<p class=\"wp-block-paragraph\">\u0130htiya\u00e7 halinde alt komisyonlar olu\u015fturulabilecek ve ilgili kurumlar\u0131n temsilcileri toplant\u0131lara davet edilebilecek.<\/p>\n\n\n\n<h2 class=\"wp-block-heading\">MADDE 8: S\u0130LAH VE MALZEMELER KAYIT ALTINA ALINACAK<\/h2>\n\n\n\n<p class=\"wp-block-paragraph\">\u00d6rg\u00fct mensuplar\u0131n\u0131n beraberinde getirdi\u011fi veya beyan etti\u011fi silah, m\u00fchimmat, ara\u00e7, gere\u00e7, patlay\u0131c\u0131 madde ve di\u011fer malzemeler kay\u0131t alt\u0131na al\u0131nacak.<\/p>\n\n\n\n<p class=\"wp-block-paragraph\">Bu i\u015flemlerin usul ve esaslar\u0131, g\u00fcvenlik kurumlar\u0131n\u0131n g\u00f6r\u00fc\u015fleri al\u0131narak \u0130\u00e7i\u015fleri Bakanl\u0131\u011f\u0131 ve Milli Savunma Bakanl\u0131\u011f\u0131 taraf\u0131ndan belirlenecek.<\/p>\n\n\n\n<h2 class=\"wp-block-heading\">MADDE 9: BA\u015eVURU S\u00dcRES\u0130<\/h2>\n\n\n\n<p class=\"wp-block-paragraph\">MGK karar\u0131n\u0131n Resmi Gazete&#8217;de yay\u0131mlanmas\u0131n\u0131n ard\u0131ndan, d\u00fczenlemeden yararlanmak isteyen ki\u015filere <strong>6 ayl\u0131k ba\u015fvuru s\u00fcresi<\/strong> tan\u0131nacak.<\/p>\n\n\n\n<p class=\"wp-block-paragraph\">Ba\u015fvurular bulunduklar\u0131 yerdeki Cumhuriyet ba\u015fsavc\u0131l\u0131klar\u0131na veya Kurul taraf\u0131ndan g\u00f6revlendirilecek kurumlara yaz\u0131l\u0131 olarak yap\u0131labilecek.<\/p>\n\n\n\n<h2 class=\"wp-block-heading\">MADDE 10: G\u00d6REV VE YASAL G\u00dcVENCE<\/h2>\n\n\n\n<p class=\"wp-block-paragraph\">Kanun kapsam\u0131nda verilen g\u00f6revlerin kamu kurum ve kurulu\u015flar\u0131nca h\u0131zl\u0131 \u015fekilde yerine getirilmesi \u00f6ng\u00f6r\u00fcl\u00fcyor.<\/p>\n\n\n\n<p class=\"wp-block-paragraph\">D\u00fczenleme kapsam\u0131nda verilen g\u00f6revleri yerine getiren ki\u015filerin, bu g\u00f6revleri nedeniyle hukuki, idari veya cezai sorumlulu\u011funun do\u011fmayaca\u011f\u0131 h\u00fckme ba\u011flan\u0131yor.<\/p>\n\n\n\n<h2 class=\"wp-block-heading\">MADDE 11: Y\u00dcR\u00dcRL\u00dcK<\/h2>\n\n\n\n<p class=\"wp-block-paragraph\">Kanunun y\u00fcr\u00fcrl\u00fc\u011fe ili\u015fkin d\u00fczenlemesini i\u00e7eriyor.<\/p>\n\n\n\n<h2 class=\"wp-block-heading\">MADDE 12: Y\u00dcR\u00dcTME<\/h2>\n\n\n\n<p class=\"wp-block-paragraph\">Kanunun y\u00fcr\u00fct\u00fclmesine ili\u015fkin h\u00fckm\u00fc i\u00e7eriyor.<\/p>\n\n\n\n<h2 class=\"wp-block-heading\">YASANIN TEMEL \u015eARTI NE?<\/h2>\n\n\n\n<p class=\"wp-block-paragraph\">D\u00fczenlemenin uygulanmas\u0131ndaki temel \u015fart, <strong>PKK\/KCK&#8217;n\u0131n fiili varl\u0131\u011f\u0131na son vermesi ve kontrol\u00fcndeki silah ve m\u00fchimmat\u0131 teslim etmesinin g\u00fcvenlik kurumlar\u0131nca tespit edilmesi<\/strong>.<\/p>\n\n\n\n<p class=\"wp-block-paragraph\">Bu tespitin Milli G\u00fcvenlik Kurulu taraf\u0131ndan teyit edilmesi ve karar\u0131n <strong>Resmi Gazete&#8217;de yay\u0131mlanmas\u0131<\/strong> gerekiyor.<\/p>\n\n\n\n<p class=\"wp-block-paragraph\">Yasa, bu \u015fartlar\u0131n ger\u00e7ekle\u015fmesinin ard\u0131ndan soru\u015fturma, kovu\u015fturma ve infaz s\u00fcre\u00e7lerinde belirli s\u00fcrelerle erteleme mekanizmalar\u0131 \u00f6ng\u00f6r\u00fcyor.<\/p>\n","protected":false},"excerpt":{"rendered":"<p>\u201cTer\u00f6rs\u00fcz T\u00fcrkiye\u201d s\u00fcreci kapsam\u0131nda haz\u0131rlanan Mill\u00ee Dayan\u0131\u015fma ve Toplumsal B\u00fct\u00fcnle\u015fmenin G\u00fc\u00e7lendirilmesine Dair Kanun Teklifi, TBMM&#8230;<\/p>\n","protected":false},"author":1,"featured_media":1190,"comment_status":"open","ping_status":"open","sticky":false,"template":"","format":"standard","meta":{"footnotes":""},"categories":[18],"tags":[],"class_list":["post-1196","post","type-post","status-publish","format-standard","has-post-thumbnail","hentry","category-guncel"],"_links":{"self":[{"href":"https:\/\/gundem44.com.tr\/index.php?rest_route=\/wp\/v2\/posts\/1196","targetHints":{"allow":["GET"]}}],"collection":[{"href":"https:\/\/gundem44.com.tr\/index.php?rest_route=\/wp\/v2\/posts"}],"about":[{"href":"https:\/\/gundem44.com.tr\/index.php?rest_route=\/wp\/v2\/types\/post"}],"author":[{"embeddable":true,"href":"https:\/\/gundem44.com.tr\/index.php?rest_route=\/wp\/v2\/users\/1"}],"replies":[{"embeddable":true,"href":"https:\/\/gundem44.com.tr\/index.php?rest_route=%2Fwp%2Fv2%2Fcomments&post=1196"}],"version-history":[{"count":1,"href":"https:\/\/gundem44.com.tr\/index.php?rest_route=\/wp\/v2\/posts\/1196\/revisions"}],"predecessor-version":[{"id":1197,"href":"https:\/\/gundem44.com.tr\/index.php?rest_route=\/wp\/v2\/posts\/1196\/revisions\/1197"}],"wp:featuredmedia":[{"embeddable":true,"href":"https:\/\/gundem44.com.tr\/index.php?rest_route=\/wp\/v2\/media\/1190"}],"wp:attachment":[{"href":"https:\/\/gundem44.com.tr\/index.php?rest_route=%2Fwp%2Fv2%2Fmedia&parent=1196"}],"wp:term":[{"taxonomy":"category","embeddable":true,"href":"https:\/\/gundem44.com.tr\/index.php?rest_route=%2Fwp%2Fv2%2Fcategories&post=1196"},{"taxonomy":"post_tag","embeddable":true,"href":"https:\/\/gundem44.com.tr\/index.php?rest_route=%2Fwp%2Fv2%2Ftags&post=1196"}],"curies":[{"name":"wp","href":"https:\/\/api.w.org\/{rel}","templated":true}]}}