{"id":1189,"date":"2026-08-11T01:10:07","date_gmt":"2026-08-11T01:10:07","guid":{"rendered":"https:\/\/gundem44.com.tr\/?p=1189"},"modified":"2026-08-11T01:10:08","modified_gmt":"2026-08-11T01:10:08","slug":"terorsuz-turkiye-yasasi-meclisten-gecti-oy-dagiliminda-yeni-partide-buyuk-catlak","status":"publish","type":"post","link":"https:\/\/gundem44.com.tr\/?p=1189","title":{"rendered":"&#8220;Ter\u00f6rs\u00fcz T\u00fcrkiye&#8221; Yasas\u0131 Meclis&#8217;ten Ge\u00e7ti: Oy Da\u011f\u0131l\u0131m\u0131nda YEN\u0130 Parti&#8217;de B\u00fcy\u00fck \u00c7atlak"},"content":{"rendered":"\n<p class=\"wp-block-paragraph\"><strong>TBMM Genel Kurulu&#8217;nda &#8220;Ter\u00f6rs\u00fcz T\u00fcrkiye&#8221; s\u00fcrecinin yasal altyap\u0131s\u0131n\u0131 olu\u015fturan &#8220;Mill\u00ee Dayan\u0131\u015fma ve Toplumsal B\u00fct\u00fcnle\u015fmenin G\u00fc\u00e7lendirilmesine Dair Kanun Teklifi&#8221; kabul edilerek yasala\u015ft\u0131. 31 milletvekilinin kat\u0131lmad\u0131\u011f\u0131 oylamada 467 kabul, 87 ret ve 7 \u00e7ekimser oy kullan\u0131ld\u0131. Oylama sonu\u00e7lar\u0131nda \u00f6zellikle YEN\u0130 Parti grubundaki ayr\u0131\u015fma dikkat \u00e7ekti.<\/strong><\/p>\n\n\n\n<h2 class=\"wp-block-heading\">YEN\u0130 PART\u0130&#8217;DE 54 RET OYU<\/h2>\n\n\n\n<p class=\"wp-block-paragraph\">Oylaman\u0131n en dikkat \u00e7eken sonucu YEN\u0130 Parti grubunda ortaya \u00e7\u0131kt\u0131. Genel Ba\u015fkan \u00d6zg\u00fcr \u00d6zel ve parti y\u00f6netiminin &#8220;evet&#8221; y\u00f6n\u00fcnde oy kullanaca\u011f\u0131n\u0131 a\u00e7\u0131klamas\u0131n\u0131n ard\u0131ndan milletvekillerinin serbest b\u0131rak\u0131ld\u0131\u011f\u0131 oylamada, 91 milletvekilinden 54&#8217;\u00fc ret oyu verdi.<\/p>\n\n\n\n<p class=\"wp-block-paragraph\">Aralar\u0131nda Veli A\u011fbaba, Mahmut Tanal ve Cemal Enginyurt&#8217;un da bulundu\u011fu 54 milletvekili d\u00fczenlemeye &#8220;hay\u0131r&#8221; dedi. YEN\u0130 Parti&#8217;de 35 milletvekili kabul oyu kullan\u0131rken, 2 milletvekili oylamaya kat\u0131lmad\u0131.<\/p>\n\n\n\n<p class=\"wp-block-paragraph\">Bu sonu\u00e7, yasa oylamas\u0131nda YEN\u0130 Parti i\u00e7erisinde ya\u015fanan g\u00f6r\u00fc\u015f ayr\u0131l\u0131\u011f\u0131n\u0131 a\u00e7\u0131k \u015fekilde ortaya koydu.<\/p>\n\n\n\n<h2 class=\"wp-block-heading\">CHP&#8217;DE \u0130K\u0130 RET OYU<\/h2>\n\n\n\n<p class=\"wp-block-paragraph\">CHP grubunda ise 29 kabul ve 2 ret oyu \u00e7\u0131kt\u0131.<\/p>\n\n\n\n<p class=\"wp-block-paragraph\">Oylama \u00f6ncesinde d\u00fczenlemeye &#8220;hay\u0131r&#8221; diyece\u011fini a\u00e7\u0131klayan \u0130stanbul Milletvekili \u0130lhan Kesici&#8217;nin ard\u0131ndan CHP&#8217;deki ikinci ret oyunun kime ait oldu\u011fu merak konusu oldu.<\/p>\n\n\n\n<p class=\"wp-block-paragraph\">Genel Ba\u015fkan Kemal K\u0131l\u0131\u00e7daro\u011flu&#8217;nun &#8220;Teredd\u00fcts\u00fcz destek&#8221; mesaj\u0131na ra\u011fmen 14 CHP milletvekilinin oylamaya kat\u0131lmamas\u0131 da dikkat \u00e7eken bir di\u011fer geli\u015fme oldu.<\/p>\n\n\n\n<h2 class=\"wp-block-heading\">\u0130Y\u0130 PART\u0130 TAM KADRO RET OYU VERD\u0130<\/h2>\n\n\n\n<p class=\"wp-block-paragraph\">D\u00fczenlemeye ba\u015f\u0131ndan beri kar\u015f\u0131 \u00e7\u0131kan \u0130Y\u0130 Parti ise oylamada blok halinde hareket etti.<\/p>\n\n\n\n<p class=\"wp-block-paragraph\">Partinin Meclis grubundaki 29 milletvekilinin tamam\u0131 ret oyu kulland\u0131. \u0130Y\u0130 Parti&#8217;den kabul veya \u00e7ekimser oy \u00e7\u0131kmazken, oylamaya kat\u0131lmayan milletvekili de olmad\u0131.<\/p>\n\n\n\n<h2 class=\"wp-block-heading\">OYLAMANIN KES\u0130N SONUCU<\/h2>\n\n\n\n<p class=\"wp-block-paragraph\">TBMM Genel Kurulu&#8217;ndaki a\u00e7\u0131k oylamada:<\/p>\n\n\n\n<p class=\"wp-block-paragraph\"><strong>467 kabul<\/strong><br><strong>87 ret<\/strong><br><strong>7 \u00e7ekimser<\/strong><br><strong>31 milletvekili oylamaya kat\u0131lmad\u0131<\/strong><\/p>\n\n\n\n<p class=\"wp-block-paragraph\">D\u00fczenleme, gerekli oy \u00e7o\u011funlu\u011funa ula\u015farak TBMM Genel Kurulu&#8217;nda kabul edildi ve yasala\u015ft\u0131.<\/p>\n\n\n\n<p class=\"wp-block-paragraph\">#Ter\u00f6rs\u00fczT\u00fcrkiye #TBMM #Meclis #YEN\u0130Parti #CHP #\u0130Y\u0130Parti #\u00d6zg\u00fcr\u00d6zel #KemalK\u0131l\u0131\u00e7daro\u011flu #\u0130lhanKesici #Siyaset #T\u00fcrkiye #G\u00fcndem #SonDakika #Politika #MeclisG\u00fcndemi<\/p>\n","protected":false},"excerpt":{"rendered":"<p>TBMM Genel Kurulu&#8217;nda &#8220;Ter\u00f6rs\u00fcz T\u00fcrkiye&#8221; s\u00fcrecinin yasal altyap\u0131s\u0131n\u0131 olu\u015fturan &#8220;Mill\u00ee Dayan\u0131\u015fma ve Toplumsal B\u00fct\u00fcnle\u015fmenin G\u00fc\u00e7lendirilmesine&#8230;<\/p>\n","protected":false},"author":1,"featured_media":1190,"comment_status":"open","ping_status":"open","sticky":false,"template":"","format":"standard","meta":{"footnotes":""},"categories":[18],"tags":[],"class_list":["post-1189","post","type-post","status-publish","format-standard","has-post-thumbnail","hentry","category-guncel"],"_links":{"self":[{"href":"https:\/\/gundem44.com.tr\/index.php?rest_route=\/wp\/v2\/posts\/1189","targetHints":{"allow":["GET"]}}],"collection":[{"href":"https:\/\/gundem44.com.tr\/index.php?rest_route=\/wp\/v2\/posts"}],"about":[{"href":"https:\/\/gundem44.com.tr\/index.php?rest_route=\/wp\/v2\/types\/post"}],"author":[{"embeddable":true,"href":"https:\/\/gundem44.com.tr\/index.php?rest_route=\/wp\/v2\/users\/1"}],"replies":[{"embeddable":true,"href":"https:\/\/gundem44.com.tr\/index.php?rest_route=%2Fwp%2Fv2%2Fcomments&post=1189"}],"version-history":[{"count":1,"href":"https:\/\/gundem44.com.tr\/index.php?rest_route=\/wp\/v2\/posts\/1189\/revisions"}],"predecessor-version":[{"id":1191,"href":"https:\/\/gundem44.com.tr\/index.php?rest_route=\/wp\/v2\/posts\/1189\/revisions\/1191"}],"wp:featuredmedia":[{"embeddable":true,"href":"https:\/\/gundem44.com.tr\/index.php?rest_route=\/wp\/v2\/media\/1190"}],"wp:attachment":[{"href":"https:\/\/gundem44.com.tr\/index.php?rest_route=%2Fwp%2Fv2%2Fmedia&parent=1189"}],"wp:term":[{"taxonomy":"category","embeddable":true,"href":"https:\/\/gundem44.com.tr\/index.php?rest_route=%2Fwp%2Fv2%2Fcategories&post=1189"},{"taxonomy":"post_tag","embeddable":true,"href":"https:\/\/gundem44.com.tr\/index.php?rest_route=%2Fwp%2Fv2%2Ftags&post=1189"}],"curies":[{"name":"wp","href":"https:\/\/api.w.org\/{rel}","templated":true}]}}