{"id":1175,"date":"2026-08-10T10:08:01","date_gmt":"2026-08-10T10:08:01","guid":{"rendered":"https:\/\/gundem44.com.tr\/?p=1175"},"modified":"2026-08-10T10:08:01","modified_gmt":"2026-08-10T10:08:01","slug":"cansever-son-yolculuguna-memleketinden-ugurlanacak","status":"publish","type":"post","link":"https:\/\/gundem44.com.tr\/?p=1175","title":{"rendered":"Cansever Son Yolculu\u011funa Memleketinden U\u011furlanacak"},"content":{"rendered":"\n<p class=\"wp-block-paragraph\"><strong>KUZEY MAKEDONYA<\/strong> \u2013 Almanya\u2019da tedavi g\u00f6rd\u00fc\u011f\u00fc hastanede hayat\u0131n\u0131 kaybeden arabesk m\u00fczi\u011fin sevilen isimlerinden <strong>Cansever\u2019in cenaze program\u0131 belli oldu.<\/strong> Ge\u00e7ti\u011fimiz hafta sonu ge\u00e7irdi\u011fi enfeksiyon nedeniyle yeniden hastaneye kald\u0131r\u0131lan sanat\u00e7\u0131, doktorlar\u0131n t\u00fcm m\u00fcdahalelerine ra\u011fmen ya\u015fam\u0131n\u0131 yitirdi.<\/p>\n\n\n\n<h3 class=\"wp-block-heading\">VELES\u2019TE SON YOLCULU\u011eUNA U\u011eURLANACAK<\/h3>\n\n\n\n<p class=\"wp-block-paragraph\">Cansever i\u00e7in cenaze t\u00f6reni, <strong>12 A\u011fustos \u00c7ar\u015famba g\u00fcn\u00fc Kuzey Makedonya\u2019n\u0131n Veles kentindeki Fazl\u0131 Ahmet Pa\u015fa Camii\u2019nde<\/strong> d\u00fczenlenecek.<\/p>\n\n\n\n<p class=\"wp-block-paragraph\">Sanat\u00e7\u0131n\u0131n cenaze namaz\u0131n\u0131n <strong>\u00f6\u011fle namaz\u0131n\u0131n ard\u0131ndan<\/strong> k\u0131l\u0131naca\u011f\u0131 bildirildi.<\/p>\n\n\n\n<h3 class=\"wp-block-heading\">A\u0130LE MEZARLI\u011eINA DEFNED\u0130LECEK<\/h3>\n\n\n\n<p class=\"wp-block-paragraph\">Arabesk m\u00fczi\u011fin sevilen ismi Cansever, cenaze namaz\u0131n\u0131n ard\u0131ndan <strong>Veles\u2019te bulunan aile mezarl\u0131\u011f\u0131nda<\/strong> topra\u011fa verilecek.<\/p>\n\n\n\n<p class=\"wp-block-paragraph\">Cansever\u2019in vefat\u0131, sevenleri ve m\u00fczik camias\u0131nda b\u00fcy\u00fck \u00fcz\u00fcnt\u00fc yaratt\u0131.<\/p>\n","protected":false},"excerpt":{"rendered":"<p>KUZEY MAKEDONYA \u2013 Almanya\u2019da tedavi g\u00f6rd\u00fc\u011f\u00fc hastanede hayat\u0131n\u0131 kaybeden arabesk m\u00fczi\u011fin sevilen isimlerinden Cansever\u2019in cenaze&#8230;<\/p>\n","protected":false},"author":1,"featured_media":1176,"comment_status":"open","ping_status":"open","sticky":false,"template":"","format":"standard","meta":{"footnotes":""},"categories":[34],"tags":[],"class_list":["post-1175","post","type-post","status-publish","format-standard","has-post-thumbnail","hentry","category-magazin"],"_links":{"self":[{"href":"https:\/\/gundem44.com.tr\/index.php?rest_route=\/wp\/v2\/posts\/1175","targetHints":{"allow":["GET"]}}],"collection":[{"href":"https:\/\/gundem44.com.tr\/index.php?rest_route=\/wp\/v2\/posts"}],"about":[{"href":"https:\/\/gundem44.com.tr\/index.php?rest_route=\/wp\/v2\/types\/post"}],"author":[{"embeddable":true,"href":"https:\/\/gundem44.com.tr\/index.php?rest_route=\/wp\/v2\/users\/1"}],"replies":[{"embeddable":true,"href":"https:\/\/gundem44.com.tr\/index.php?rest_route=%2Fwp%2Fv2%2Fcomments&post=1175"}],"version-history":[{"count":1,"href":"https:\/\/gundem44.com.tr\/index.php?rest_route=\/wp\/v2\/posts\/1175\/revisions"}],"predecessor-version":[{"id":1177,"href":"https:\/\/gundem44.com.tr\/index.php?rest_route=\/wp\/v2\/posts\/1175\/revisions\/1177"}],"wp:featuredmedia":[{"embeddable":true,"href":"https:\/\/gundem44.com.tr\/index.php?rest_route=\/wp\/v2\/media\/1176"}],"wp:attachment":[{"href":"https:\/\/gundem44.com.tr\/index.php?rest_route=%2Fwp%2Fv2%2Fmedia&parent=1175"}],"wp:term":[{"taxonomy":"category","embeddable":true,"href":"https:\/\/gundem44.com.tr\/index.php?rest_route=%2Fwp%2Fv2%2Fcategories&post=1175"},{"taxonomy":"post_tag","embeddable":true,"href":"https:\/\/gundem44.com.tr\/index.php?rest_route=%2Fwp%2Fv2%2Ftags&post=1175"}],"curies":[{"name":"wp","href":"https:\/\/api.w.org\/{rel}","templated":true}]}}