{"id":1170,"date":"2026-08-10T10:00:33","date_gmt":"2026-08-10T10:00:33","guid":{"rendered":"https:\/\/gundem44.com.tr\/?p=1170"},"modified":"2026-08-10T10:00:34","modified_gmt":"2026-08-10T10:00:34","slug":"kilicdaroglu-tereddutsuz-destek-dedi-chpde-ilk-fire-geldi-ilhan-kesici-hayir-diyecek","status":"publish","type":"post","link":"https:\/\/gundem44.com.tr\/?p=1170","title":{"rendered":"K\u0131l\u0131\u00e7daro\u011flu \u201cTeredd\u00fcts\u00fcz Destek\u201d Dedi, CHP\u2019de \u0130lk Fire Geldi: \u0130lhan Kesici \u201cHay\u0131r\u201d Diyecek"},"content":{"rendered":"\n<p class=\"wp-block-paragraph\"><strong>ANKARA<\/strong> \u2013 CHP Genel Ba\u015fkan\u0131 Kemal K\u0131l\u0131\u00e7daro\u011flu\u2019nun \u201cTer\u00f6rs\u00fcz T\u00fcrkiye\u201d s\u00fcrecine y\u00f6nelik \u201cteredd\u00fcts\u00fcz katk\u0131 verece\u011fiz\u201d a\u00e7\u0131klamas\u0131n\u0131n ard\u0131ndan CHP \u0130stanbul Milletvekili \u0130lhan Kesici\u2019den dikkat \u00e7eken bir \u00e7\u0131k\u0131\u015f geldi. Kesici, TBMM Genel Kurulu\u2019nda g\u00f6r\u00fc\u015f\u00fclmesi beklenen <strong>\u201cMill\u00ee Dayan\u0131\u015fma ve Toplumsal B\u00fct\u00fcnle\u015fmenin G\u00fc\u00e7lendirilmesine Dair Kanun Teklifi\u201d<\/strong> i\u00e7in <strong>\u201chay\u0131r\u201d oyu kullanaca\u011f\u0131n\u0131<\/strong> a\u00e7\u0131klad\u0131.<\/p>\n\n\n\n<figure class=\"wp-block-image size-full\"><img loading=\"lazy\" decoding=\"async\" width=\"640\" height=\"248\" src=\"https:\/\/gundem44.com.tr\/wp-content\/uploads\/2026\/08\/kilicdaroglu-tereddutsuz-deste-20130959-2840_1_m.webp\" alt=\"\" class=\"wp-image-1172\" srcset=\"https:\/\/gundem44.com.tr\/wp-content\/uploads\/2026\/08\/kilicdaroglu-tereddutsuz-deste-20130959-2840_1_m.webp 640w, https:\/\/gundem44.com.tr\/wp-content\/uploads\/2026\/08\/kilicdaroglu-tereddutsuz-deste-20130959-2840_1_m-300x116.webp 300w\" sizes=\"auto, (max-width: 640px) 100vw, 640px\" \/><\/figure>\n\n\n\n<h3 class=\"wp-block-heading\">\u201cOYUMUN RENG\u0130 A\u00c7IK: HAYIR\u201d<\/h3>\n\n\n\n<p class=\"wp-block-paragraph\">Kesici, sosyal medya hesab\u0131ndan yapt\u0131\u011f\u0131 a\u00e7\u0131klamada karar\u0131n\u0131n net oldu\u011funu belirterek, teklif i\u00e7in \u201chay\u0131r\u201d oyu verece\u011fini duyurdu.<\/p>\n\n\n\n<p class=\"wp-block-paragraph\">Kesici, a\u00e7\u0131klamas\u0131nda \u015fu ifadeleri kulland\u0131:<\/p>\n\n\n\n<blockquote class=\"wp-block-quote is-layout-flow wp-block-quote-is-layout-flow\">\n<p class=\"wp-block-paragraph\">\u201cTBMM\u2019de yar\u0131n (10\/11 A\u011fustos 2026) g\u00f6r\u00fc\u015f\u00fclecek ve oylanacak olan \u2018Mill\u00ee Dayan\u0131\u015fma ve Toplumsal B\u00fct\u00fcnle\u015fmenin G\u00fc\u00e7lendirilmesine Dair Kanun Teklifi\u2019ne \u2018HAYIR\u2019 oyu verece\u011fimi kamuoyuna sayg\u0131lar\u0131mla arz ederim.\u201d<\/p>\n<\/blockquote>\n\n\n\n<figure class=\"wp-block-image size-full\"><img loading=\"lazy\" decoding=\"async\" width=\"640\" height=\"359\" src=\"https:\/\/gundem44.com.tr\/wp-content\/uploads\/2026\/08\/kilicdaroglu-tereddutsuz-deste-20130959-3702_1_m.jpg\" alt=\"\" class=\"wp-image-1173\" srcset=\"https:\/\/gundem44.com.tr\/wp-content\/uploads\/2026\/08\/kilicdaroglu-tereddutsuz-deste-20130959-3702_1_m.jpg 640w, https:\/\/gundem44.com.tr\/wp-content\/uploads\/2026\/08\/kilicdaroglu-tereddutsuz-deste-20130959-3702_1_m-300x168.jpg 300w\" sizes=\"auto, (max-width: 640px) 100vw, 640px\" \/><\/figure>\n\n\n\n<h3 class=\"wp-block-heading\">\u201cT\u00dcRK\u0130YE CUMHUR\u0130YET\u0130 ULUS DEVLET-\u00dcN\u0130TER DEVLETT\u0130R\u201d<\/h3>\n\n\n\n<p class=\"wp-block-paragraph\">T\u00fcrkiye Cumhuriyeti&#8217;nin devlet yap\u0131s\u0131na vurgu yapan Kesici, teklifin Cumhuriyet&#8217;in temel vas\u0131flar\u0131n\u0131 zedeleyebilecek unsurlar ta\u015f\u0131d\u0131\u011f\u0131 g\u00f6r\u00fc\u015f\u00fcn\u00fc dile getirdi.<\/p>\n\n\n\n<p class=\"wp-block-paragraph\">Kesici, <strong>\u201cT\u00fcrkiye Cumhuriyeti \u00e7ok b\u00fcy\u00fck bedeller \u00f6denerek kurulmu\u015f bir \u2018Ulus Devlet-\u00dcniter Devlet\u2019tir\u201d<\/strong> ifadelerini kulland\u0131.<\/p>\n\n\n\n<p class=\"wp-block-paragraph\">Teklifin hem mevcut haliyle hem de s\u00fcrecin ilerleyen a\u015famalar\u0131nda Cumhuriyet&#8217;in bu temel niteli\u011fini zedeleyebilecek unsurlar ta\u015f\u0131d\u0131\u011f\u0131na inand\u0131\u011f\u0131n\u0131 belirten Kesici, buna r\u0131za g\u00f6stermeyece\u011fini ifade etti.<\/p>\n\n\n\n<h3 class=\"wp-block-heading\">\u201cM\u0130LLETVEK\u0130L\u0130 YEM\u0130N\u0130ME SADAKAT\u0130M TAMDIR\u201d<\/h3>\n\n\n\n<p class=\"wp-block-paragraph\">CHP \u0130stanbul Milletvekili \u0130lhan Kesici, karar\u0131n\u0131n milletvekili yeminiyle de ba\u011flant\u0131l\u0131 oldu\u011funu belirterek, <strong>T\u00fcrkiye Cumhuriyeti Anayasas\u0131&#8217;n\u0131n 81. maddesi uyar\u0131nca etti\u011fi milletvekili yeminine sadakatinin tam oldu\u011funu<\/strong> s\u00f6yledi.<\/p>\n\n\n\n<p class=\"wp-block-paragraph\">Kesici, a\u00e7\u0131klamas\u0131n\u0131 <strong>\u201cBu sebeple oyumun rengi a\u00e7\u0131kt\u0131r: HAYIR\u201d<\/strong> s\u00f6zleriyle tamamlad\u0131.<\/p>\n\n\n\n<h3 class=\"wp-block-heading\">KILI\u00c7DARO\u011eLU \u201cTEREDD\u00dcTS\u00dcZ KATKI VERECE\u011e\u0130Z\u201d DEM\u0130\u015eT\u0130<\/h3>\n\n\n\n<p class=\"wp-block-paragraph\">CHP Genel Ba\u015fkan\u0131 Kemal K\u0131l\u0131\u00e7daro\u011flu, daha \u00f6nce \u201cTer\u00f6rs\u00fcz T\u00fcrkiye\u201d s\u00fcrecine ili\u015fkin yapt\u0131\u011f\u0131 a\u00e7\u0131klamada, <strong>\u201cBu s\u00fcrece teredd\u00fcts\u00fcz katk\u0131 verece\u011fiz\u201d<\/strong> mesaj\u0131n\u0131 vermi\u015fti.<\/p>\n\n\n\n<p class=\"wp-block-paragraph\">\u0130lhan Kesici\u2019nin \u201chay\u0131r\u201d a\u00e7\u0131klamas\u0131, parti y\u00f6netiminin s\u00fcre\u00e7teki tutumuyla CHP i\u00e7erisindeki milletvekillerinin yakla\u015f\u0131m\u0131 aras\u0131nda g\u00f6r\u00fc\u015f ayr\u0131l\u0131\u011f\u0131 bulundu\u011funu ortaya koyan dikkat \u00e7ekici bir geli\u015fme olarak de\u011ferlendirildi.<\/p>\n","protected":false},"excerpt":{"rendered":"<p>ANKARA \u2013 CHP Genel Ba\u015fkan\u0131 Kemal K\u0131l\u0131\u00e7daro\u011flu\u2019nun \u201cTer\u00f6rs\u00fcz T\u00fcrkiye\u201d s\u00fcrecine y\u00f6nelik \u201cteredd\u00fcts\u00fcz katk\u0131 verece\u011fiz\u201d a\u00e7\u0131klamas\u0131n\u0131n&#8230;<\/p>\n","protected":false},"author":1,"featured_media":1171,"comment_status":"open","ping_status":"open","sticky":false,"template":"","format":"standard","meta":{"footnotes":""},"categories":[16],"tags":[],"class_list":["post-1170","post","type-post","status-publish","format-standard","has-post-thumbnail","hentry","category-politika"],"_links":{"self":[{"href":"https:\/\/gundem44.com.tr\/index.php?rest_route=\/wp\/v2\/posts\/1170","targetHints":{"allow":["GET"]}}],"collection":[{"href":"https:\/\/gundem44.com.tr\/index.php?rest_route=\/wp\/v2\/posts"}],"about":[{"href":"https:\/\/gundem44.com.tr\/index.php?rest_route=\/wp\/v2\/types\/post"}],"author":[{"embeddable":true,"href":"https:\/\/gundem44.com.tr\/index.php?rest_route=\/wp\/v2\/users\/1"}],"replies":[{"embeddable":true,"href":"https:\/\/gundem44.com.tr\/index.php?rest_route=%2Fwp%2Fv2%2Fcomments&post=1170"}],"version-history":[{"count":1,"href":"https:\/\/gundem44.com.tr\/index.php?rest_route=\/wp\/v2\/posts\/1170\/revisions"}],"predecessor-version":[{"id":1174,"href":"https:\/\/gundem44.com.tr\/index.php?rest_route=\/wp\/v2\/posts\/1170\/revisions\/1174"}],"wp:featuredmedia":[{"embeddable":true,"href":"https:\/\/gundem44.com.tr\/index.php?rest_route=\/wp\/v2\/media\/1171"}],"wp:attachment":[{"href":"https:\/\/gundem44.com.tr\/index.php?rest_route=%2Fwp%2Fv2%2Fmedia&parent=1170"}],"wp:term":[{"taxonomy":"category","embeddable":true,"href":"https:\/\/gundem44.com.tr\/index.php?rest_route=%2Fwp%2Fv2%2Fcategories&post=1170"},{"taxonomy":"post_tag","embeddable":true,"href":"https:\/\/gundem44.com.tr\/index.php?rest_route=%2Fwp%2Fv2%2Ftags&post=1170"}],"curies":[{"name":"wp","href":"https:\/\/api.w.org\/{rel}","templated":true}]}}