{"id":1157,"date":"2026-08-10T09:34:28","date_gmt":"2026-08-10T09:34:28","guid":{"rendered":"https:\/\/gundem44.com.tr\/?p=1157"},"modified":"2026-08-10T09:34:29","modified_gmt":"2026-08-10T09:34:29","slug":"ilkay-cicek-chpden-istifa-etti-savunma-hakkim-taninmadi","status":"publish","type":"post","link":"https:\/\/gundem44.com.tr\/?p=1157","title":{"rendered":"\u0130lkay \u00c7i\u00e7ek CHP\u2019den \u0130stifa Etti: \u201cSavunma Hakk\u0131m Tan\u0131nmad\u0131\u201d"},"content":{"rendered":"\n<p class=\"wp-block-paragraph\">\u0130zmir\u2019de y\u00fcr\u00fct\u00fclen soru\u015fturma kapsam\u0131nda tutuklanan Menderes Belediye Ba\u015fkan\u0131 \u0130lkay \u00c7i\u00e7ek, hakk\u0131nda kesinle\u015fmi\u015f bir yarg\u0131 karar\u0131 bulunmadan ihra\u00e7 talebiyle disipline sevk edildi\u011fini belirterek Cumhuriyet Halk Partisi\u2019nden (CHP) istifa etti.<\/p>\n\n\n\n<p class=\"wp-block-paragraph\">\u00c7i\u00e7ek, CHP Genel Merkezi\u2019ne sundu\u011fu istifa dilek\u00e7esinde, hakk\u0131ndaki su\u00e7lamalar nedeniyle savunmas\u0131n\u0131n al\u0131nmad\u0131\u011f\u0131n\u0131 ve bu durumun kendisini ma\u011fdur etti\u011fini savundu.<\/p>\n\n\n\n<h3 class=\"wp-block-heading\">\u201cLEKELENMEME HAKKIM H\u0130\u00c7E SAYILDI\u201d<\/h3>\n\n\n\n<p class=\"wp-block-paragraph\">\u00c7i\u00e7ek, dilek\u00e7esinde 4 A\u011fustos 2026&#8217;da g\u00f6zalt\u0131na al\u0131nd\u0131\u011f\u0131n\u0131, 7 A\u011fustos&#8217;ta ise \u201c\u00f6rg\u00fct kurma\u201d ve \u201cirtikap\u201d su\u00e7lamalar\u0131yla tutukland\u0131\u011f\u0131n\u0131 belirtti.<\/p>\n\n\n\n<p class=\"wp-block-paragraph\">Hakk\u0131ndaki baz\u0131 WhatsApp mesajlar\u0131n\u0131n ger\u00e7ekli\u011finin kan\u0131tlanmad\u0131\u011f\u0131n\u0131 ve bu mesajlar\u0131n tutuklama dosyas\u0131nda delil olarak kullan\u0131ld\u0131\u011f\u0131n\u0131 \u00f6ne s\u00fcren \u00c7i\u00e7ek, kendisi hakk\u0131nda kamuoyunda pe\u015fin bir su\u00e7luluk alg\u0131s\u0131 olu\u015fturuldu\u011funu iddia etti.<\/p>\n\n\n\n<p class=\"wp-block-paragraph\">\u00c7i\u00e7ek ayr\u0131ca, CHP Genel Merkezi taraf\u0131ndan savunmas\u0131 al\u0131nmadan ihra\u00e7 talebiyle disiplin kuruluna sevk edilmesine tepki g\u00f6sterdi.<\/p>\n\n\n\n<h3 class=\"wp-block-heading\">\u201cPART\u0130M BANA SAVUNMA HAKKI TANIMADI\u201d<\/h3>\n\n\n\n<p class=\"wp-block-paragraph\">\u0130stifa dilek\u00e7esinde CHP y\u00f6netimine y\u00f6nelik ele\u015ftirilerde bulunan \u00c7i\u00e7ek, y\u0131llard\u0131r parti i\u00e7erisinde m\u00fccadele verdi\u011fini belirterek, savunma hakk\u0131n\u0131n tan\u0131nmad\u0131\u011f\u0131n\u0131 savundu.<\/p>\n\n\n\n<p class=\"wp-block-paragraph\">\u00c7i\u00e7ek, Menderes Belediye Meclisi&#8217;ndeki siyasi dengelere de dikkat \u00e7ekerek, ya\u015fanan s\u00fcrecin Menderes halk\u0131n\u0131n iradesini etkilememesi gerekti\u011fini ifade etti.<\/p>\n\n\n\n<p class=\"wp-block-paragraph\">Dilek\u00e7esinin sonunda CHP&#8217;den istifa etti\u011fini a\u00e7\u0131klayan \u00c7i\u00e7ek, partinin gelece\u011fine ili\u015fkin umudunu korudu\u011funu belirtti.<\/p>\n\n\n\n<h3 class=\"wp-block-heading\">NE OLMU\u015eTU?<\/h3>\n\n\n\n<p class=\"wp-block-paragraph\">\u0130zmir Cumhuriyet Ba\u015fsavc\u0131l\u0131\u011f\u0131 taraf\u0131ndan Menderes Belediyesi&#8217;ne y\u00f6nelik y\u00fcr\u00fct\u00fclen soru\u015fturma kapsam\u0131nda <strong>r\u00fc\u015fvet, irtikap, resmi belgede sahtecilik, g\u00f6revi k\u00f6t\u00fcye kullanma ve imar kirlili\u011fine neden olma<\/strong> su\u00e7lamalar\u0131yla 16 \u015f\u00fcpheli g\u00f6zalt\u0131na al\u0131nd\u0131.<\/p>\n\n\n\n<p class=\"wp-block-paragraph\">Menderes Belediye Ba\u015fkan\u0131 \u0130lkay \u00c7i\u00e7ek&#8217;in de aralar\u0131nda bulundu\u011fu <strong>10 \u015f\u00fcpheli tutukland\u0131<\/strong>, 6 \u015f\u00fcpheli ise adli kontrol \u015fart\u0131yla serbest b\u0131rak\u0131ld\u0131.<\/p>\n\n\n\n<p class=\"wp-block-paragraph\">Tutuklananlar aras\u0131nda \u00c7i\u00e7ek&#8217;in yan\u0131 s\u0131ra belediye ba\u015fkan yard\u0131mc\u0131lar\u0131, baz\u0131 belediye m\u00fcd\u00fcrleri, m\u00fcd\u00fcr vekilleri ve belediye meclis \u00fcyeleri de bulunuyor.<\/p>\n\n\n\n<p class=\"wp-block-paragraph\">\u00c7i\u00e7ek ise soru\u015fturma kapsam\u0131ndaki su\u00e7lamalar\u0131 ve kendisine y\u00f6neltilen baz\u0131 delillerin niteli\u011fini kabul etmedi\u011fini belirterek hukuki m\u00fccadelesini s\u00fcrd\u00fcrece\u011fini ifade etti.<\/p>\n","protected":false},"excerpt":{"rendered":"<p>\u0130zmir\u2019de y\u00fcr\u00fct\u00fclen soru\u015fturma kapsam\u0131nda tutuklanan Menderes Belediye Ba\u015fkan\u0131 \u0130lkay \u00c7i\u00e7ek, hakk\u0131nda kesinle\u015fmi\u015f bir yarg\u0131 karar\u0131&#8230;<\/p>\n","protected":false},"author":1,"featured_media":1158,"comment_status":"open","ping_status":"open","sticky":false,"template":"","format":"standard","meta":{"footnotes":""},"categories":[16],"tags":[],"class_list":["post-1157","post","type-post","status-publish","format-standard","has-post-thumbnail","hentry","category-politika"],"_links":{"self":[{"href":"https:\/\/gundem44.com.tr\/index.php?rest_route=\/wp\/v2\/posts\/1157","targetHints":{"allow":["GET"]}}],"collection":[{"href":"https:\/\/gundem44.com.tr\/index.php?rest_route=\/wp\/v2\/posts"}],"about":[{"href":"https:\/\/gundem44.com.tr\/index.php?rest_route=\/wp\/v2\/types\/post"}],"author":[{"embeddable":true,"href":"https:\/\/gundem44.com.tr\/index.php?rest_route=\/wp\/v2\/users\/1"}],"replies":[{"embeddable":true,"href":"https:\/\/gundem44.com.tr\/index.php?rest_route=%2Fwp%2Fv2%2Fcomments&post=1157"}],"version-history":[{"count":1,"href":"https:\/\/gundem44.com.tr\/index.php?rest_route=\/wp\/v2\/posts\/1157\/revisions"}],"predecessor-version":[{"id":1159,"href":"https:\/\/gundem44.com.tr\/index.php?rest_route=\/wp\/v2\/posts\/1157\/revisions\/1159"}],"wp:featuredmedia":[{"embeddable":true,"href":"https:\/\/gundem44.com.tr\/index.php?rest_route=\/wp\/v2\/media\/1158"}],"wp:attachment":[{"href":"https:\/\/gundem44.com.tr\/index.php?rest_route=%2Fwp%2Fv2%2Fmedia&parent=1157"}],"wp:term":[{"taxonomy":"category","embeddable":true,"href":"https:\/\/gundem44.com.tr\/index.php?rest_route=%2Fwp%2Fv2%2Fcategories&post=1157"},{"taxonomy":"post_tag","embeddable":true,"href":"https:\/\/gundem44.com.tr\/index.php?rest_route=%2Fwp%2Fv2%2Ftags&post=1157"}],"curies":[{"name":"wp","href":"https:\/\/api.w.org\/{rel}","templated":true}]}}