{"id":1154,"date":"2026-08-10T09:30:16","date_gmt":"2026-08-10T09:30:16","guid":{"rendered":"https:\/\/gundem44.com.tr\/?p=1154"},"modified":"2026-08-10T09:30:16","modified_gmt":"2026-08-10T09:30:16","slug":"isim-benzerligi-10-gun-hapis-yatirdi-ne-savci-ne-polis-kimse-t-c-sine-bakmadi","status":"publish","type":"post","link":"https:\/\/gundem44.com.tr\/?p=1154","title":{"rendered":"\u0130sim benzerli\u011fi 10 g\u00fcn hapis yat\u0131rd\u0131! \u201cNe savc\u0131 ne polis, kimse T.C.\u2019sine bakmad\u0131\u201d"},"content":{"rendered":"\n<p class=\"wp-block-paragraph\"><strong>(ANTALYA)<\/strong> \u2013 Antalya\u2019da ya\u015fanan olay, isim benzerli\u011fi nedeniyle yap\u0131lan bir kimlik kontrol\u00fc hatas\u0131n\u0131n ciddi ma\u011fduriyete yol a\u00e7abilece\u011fini ortaya koydu. Emlak sekt\u00f6r\u00fcnde \u00e7al\u0131\u015fan <strong>47 ya\u015f\u0131ndaki Ali S\u00fcsl\u00fc<\/strong>, polis taraf\u0131ndan \u201cBir imza i\u015finiz var\u201d denilerek \u00e7a\u011fr\u0131ld\u0131ktan sonra, ba\u015fka bir Ali S\u00fcsl\u00fc hakk\u0131nda verilen kesinle\u015fmi\u015f hapis cezas\u0131 nedeniyle cezaevine g\u00f6nderildi. S\u00fcsl\u00fc, yakla\u015f\u0131k <strong>10 g\u00fcn cezaevinde kald\u0131ktan sonra<\/strong> ger\u00e7ek kimli\u011finin farkl\u0131 oldu\u011funun anla\u015f\u0131lmas\u0131 \u00fczerine tahliye edildi.<\/p>\n\n\n\n<p class=\"wp-block-paragraph\">Olay, Konyaalt\u0131 il\u00e7esinde meydana geldi. \u0130ddiaya g\u00f6re polis, 26 Temmuz\u2019da Ali S\u00fcsl\u00fc\u2019y\u00fc telefonla arayarak polis merkezine davet etti. K\u0131sa s\u00fcre \u00f6nce g\u00f6bek f\u0131t\u0131\u011f\u0131 ameliyat\u0131 ge\u00e7iren S\u00fcsl\u00fc, \u00e7a\u011fr\u0131 \u00fczerine karakola gitti.<\/p>\n\n\n\n<p class=\"wp-block-paragraph\">Ancak burada g\u00f6zalt\u0131na al\u0131nan S\u00fcsl\u00fc, neden i\u015flem yap\u0131ld\u0131\u011f\u0131n\u0131 \u00f6\u011frenemeden adliyeye sevk edildi. Ard\u0131ndan hakk\u0131nda kesinle\u015fmi\u015f 10 g\u00fcnl\u00fck hapis cezas\u0131 bulundu\u011fu gerek\u00e7esiyle <strong>Antalya L Tipi Kapal\u0131 Ceza \u0130nfaz Kurumu&#8217;na<\/strong> g\u00f6nderildi.<\/p>\n\n\n\n<h3 class=\"wp-block-heading\">CEZAEV\u0130NDE \u201cBEN DE\u011e\u0130L\u0130M\u201d DED\u0130<\/h3>\n\n\n\n<p class=\"wp-block-paragraph\">S\u00fcsl\u00fc, cezaevine g\u00f6nderilmesinin nedenini sordu\u011funda kendisine net bir a\u00e7\u0131klama yap\u0131lmad\u0131\u011f\u0131n\u0131 \u00f6ne s\u00fcrd\u00fc.<\/p>\n\n\n\n<p class=\"wp-block-paragraph\">Ameliyatl\u0131 oldu\u011fu belirtilen S\u00fcsl\u00fc&#8217;n\u00fcn cezaevinde pansumanlar\u0131n\u0131 ko\u011fu\u015ftaki ki\u015filer yapt\u0131. Sa\u011fl\u0131k sorunlar\u0131 nedeniyle iki kez ambulansla hastaneye g\u00f6t\u00fcr\u00fcld\u00fc.<\/p>\n\n\n\n<p class=\"wp-block-paragraph\">S\u00fcsl\u00fc, defalarca yanl\u0131\u015f ki\u015finin kendisi oldu\u011funu s\u00f6ylemesine ra\u011fmen iddias\u0131na g\u00f6re kimse taraf\u0131ndan dikkate al\u0131nmad\u0131.<\/p>\n\n\n\n<h3 class=\"wp-block-heading\">HATA 9. G\u00dcN ORTAYA \u00c7IKTI<\/h3>\n\n\n\n<p class=\"wp-block-paragraph\">Olaydaki yanl\u0131\u015fl\u0131k, S\u00fcsl\u00fc&#8217;n\u00fcn cezaevinde psikologla yapt\u0131\u011f\u0131 g\u00f6r\u00fc\u015fme s\u0131ras\u0131nda ortaya \u00e7\u0131kt\u0131.<\/p>\n\n\n\n<p class=\"wp-block-paragraph\">Psikolo\u011fun bilgisayar kay\u0131tlar\u0131n\u0131 kontrol etmesi s\u0131ras\u0131nda, hakk\u0131nda ceza bulunan ki\u015fiyle S\u00fcsl\u00fc&#8217;n\u00fcn <strong>isimlerinin ayn\u0131 ancak T.C. kimlik numaralar\u0131n\u0131n farkl\u0131<\/strong> oldu\u011fu belirlendi.<\/p>\n\n\n\n<p class=\"wp-block-paragraph\">Ayr\u0131ca aranan ki\u015finin de Adana do\u011fumlu oldu\u011fu ancak adres bilgilerinin S\u00fcsl\u00fc ile uyu\u015fmad\u0131\u011f\u0131 ortaya \u00e7\u0131kt\u0131.<\/p>\n\n\n\n<p class=\"wp-block-paragraph\">\u0130ddiaya g\u00f6re S\u00fcsl\u00fc&#8217;ye, yanl\u0131\u015fl\u0131\u011f\u0131n anla\u015f\u0131lmas\u0131n\u0131n ard\u0131ndan <strong>\u201c\u00d6z\u00fcr dileriz, bir hata oldu\u201d<\/strong> denildi. Ancak S\u00fcsl\u00fc&#8217;n\u00fcn tahliyesi bir g\u00fcn daha gecikti ve 10 g\u00fcnl\u00fck s\u00fcrenin tamamlanmas\u0131n\u0131n ard\u0131ndan serbest b\u0131rak\u0131ld\u0131.<\/p>\n\n\n\n<h3 class=\"wp-block-heading\">\u201cKEND\u0130 SU\u00c7UNU B\u0130LM\u0130YOR MUSUN?\u201d<\/h3>\n\n\n\n<p class=\"wp-block-paragraph\">Ya\u015fad\u0131klar\u0131n\u0131 anlatan Ali S\u00fcsl\u00fc, polis merkezinde su\u00e7unun ne oldu\u011funu sordu\u011funda kendisine <strong>\u201cSen kendi su\u00e7unu bilmiyor musun?\u201d<\/strong> denildi\u011fini \u00f6ne s\u00fcrd\u00fc.<\/p>\n\n\n\n<p class=\"wp-block-paragraph\">S\u00fcsl\u00fc, daha sonra savc\u0131ya \u00e7\u0131kmak istedi\u011fini s\u00f6yledi\u011fini ancak kendisine kesinle\u015fmi\u015f cezas\u0131 bulundu\u011fu gerek\u00e7esiyle savc\u0131ya \u00e7\u0131kar\u0131lmayaca\u011f\u0131n\u0131n s\u00f6ylendi\u011fini aktard\u0131.<\/p>\n\n\n\n<p class=\"wp-block-paragraph\">Cezaevinde ge\u00e7irdi\u011fi 10 g\u00fcn\u00fcn ard\u0131ndan ger\u00e7ek kimli\u011finin ortaya \u00e7\u0131kt\u0131\u011f\u0131n\u0131 belirten S\u00fcsl\u00fc, ya\u015fad\u0131\u011f\u0131 s\u00fcrecin kendisini hem psikolojik hem de ekonomik a\u00e7\u0131dan etkiledi\u011fini ifade etti.<\/p>\n\n\n\n<h3 class=\"wp-block-heading\">\u0130\u015e\u0130N\u0130 DE KAYBETT\u0130<\/h3>\n\n\n\n<p class=\"wp-block-paragraph\">Cezaevine girmesinin ard\u0131ndan hakk\u0131nda \u00e7e\u015fitli s\u00f6ylentiler \u00e7\u0131kt\u0131\u011f\u0131n\u0131 belirten S\u00fcsl\u00fc, emlak sekt\u00f6r\u00fcndeki i\u015fini kaybetti\u011fini ve baz\u0131 s\u00f6zle\u015fmelerinin iptal edildi\u011fini s\u00f6yledi.<\/p>\n\n\n\n<p class=\"wp-block-paragraph\">S\u00fcsl\u00fc, <strong>\u201c10 g\u00fcn boyunca bilmedi\u011fim su\u00e7tan yatt\u0131m. Su\u00e7suz yere 10 g\u00fcn ceza \u00e7ektim, itibar\u0131m kayboldu\u201d<\/strong> diyerek ya\u015fad\u0131\u011f\u0131 ma\u011fduriyeti anlatt\u0131.<\/p>\n\n\n\n<h3 class=\"wp-block-heading\">3 AY \u00d6NCE DE BENZER B\u0130R HATA YA\u015eANMI\u015e<\/h3>\n\n\n\n<p class=\"wp-block-paragraph\">S\u00fcsl\u00fc, yakla\u015f\u0131k 3 ay \u00f6nce de sabah saatlerinde evine polislerin geldi\u011fini ve arama yap\u0131ld\u0131\u011f\u0131n\u0131 anlatt\u0131.<\/p>\n\n\n\n<p class=\"wp-block-paragraph\">\u0130ddiaya g\u00f6re polis ekipleri, telefon ve bilgisayar\u0131n\u0131 inceledikten sonra tutanak i\u015flemleri s\u0131ras\u0131nda T.C. kimlik numaras\u0131n\u0131 kontrol etti ve aranan ki\u015finin S\u00fcsl\u00fc olmad\u0131\u011f\u0131n\u0131 fark etti.<\/p>\n\n\n\n<p class=\"wp-block-paragraph\">S\u00fcsl\u00fc, bu olay\u0131n ard\u0131ndan da polislerin <strong>\u201cPardon, \u00f6z\u00fcr dileriz\u201d<\/strong> diyerek evden ayr\u0131ld\u0131\u011f\u0131n\u0131 s\u00f6yledi.<\/p>\n\n\n\n<h3 class=\"wp-block-heading\">AVUKATI: \u201cPARDON F\u0130LM\u0130 G\u0130B\u0130\u201d<\/h3>\n\n\n\n<p class=\"wp-block-paragraph\">Ali S\u00fcsl\u00fc&#8217;n\u00fcn avukat\u0131 <strong>Abdullah \u0130lkkahraman<\/strong>, m\u00fcvekkilinin isim benzerli\u011fi nedeniyle ba\u015fka bir ki\u015fiyle kar\u0131\u015ft\u0131r\u0131ld\u0131\u011f\u0131n\u0131 ve kimlik bilgilerinin yeterince kontrol edilmedi\u011fini savundu.<\/p>\n\n\n\n<p class=\"wp-block-paragraph\">\u0130lkkahraman, ya\u015fananlar\u0131 Ferhan \u015eensoy&#8217;un <strong>\u201cPardon\u201d<\/strong> filmine benzeterek, m\u00fcvekkilinin herhangi bir ifade veya m\u00fcracaat\u0131 al\u0131nmadan cezaevine g\u00f6nderildi\u011fini ileri s\u00fcrd\u00fc.<\/p>\n\n\n\n<p class=\"wp-block-paragraph\">Avukat \u0130lkkahraman, hatan\u0131n ancak cezaevinde yap\u0131lan kontrolde ortaya \u00e7\u0131kt\u0131\u011f\u0131n\u0131 ve m\u00fcvekkilinin 10 g\u00fcnl\u00fck s\u00fcrenin tamamlanmas\u0131n\u0131n ard\u0131ndan tahliye edildi\u011fini s\u00f6yledi.<\/p>\n\n\n\n<h3 class=\"wp-block-heading\">\u201cTAZM\u0130NAT DAVASI A\u00c7ACA\u011eIZ\u201d<\/h3>\n\n\n\n<p class=\"wp-block-paragraph\">\u0130lkkahraman, olayla ilgili Cumhuriyet Ba\u015fsavc\u0131l\u0131\u011f\u0131&#8217;na ba\u015fvurduklar\u0131n\u0131 belirterek sorumlular hakk\u0131nda <strong>\u201cg\u00f6revi k\u00f6t\u00fcye kullanma\u201d, \u201cg\u00f6revi ihmal\u201d ve \u201ch\u00fcrriyeti tahdit\u201d<\/strong> su\u00e7lar\u0131ndan su\u00e7 duyurusunda bulunduklar\u0131n\u0131 a\u00e7\u0131klad\u0131.<\/p>\n\n\n\n<p class=\"wp-block-paragraph\">M\u00fcvekkilinin i\u015f hayat\u0131nda da ciddi kay\u0131plar ya\u015fad\u0131\u011f\u0131n\u0131 belirten \u0130lkkahraman, <strong>tazminat davas\u0131 a\u00e7acaklar\u0131n\u0131<\/strong> s\u00f6yledi.<\/p>\n","protected":false},"excerpt":{"rendered":"<p>(ANTALYA) \u2013 Antalya\u2019da ya\u015fanan olay, isim benzerli\u011fi nedeniyle yap\u0131lan bir kimlik kontrol\u00fc hatas\u0131n\u0131n ciddi ma\u011fduriyete&#8230;<\/p>\n","protected":false},"author":1,"featured_media":1155,"comment_status":"open","ping_status":"open","sticky":false,"template":"","format":"standard","meta":{"footnotes":""},"categories":[18],"tags":[],"class_list":["post-1154","post","type-post","status-publish","format-standard","has-post-thumbnail","hentry","category-guncel"],"_links":{"self":[{"href":"https:\/\/gundem44.com.tr\/index.php?rest_route=\/wp\/v2\/posts\/1154","targetHints":{"allow":["GET"]}}],"collection":[{"href":"https:\/\/gundem44.com.tr\/index.php?rest_route=\/wp\/v2\/posts"}],"about":[{"href":"https:\/\/gundem44.com.tr\/index.php?rest_route=\/wp\/v2\/types\/post"}],"author":[{"embeddable":true,"href":"https:\/\/gundem44.com.tr\/index.php?rest_route=\/wp\/v2\/users\/1"}],"replies":[{"embeddable":true,"href":"https:\/\/gundem44.com.tr\/index.php?rest_route=%2Fwp%2Fv2%2Fcomments&post=1154"}],"version-history":[{"count":1,"href":"https:\/\/gundem44.com.tr\/index.php?rest_route=\/wp\/v2\/posts\/1154\/revisions"}],"predecessor-version":[{"id":1156,"href":"https:\/\/gundem44.com.tr\/index.php?rest_route=\/wp\/v2\/posts\/1154\/revisions\/1156"}],"wp:featuredmedia":[{"embeddable":true,"href":"https:\/\/gundem44.com.tr\/index.php?rest_route=\/wp\/v2\/media\/1155"}],"wp:attachment":[{"href":"https:\/\/gundem44.com.tr\/index.php?rest_route=%2Fwp%2Fv2%2Fmedia&parent=1154"}],"wp:term":[{"taxonomy":"category","embeddable":true,"href":"https:\/\/gundem44.com.tr\/index.php?rest_route=%2Fwp%2Fv2%2Fcategories&post=1154"},{"taxonomy":"post_tag","embeddable":true,"href":"https:\/\/gundem44.com.tr\/index.php?rest_route=%2Fwp%2Fv2%2Ftags&post=1154"}],"curies":[{"name":"wp","href":"https:\/\/api.w.org\/{rel}","templated":true}]}}