{"id":1145,"date":"2026-08-10T09:15:00","date_gmt":"2026-08-10T09:15:00","guid":{"rendered":"https:\/\/gundem44.com.tr\/?p=1145"},"modified":"2026-08-10T09:15:01","modified_gmt":"2026-08-10T09:15:01","slug":"halefin-yildizindan-sezon-finali-biran-damla-yilmazdan-bikinili-tatil-pozlari","status":"publish","type":"post","link":"https:\/\/gundem44.com.tr\/?p=1145","title":{"rendered":"Halef\u2019in Y\u0131ld\u0131z\u2019\u0131ndan sezon finali! Biran Damla Y\u0131lmaz\u2019dan bikinili tatil pozlar\u0131"},"content":{"rendered":"\n<p class=\"wp-block-paragraph\">Sevilen dizi <strong>Halef\u2019te \u201cY\u0131ld\u0131z\u201d karakterine hayat veren Biran Damla Y\u0131lmaz<\/strong>, sezon \u00f6ncesi tatilinden renkli kareleri sosyal medya hesab\u0131ndan takip\u00e7ileriyle payla\u015ft\u0131. Bikinili pozlar\u0131yla dikkat \u00e7eken oyuncu, takip\u00e7ilerinden yo\u011fun ilgi g\u00f6rd\u00fc.<\/p>\n\n\n\n<figure class=\"wp-block-image size-full\"><img loading=\"lazy\" decoding=\"async\" width=\"640\" height=\"426\" src=\"https:\/\/gundem44.com.tr\/wp-content\/uploads\/2026\/08\/halefin-yildizindan-sezon-fina-14273746-5942_1_m.webp\" alt=\"\" class=\"wp-image-1147\" srcset=\"https:\/\/gundem44.com.tr\/wp-content\/uploads\/2026\/08\/halefin-yildizindan-sezon-fina-14273746-5942_1_m.webp 640w, https:\/\/gundem44.com.tr\/wp-content\/uploads\/2026\/08\/halefin-yildizindan-sezon-fina-14273746-5942_1_m-300x200.webp 300w, https:\/\/gundem44.com.tr\/wp-content\/uploads\/2026\/08\/halefin-yildizindan-sezon-fina-14273746-5942_1_m-600x400.webp 600w\" sizes=\"auto, (max-width: 640px) 100vw, 640px\" \/><\/figure>\n\n\n\n<p class=\"wp-block-paragraph\">Ge\u00e7ti\u011fimiz d\u00f6nemde \u00f6zel hayat\u0131yla magazin g\u00fcndemine gelen Y\u0131lmaz, sezonun yorgunlu\u011funu atmak i\u00e7in \u00e7\u0131kt\u0131\u011f\u0131 tatilde deniz, g\u00fcne\u015f ve sporun tad\u0131n\u0131 \u00e7\u0131kard\u0131. Oyuncunun tatil payla\u015f\u0131mlar\u0131 k\u0131sa s\u00fcrede \u00e7ok say\u0131da be\u011feni ve yorum ald\u0131.<\/p>\n\n\n\n<p class=\"wp-block-paragraph\">Formda g\u00f6r\u00fcnt\u00fcs\u00fcyle de dikkat \u00e7eken Y\u0131lmaz, yeni yay\u0131n d\u00f6nemine haz\u0131rlan\u0131rken enerjisini toplad\u0131\u011f\u0131n\u0131 g\u00f6sterdi.<\/p>\n\n\n\n<figure class=\"wp-block-image size-full\"><img loading=\"lazy\" decoding=\"async\" width=\"640\" height=\"852\" src=\"https:\/\/gundem44.com.tr\/wp-content\/uploads\/2026\/08\/halefin-yildizindan-sezon-fina-83557034-2610_1_m.webp\" alt=\"\" class=\"wp-image-1148\" srcset=\"https:\/\/gundem44.com.tr\/wp-content\/uploads\/2026\/08\/halefin-yildizindan-sezon-fina-83557034-2610_1_m.webp 640w, https:\/\/gundem44.com.tr\/wp-content\/uploads\/2026\/08\/halefin-yildizindan-sezon-fina-83557034-2610_1_m-225x300.webp 225w\" sizes=\"auto, (max-width: 640px) 100vw, 640px\" \/><\/figure>\n\n\n\n<h3 class=\"wp-block-heading\">\u201cK\u0130LO ALMADIM \u00c7\u00dcNK\u00dc\u2026\u201d<\/h3>\n\n\n\n<p class=\"wp-block-paragraph\">Tatil d\u00f6n\u00fc\u015f\u00fc \u00f6ncesinde takip\u00e7ilerine seslenen Biran Damla Y\u0131lmaz, payla\u015f\u0131m\u0131nda hem dinlendi\u011fini hem de formunu korudu\u011funu belirtti.<\/p>\n\n\n\n<p class=\"wp-block-paragraph\">Y\u0131lmaz, <strong>\u201cYeni sezona ba\u015flamadan son bir tur tatil dediler ve her an\u0131n g\u00fczelli\u011fi ile beni ger\u00e7ekten yeni sezona mis gibi haz\u0131rlad\u0131lar! Hay\u0131r, ad\u0131m ba\u015f\u0131 g\u00fczel yemekler olmas\u0131na ra\u011fmen kilo almad\u0131m \u00e7\u00fcnk\u00fc sabahlar\u0131 spor yapmak bile \u00e7ok keyifliydi.\u201d<\/strong> ifadelerini kulland\u0131.<\/p>\n\n\n\n<figure class=\"wp-block-image size-full\"><img loading=\"lazy\" decoding=\"async\" width=\"640\" height=\"852\" src=\"https:\/\/gundem44.com.tr\/wp-content\/uploads\/2026\/08\/halefin-yildizindan-sezon-fina-55241009-9620_1_m.webp\" alt=\"\" class=\"wp-image-1149\" srcset=\"https:\/\/gundem44.com.tr\/wp-content\/uploads\/2026\/08\/halefin-yildizindan-sezon-fina-55241009-9620_1_m.webp 640w, https:\/\/gundem44.com.tr\/wp-content\/uploads\/2026\/08\/halefin-yildizindan-sezon-fina-55241009-9620_1_m-225x300.webp 225w\" sizes=\"auto, (max-width: 640px) 100vw, 640px\" \/><\/figure>\n\n\n\n<p class=\"wp-block-paragraph\">Oyuncunun yeni sezonda <strong>Halef<\/strong> dizisindeki performans\u0131 da izleyiciler taraf\u0131ndan merakla bekleniyor.<\/p>\n","protected":false},"excerpt":{"rendered":"<p>Sevilen dizi Halef\u2019te \u201cY\u0131ld\u0131z\u201d karakterine hayat veren Biran Damla Y\u0131lmaz, sezon \u00f6ncesi tatilinden renkli kareleri&#8230;<\/p>\n","protected":false},"author":1,"featured_media":1146,"comment_status":"open","ping_status":"open","sticky":false,"template":"","format":"standard","meta":{"footnotes":""},"categories":[34],"tags":[],"class_list":["post-1145","post","type-post","status-publish","format-standard","has-post-thumbnail","hentry","category-magazin"],"_links":{"self":[{"href":"https:\/\/gundem44.com.tr\/index.php?rest_route=\/wp\/v2\/posts\/1145","targetHints":{"allow":["GET"]}}],"collection":[{"href":"https:\/\/gundem44.com.tr\/index.php?rest_route=\/wp\/v2\/posts"}],"about":[{"href":"https:\/\/gundem44.com.tr\/index.php?rest_route=\/wp\/v2\/types\/post"}],"author":[{"embeddable":true,"href":"https:\/\/gundem44.com.tr\/index.php?rest_route=\/wp\/v2\/users\/1"}],"replies":[{"embeddable":true,"href":"https:\/\/gundem44.com.tr\/index.php?rest_route=%2Fwp%2Fv2%2Fcomments&post=1145"}],"version-history":[{"count":1,"href":"https:\/\/gundem44.com.tr\/index.php?rest_route=\/wp\/v2\/posts\/1145\/revisions"}],"predecessor-version":[{"id":1150,"href":"https:\/\/gundem44.com.tr\/index.php?rest_route=\/wp\/v2\/posts\/1145\/revisions\/1150"}],"wp:featuredmedia":[{"embeddable":true,"href":"https:\/\/gundem44.com.tr\/index.php?rest_route=\/wp\/v2\/media\/1146"}],"wp:attachment":[{"href":"https:\/\/gundem44.com.tr\/index.php?rest_route=%2Fwp%2Fv2%2Fmedia&parent=1145"}],"wp:term":[{"taxonomy":"category","embeddable":true,"href":"https:\/\/gundem44.com.tr\/index.php?rest_route=%2Fwp%2Fv2%2Fcategories&post=1145"},{"taxonomy":"post_tag","embeddable":true,"href":"https:\/\/gundem44.com.tr\/index.php?rest_route=%2Fwp%2Fv2%2Ftags&post=1145"}],"curies":[{"name":"wp","href":"https:\/\/api.w.org\/{rel}","templated":true}]}}