{"id":1139,"date":"2026-08-10T09:00:53","date_gmt":"2026-08-10T09:00:53","guid":{"rendered":"https:\/\/gundem44.com.tr\/?p=1139"},"modified":"2026-08-10T09:00:53","modified_gmt":"2026-08-10T09:00:53","slug":"bahceliyi-kizdiran-terorsuz-turkiye-sorusu-18-saat-dinleyeceksiniz","status":"publish","type":"post","link":"https:\/\/gundem44.com.tr\/?p=1139","title":{"rendered":"Bah\u00e7eli\u2019yi k\u0131zd\u0131ran \u201cTer\u00f6rs\u00fcz T\u00fcrkiye\u201d sorusu: \u201c18 saat dinleyeceksiniz\u201d"},"content":{"rendered":"\n<p class=\"wp-block-paragraph\"><strong>(ANKARA)<\/strong> \u2013 MHP Genel Ba\u015fkan\u0131 Devlet Bah\u00e7eli, TBMM\u2019de g\u00f6r\u00fc\u015f\u00fclmeye ba\u015flanan \u201cTer\u00f6rs\u00fcz T\u00fcrkiye\u201d yasas\u0131na ili\u015fkin siyasi partilerde ya\u015fanan g\u00f6r\u00fc\u015f ayr\u0131l\u0131klar\u0131 ve kafa kar\u0131\u015f\u0131kl\u0131\u011f\u0131 hakk\u0131nda y\u00f6neltilen soruya sert tepki g\u00f6sterdi.<\/p>\n\n\n\n<p class=\"wp-block-paragraph\">TBMM Genel Kurulu\u2019nda g\u00f6r\u00fc\u015fmeleri ba\u015flayan yasa teklifine ili\u015fkin muhalefet kanad\u0131nda ve parti gruplar\u0131nda farkl\u0131 de\u011ferlendirmeler g\u00fcndeme gelirken, bir gazeteci Bah\u00e7eli\u2019ye siyasi partiler aras\u0131ndaki g\u00f6r\u00fc\u015f ayr\u0131l\u0131klar\u0131n\u0131 ve ya\u015fanan tart\u0131\u015fmalar\u0131 sordu.<\/p>\n\n\n\n<p class=\"wp-block-paragraph\">Bah\u00e7eli, gazetecinin sorusuna <strong>\u201c18 saat dinleyeceksiniz, soru mu bu \u015fimdi\u201d<\/strong> ifadeleriyle kar\u015f\u0131l\u0131k verdi.<\/p>\n\n\n\n<h2 class=\"wp-block-heading\">\u201c18 SAAT\u201d MESAJI D\u0130KKAT \u00c7EKT\u0130<\/h2>\n\n\n\n<p class=\"wp-block-paragraph\">Bah\u00e7eli\u2019nin k\u0131sa ve sert yan\u0131t\u0131 dikkat \u00e7ekerken, \u201c18 saat\u201d ifadesinin TBMM Genel Kurulu\u2019nda yasa teklifine ili\u015fkin yap\u0131lacak uzun s\u00fcreli g\u00f6r\u00fc\u015fmelere i\u015faret etti\u011fi \u015feklinde yorumlar yap\u0131ld\u0131.<\/p>\n\n\n\n<p class=\"wp-block-paragraph\">MHP liderinin a\u00e7\u0131klamas\u0131, \u201cTer\u00f6rs\u00fcz T\u00fcrkiye\u201d s\u00fcrecine ili\u015fkin Meclis\u2019teki g\u00f6r\u00fc\u015fmelerin yo\u011fun ge\u00e7ece\u011fi de\u011ferlendirmelerini de beraberinde getirdi.<\/p>\n","protected":false},"excerpt":{"rendered":"<p>(ANKARA) \u2013 MHP Genel Ba\u015fkan\u0131 Devlet Bah\u00e7eli, TBMM\u2019de g\u00f6r\u00fc\u015f\u00fclmeye ba\u015flanan \u201cTer\u00f6rs\u00fcz T\u00fcrkiye\u201d yasas\u0131na ili\u015fkin siyasi&#8230;<\/p>\n","protected":false},"author":1,"featured_media":1140,"comment_status":"open","ping_status":"open","sticky":false,"template":"","format":"standard","meta":{"footnotes":""},"categories":[16],"tags":[],"class_list":["post-1139","post","type-post","status-publish","format-standard","has-post-thumbnail","hentry","category-politika"],"_links":{"self":[{"href":"https:\/\/gundem44.com.tr\/index.php?rest_route=\/wp\/v2\/posts\/1139","targetHints":{"allow":["GET"]}}],"collection":[{"href":"https:\/\/gundem44.com.tr\/index.php?rest_route=\/wp\/v2\/posts"}],"about":[{"href":"https:\/\/gundem44.com.tr\/index.php?rest_route=\/wp\/v2\/types\/post"}],"author":[{"embeddable":true,"href":"https:\/\/gundem44.com.tr\/index.php?rest_route=\/wp\/v2\/users\/1"}],"replies":[{"embeddable":true,"href":"https:\/\/gundem44.com.tr\/index.php?rest_route=%2Fwp%2Fv2%2Fcomments&post=1139"}],"version-history":[{"count":1,"href":"https:\/\/gundem44.com.tr\/index.php?rest_route=\/wp\/v2\/posts\/1139\/revisions"}],"predecessor-version":[{"id":1141,"href":"https:\/\/gundem44.com.tr\/index.php?rest_route=\/wp\/v2\/posts\/1139\/revisions\/1141"}],"wp:featuredmedia":[{"embeddable":true,"href":"https:\/\/gundem44.com.tr\/index.php?rest_route=\/wp\/v2\/media\/1140"}],"wp:attachment":[{"href":"https:\/\/gundem44.com.tr\/index.php?rest_route=%2Fwp%2Fv2%2Fmedia&parent=1139"}],"wp:term":[{"taxonomy":"category","embeddable":true,"href":"https:\/\/gundem44.com.tr\/index.php?rest_route=%2Fwp%2Fv2%2Fcategories&post=1139"},{"taxonomy":"post_tag","embeddable":true,"href":"https:\/\/gundem44.com.tr\/index.php?rest_route=%2Fwp%2Fv2%2Ftags&post=1139"}],"curies":[{"name":"wp","href":"https:\/\/api.w.org\/{rel}","templated":true}]}}