{"id":1107,"date":"2026-08-06T08:37:34","date_gmt":"2026-08-06T08:37:34","guid":{"rendered":"https:\/\/gundem44.com.tr\/?p=1107"},"modified":"2026-08-06T08:41:42","modified_gmt":"2026-08-06T08:41:42","slug":"ece-erkenin-paylasimi-sosyal-medyada-gundem-oldu-ogluna-verdigi-yanit-tartisma-yaratti","status":"publish","type":"post","link":"https:\/\/gundem44.com.tr\/?p=1107","title":{"rendered":"Ece Erken&#8217;in Payla\u015f\u0131m\u0131 Sosyal Medyada G\u00fcndem Oldu! O\u011fluna Verdi\u011fi Yan\u0131t Tart\u0131\u015fma Yaratt\u0131"},"content":{"rendered":"\n<p class=\"wp-block-paragraph\">Son g\u00fcnlerde \u00f6zel hayat\u0131yla ilgili ortaya at\u0131lan iddialarla magazin g\u00fcndeminde yer alan sunucu <strong>Ece Erken<\/strong>, bu kez sosyal medya hesab\u0131ndan yapt\u0131\u011f\u0131 payla\u015f\u0131mla konu\u015fuluyor.<\/p>\n\n\n\n<p class=\"wp-block-paragraph\">Tatil yapt\u0131\u011f\u0131 plajda \u00e7ekilen bir videoyu takip\u00e7ileriyle payla\u015fan Erken, g\u00f6nderisine <strong>&#8220;Bizdeki sab\u0131r, onlardaki sab\u0131r&#8230;&#8221;<\/strong> notunu d\u00fc\u015ft\u00fc.<\/p>\n\n\n\n<h2 class=\"wp-block-heading\">O\u011flunun &#8220;Anne&#8221; Sesleni\u015fi Dikkat \u00c7ekti<\/h2>\n\n\n\n<p class=\"wp-block-paragraph\">Payla\u015f\u0131lan g\u00f6r\u00fcnt\u00fclerde g\u00fcne\u015flenirken kameraya poz veren Ece Erken&#8217;in, \u00e7evreden gelen <strong>&#8220;Anne&#8221;<\/strong> sesleni\u015fine <strong>&#8220;Heee&#8221;<\/strong> diyerek kar\u015f\u0131l\u0131k vermesi sosyal medyada \u00e7ok say\u0131da yorum ald\u0131.<\/p>\n\n\n\n<p class=\"wp-block-paragraph\">K\u0131sa s\u00fcrede g\u00fcndem olan video, kullan\u0131c\u0131lar aras\u0131nda farkl\u0131 de\u011ferlendirmelere neden olurken, baz\u0131 takip\u00e7iler Erken&#8217;in tavr\u0131n\u0131 ele\u015ftirdi, baz\u0131lar\u0131 ise g\u00f6r\u00fcnt\u00fclerin do\u011fal bir an\u0131 yans\u0131tt\u0131\u011f\u0131n\u0131 savundu.<\/p>\n\n\n\n<h2 class=\"wp-block-heading\">\u0130ddialar\u0131 Reddetmi\u015fti<\/h2>\n\n\n\n<figure class=\"wp-block-image size-full\"><img loading=\"lazy\" decoding=\"async\" width=\"640\" height=\"795\" src=\"https:\/\/gundem44.com.tr\/wp-content\/uploads\/2026\/08\/ece-erkenin-paylasimi-olay-old-20118915-2635_1_m.webp\" alt=\"\" class=\"wp-image-1109\" srcset=\"https:\/\/gundem44.com.tr\/wp-content\/uploads\/2026\/08\/ece-erkenin-paylasimi-olay-old-20118915-2635_1_m.webp 640w, https:\/\/gundem44.com.tr\/wp-content\/uploads\/2026\/08\/ece-erkenin-paylasimi-olay-old-20118915-2635_1_m-242x300.webp 242w\" sizes=\"auto, (max-width: 640px) 100vw, 640px\" \/><\/figure>\n\n\n\n<p class=\"wp-block-paragraph\">Ece Erken, ge\u00e7ti\u011fimiz g\u00fcnlerde hakk\u0131nda ortaya at\u0131lan yasak a\u015fk iddialar\u0131n\u0131 kesin bir dille reddetmi\u015fti.<\/p>\n\n\n\n<p class=\"wp-block-paragraph\">\u00dcnl\u00fc sunucu yapt\u0131\u011f\u0131 a\u00e7\u0131klamada, birlikte oldu\u011fu \u00f6ne s\u00fcr\u00fclen ki\u015finin resmi olarak evli olmad\u0131\u011f\u0131n\u0131 belirterek, <strong>&#8220;Hayat\u0131nda hi\u00e7 evlenmemi\u015f bir insan\u0131 &#8216;evli&#8217; diye servis etmek d\u00fcped\u00fcz iftirad\u0131r.&#8221;<\/strong> ifadelerini kullanm\u0131\u015ft\u0131.<\/p>\n\n\n\n<p class=\"wp-block-paragraph\">Erken ayr\u0131ca, hakk\u0131nda ger\u00e7e\u011fi yans\u0131tmayan haberleri yay\u0131mlayan ki\u015fi ve kurulu\u015flar hakk\u0131nda hukuki s\u00fcre\u00e7 ba\u015flataca\u011f\u0131n\u0131 da a\u00e7\u0131klam\u0131\u015ft\u0131.<\/p>\n\n\n\n<p class=\"wp-block-paragraph\">Son payla\u015f\u0131m\u0131 ise, devam eden tart\u0131\u015fmalar\u0131n g\u00f6lgesinde sosyal medyada geni\u015f yank\u0131 uyand\u0131rd\u0131.<\/p>\n","protected":false},"excerpt":{"rendered":"<p>Son g\u00fcnlerde \u00f6zel hayat\u0131yla ilgili ortaya at\u0131lan iddialarla magazin g\u00fcndeminde yer alan sunucu Ece Erken,&#8230;<\/p>\n","protected":false},"author":1,"featured_media":1111,"comment_status":"open","ping_status":"open","sticky":false,"template":"","format":"standard","meta":{"footnotes":""},"categories":[34],"tags":[],"class_list":["post-1107","post","type-post","status-publish","format-standard","has-post-thumbnail","hentry","category-magazin"],"_links":{"self":[{"href":"https:\/\/gundem44.com.tr\/index.php?rest_route=\/wp\/v2\/posts\/1107","targetHints":{"allow":["GET"]}}],"collection":[{"href":"https:\/\/gundem44.com.tr\/index.php?rest_route=\/wp\/v2\/posts"}],"about":[{"href":"https:\/\/gundem44.com.tr\/index.php?rest_route=\/wp\/v2\/types\/post"}],"author":[{"embeddable":true,"href":"https:\/\/gundem44.com.tr\/index.php?rest_route=\/wp\/v2\/users\/1"}],"replies":[{"embeddable":true,"href":"https:\/\/gundem44.com.tr\/index.php?rest_route=%2Fwp%2Fv2%2Fcomments&post=1107"}],"version-history":[{"count":1,"href":"https:\/\/gundem44.com.tr\/index.php?rest_route=\/wp\/v2\/posts\/1107\/revisions"}],"predecessor-version":[{"id":1110,"href":"https:\/\/gundem44.com.tr\/index.php?rest_route=\/wp\/v2\/posts\/1107\/revisions\/1110"}],"wp:featuredmedia":[{"embeddable":true,"href":"https:\/\/gundem44.com.tr\/index.php?rest_route=\/wp\/v2\/media\/1111"}],"wp:attachment":[{"href":"https:\/\/gundem44.com.tr\/index.php?rest_route=%2Fwp%2Fv2%2Fmedia&parent=1107"}],"wp:term":[{"taxonomy":"category","embeddable":true,"href":"https:\/\/gundem44.com.tr\/index.php?rest_route=%2Fwp%2Fv2%2Fcategories&post=1107"},{"taxonomy":"post_tag","embeddable":true,"href":"https:\/\/gundem44.com.tr\/index.php?rest_route=%2Fwp%2Fv2%2Ftags&post=1107"}],"curies":[{"name":"wp","href":"https:\/\/api.w.org\/{rel}","templated":true}]}}