{"id":1103,"date":"2026-08-05T13:01:31","date_gmt":"2026-08-05T13:01:31","guid":{"rendered":"https:\/\/gundem44.com.tr\/?p=1103"},"modified":"2026-08-05T13:01:31","modified_gmt":"2026-08-05T13:01:31","slug":"istanbul-festivalinde-serdar-ortac-ruzgari-binlerce-hayrani-hit-sarkilarla-costu","status":"publish","type":"post","link":"https:\/\/gundem44.com.tr\/?p=1103","title":{"rendered":"\u0130stanbul Festivali&#8217;nde Serdar Orta\u00e7 R\u00fczgar\u0131! Binlerce Hayran\u0131 Hit \u015eark\u0131larla Co\u015ftu"},"content":{"rendered":"\n<p class=\"wp-block-paragraph\">Focus \u0130stanbul Etkinlik Y\u00f6netimi taraf\u0131ndan bu y\u0131l be\u015finci kez d\u00fczenlenen <strong>\u0130stanbul Festivali<\/strong>, 4 A\u011fustos ak\u015fam\u0131 T\u00fcrk pop m\u00fczi\u011finin sevilen ismi <strong>Serdar Orta\u00e7<\/strong> i\u00e7in haz\u0131rlanan \u00f6zel geceyle m\u00fczikseverlere unutulmaz anlar ya\u015fatt\u0131.<\/p>\n\n\n\n<p class=\"wp-block-paragraph\">Sunuculu\u011funu <strong>Eser Yenenler<\/strong>&#8216;in \u00fcstlendi\u011fi gecede ilk olarak DJ <strong>Emrah Karaduman<\/strong> sahne ald\u0131. Ard\u0131ndan <strong>Kibariye, Melis Fis, Ekin Uzunlar, Nazl\u0131 Senem, Mustafa Mert Ko\u00e7, Elif Afra K\u0131l\u0131\u00e7, \u00c7a\u011flayan Topalo\u011flu, Mela Bedel<\/strong> ve <strong>Karma<\/strong> grubu, Serdar Orta\u00e7&#8217;\u0131n haf\u0131zalara kaz\u0131nan hit \u015fark\u0131lar\u0131n\u0131 festival alan\u0131n\u0131 dolduran binlerce ki\u015fi i\u00e7in seslendirdi.<\/p>\n\n\n\n<p class=\"wp-block-paragraph\">Eser Yenenler&#8217;in anonsuyla sahneye \u00e7\u0131kan <strong>Serdar Orta\u00e7<\/strong>, &#8220;Sana De\u011fmez&#8221;, &#8220;G\u0131ybet&#8221;, &#8220;\u0130ki Deli&#8221;, &#8220;Karabiberim&#8221;, &#8220;Ne Olur Gitme&#8221; ve &#8220;Po\u015fet&#8221; gibi sevilen eserlerini seslendirirken festival alan\u0131 adeta dev bir koroya d\u00f6n\u00fc\u015ft\u00fc. Binlerce hayran\u0131, Orta\u00e7&#8217;\u0131n \u015fark\u0131lar\u0131na hep bir a\u011f\u0131zdan e\u015flik ederek geceye unutulmaz bir atmosfer katt\u0131.<\/p>\n\n\n\n<p class=\"wp-block-paragraph\">Gecenin en b\u00fcy\u00fck s\u00fcrprizlerinden biri ise <strong>Kibariye<\/strong> oldu. Usta sanat\u00e7\u0131, Serdar Orta\u00e7&#8217;\u0131n sevilen eserlerinden <strong>&#8220;Kanas\u0131n&#8221;<\/strong> ile sahneye \u00e7\u0131karak g\u00fc\u00e7l\u00fc yorumu ve etkileyici performans\u0131yla b\u00fcy\u00fck alk\u0131\u015f toplad\u0131.<\/p>\n\n\n\n<p class=\"wp-block-paragraph\">Hem oyunculu\u011fu hem de m\u00fczik kariyeriyle ad\u0131ndan s\u00f6z ettiren <strong>Mustafa Mert Ko\u00e7<\/strong>, &#8220;Heyecan&#8221; \u015fark\u0131s\u0131n\u0131 arabesk yorumuyla seslendirerek izleyicilerden tam not ald\u0131. Festival alan\u0131ndaki binlerce ki\u015fi performans boyunca sanat\u00e7\u0131ya e\u015flik etti.<\/p>\n\n\n\n<p class=\"wp-block-paragraph\">Son d\u00f6nemin y\u00fckselen isimlerinden <strong>Melis Fis<\/strong> ise enerjik sahne performans\u0131yla dikkat \u00e7ekti. &#8220;Zor&#8221; \u015fark\u0131s\u0131n\u0131 seslendiren gen\u00e7 sanat\u00e7\u0131, m\u00fczik kariyerindeki \u00e7\u0131k\u0131\u015f\u0131nda Serdar Orta\u00e7&#8217;\u0131n kendisine u\u011fur getirdi\u011fini ifade etti.<\/p>\n\n\n\n<figure class=\"wp-block-image size-full\"><img loading=\"lazy\" decoding=\"async\" width=\"640\" height=\"426\" src=\"https:\/\/gundem44.com.tr\/wp-content\/uploads\/2026\/08\/istanbul-festivalinde-serdar-o-87302541-2251_1_m.webp\" alt=\"\" class=\"wp-image-1105\" srcset=\"https:\/\/gundem44.com.tr\/wp-content\/uploads\/2026\/08\/istanbul-festivalinde-serdar-o-87302541-2251_1_m.webp 640w, https:\/\/gundem44.com.tr\/wp-content\/uploads\/2026\/08\/istanbul-festivalinde-serdar-o-87302541-2251_1_m-300x200.webp 300w, https:\/\/gundem44.com.tr\/wp-content\/uploads\/2026\/08\/istanbul-festivalinde-serdar-o-87302541-2251_1_m-600x400.webp 600w\" sizes=\"auto, (max-width: 640px) 100vw, 640px\" \/><\/figure>\n\n\n\n<p class=\"wp-block-paragraph\">Festivalde ayr\u0131ca <strong>Nazl\u0131 Senem<\/strong> &#8220;Haks\u0131zl\u0131k&#8221;, <strong>\u00c7a\u011flayan Topalo\u011flu<\/strong> &#8220;Yar Diye Diye&#8221;, <strong>Ekin Uzunlar<\/strong> ise kemen\u00e7e e\u015fli\u011finde seslendirdi\u011fi &#8220;Ben Adam Olmam&#8221; performans\u0131yla b\u00fcy\u00fck be\u011feni toplad\u0131. <strong>Mela Bedel<\/strong> &#8220;Bilsem Ki&#8221; ile duygusal anlar ya\u015fat\u0131rken, <strong>Elif Afra K\u0131l\u0131\u00e7<\/strong> ve <strong>Serhat Durmu\u015f<\/strong> dans performans\u0131yla geceye renk katt\u0131. Pop m\u00fczi\u011finin yeni grubu <strong>Karma<\/strong> ise Serdar Orta\u00e7 imzal\u0131 yeni \u015fark\u0131lar\u0131 <strong>&#8220;Ta Burama Geldi&#8221;<\/strong> ile sahne ald\u0131.<\/p>\n\n\n\n<p class=\"wp-block-paragraph\">M\u00fczik dolu gecenin yan\u0131 s\u0131ra \u0130stanbul Festivali; Gen\u00e7 Sahne etkinlikleri, DJ performanslar\u0131, dans g\u00f6sterileri, 3&#215;3 basketbol turnuvalar\u0131, marka deneyim alanlar\u0131, \u00e7ocuk etkinlikleri ve zengin gastronomi se\u00e7enekleriyle her ya\u015ftan ziyaret\u00e7iye g\u00fcn boyu e\u011flence sunmaya devam ediyor.<\/p>\n\n\n\n<p class=\"wp-block-paragraph\"><\/p>\n","protected":false},"excerpt":{"rendered":"<p>Focus \u0130stanbul Etkinlik Y\u00f6netimi taraf\u0131ndan bu y\u0131l be\u015finci kez d\u00fczenlenen \u0130stanbul Festivali, 4 A\u011fustos ak\u015fam\u0131&#8230;<\/p>\n","protected":false},"author":1,"featured_media":1104,"comment_status":"open","ping_status":"open","sticky":false,"template":"","format":"standard","meta":{"footnotes":""},"categories":[34],"tags":[],"class_list":["post-1103","post","type-post","status-publish","format-standard","has-post-thumbnail","hentry","category-magazin"],"_links":{"self":[{"href":"https:\/\/gundem44.com.tr\/index.php?rest_route=\/wp\/v2\/posts\/1103","targetHints":{"allow":["GET"]}}],"collection":[{"href":"https:\/\/gundem44.com.tr\/index.php?rest_route=\/wp\/v2\/posts"}],"about":[{"href":"https:\/\/gundem44.com.tr\/index.php?rest_route=\/wp\/v2\/types\/post"}],"author":[{"embeddable":true,"href":"https:\/\/gundem44.com.tr\/index.php?rest_route=\/wp\/v2\/users\/1"}],"replies":[{"embeddable":true,"href":"https:\/\/gundem44.com.tr\/index.php?rest_route=%2Fwp%2Fv2%2Fcomments&post=1103"}],"version-history":[{"count":1,"href":"https:\/\/gundem44.com.tr\/index.php?rest_route=\/wp\/v2\/posts\/1103\/revisions"}],"predecessor-version":[{"id":1106,"href":"https:\/\/gundem44.com.tr\/index.php?rest_route=\/wp\/v2\/posts\/1103\/revisions\/1106"}],"wp:featuredmedia":[{"embeddable":true,"href":"https:\/\/gundem44.com.tr\/index.php?rest_route=\/wp\/v2\/media\/1104"}],"wp:attachment":[{"href":"https:\/\/gundem44.com.tr\/index.php?rest_route=%2Fwp%2Fv2%2Fmedia&parent=1103"}],"wp:term":[{"taxonomy":"category","embeddable":true,"href":"https:\/\/gundem44.com.tr\/index.php?rest_route=%2Fwp%2Fv2%2Fcategories&post=1103"},{"taxonomy":"post_tag","embeddable":true,"href":"https:\/\/gundem44.com.tr\/index.php?rest_route=%2Fwp%2Fv2%2Ftags&post=1103"}],"curies":[{"name":"wp","href":"https:\/\/api.w.org\/{rel}","templated":true}]}}